{"id":85049,"date":"2025-09-01T00:57:11","date_gmt":"2025-09-01T00:57:11","guid":{"rendered":"https:\/\/www.europesays.com\/es\/85049\/"},"modified":"2025-09-01T00:57:11","modified_gmt":"2025-09-01T00:57:11","slug":"este-es-el-1x1-y-las-notas-del-malaga-cf-ante-la-ud-las-palmas","status":"publish","type":"post","link":"https:\/\/www.europesays.com\/es\/85049\/","title":{"rendered":"Este es el 1\u00d71 y las notas del M\u00e1laga CF ante la UD Las Palmas"},"content":{"rendered":"<p><a href=\"https:\/\/www.merchanendirecto.es\/wp-content\/uploads\/2025\/08\/1X1-NOTAS-LAS-PALMAS-MALAGA.webp\" data-caption=\"Dise\u00f1o: Alba Arquillos Torres\" rel=\"nofollow noopener\" target=\"_blank\"><img loading=\"lazy\" decoding=\"async\" width=\"696\" height=\"392\" class=\"entry-thumb td-modal-image\" src=\"https:\/\/www.europesays.com\/es\/wp-content\/uploads\/2025\/09\/1X1-NOTAS-LAS-PALMAS-MALAGA-696x392.webp.webp\"   alt=\"\" title=\"1X1 NOTAS LAS PALMAS MALAGA\"\/><\/a>Dise\u00f1o: Alba Arquillos Torres<\/p>\n<p><a href=\"https:\/\/www.merchanendirecto.es\/malaga-cf\/cronica-rafa-lanza-de-un-misilazo-al-malaga-cf-a-zona-playoff\/\" target=\"_blank\" rel=\"noreferrer noopener nofollow\">Primer partido a domicilio y segunda victoria para el equipo de Sergio Pellicer en LaLiga Hypermotion 2025\/2026.<\/a> Tres puntos despu\u00e9s de otro <strong>golazo de Rafa Rodr\u00edguez<\/strong> por segundo encuentro consecutivo, esta vez desde fuera del \u00e1rea. <strong>Este es el 1\u00d71 y las notas del M\u00e1laga CF ante la UD Las Palmas. <\/strong><\/p>\n<p><strong>ALFONSO HERRERO (7):\u00a0<\/strong>Muy buena actuaci\u00f3n del meta toledano. Aportando mucha seguridad como cerrojo malaguista. Porter\u00eda a cero y seis paradas. <\/p>\n<p><strong>CARLOS PUGA (7):<\/strong>\u00a0Trabajo y compromiso escenificado. Desfondado por completo. Desesper\u00f3 y opac\u00f3 por completo a su par. <\/p>\n<p><strong>JAVI MONTERO (7,5):\u00a0<\/strong>Despej\u00f3 todo lo que lleg\u00f3 a su zona. Muy seguro. Hizo muy buena pareja con Murillo. <\/p>\n<p><strong>MURILLO (7,5):\u00a0<\/strong>Muy r\u00e1pido y t\u00e9cnico. Se aclimat\u00f3 muy bien a Montero y se compenetraron a la perfecci\u00f3n. Dejaron sin protagonismo a los  delanteros rivales. <\/p>\n<p><strong>V\u00cdCTOR GARC\u00cdA (3):\u00a0<\/strong>Superado, impreciso y con errores. Un error grosero en forma de mano en \u00e1rea propia pudo cambiar el rumbo del partido. Un fuera de juego le salv\u00f3 de la expulsi\u00f3n. Muy nervioso. Sustituido al descanso. <\/p>\n<p><strong>JUANPE (7):\u00a0<\/strong>De nuevo aport\u00f3 calma. Estuvo correcto y acertado en defensa. Dio continuidad a sus buenos minutos ante la Real Sociedad B. Asisti\u00f3 a Rafa en el gol. <\/p>\n<p><strong>IZAN MERINO (6,5): <\/strong>Solo err\u00f3 dos pases en el partido. Se mantuvo en su buena l\u00ednea. Equilibrio\u00a0del equipo. <\/p>\n<p><strong>RAFA R. (8):\u00a0<\/strong>Con un misil desde fuera del \u00e1rea dio de nuevo el triunfo a los blanquiazules. Su aportaci\u00f3n goleadora en el f\u00fatbol profesional con respecto a sus minutos es sensacional. <\/p>\n<p><strong>LARRUBIA (7,5):<\/strong> Siempre da continuidad a las jugadas. Desborde y mucha calidad. Ganador de duelos. Le llegar\u00e1n las cifras. <\/p>\n<p><strong>JOAQU\u00cdN MU\u00d1OZ (6,5): <\/strong>Tuvo la sentencia en un mano a mano que se le march\u00f3 al lateral de la red. Veloz y vertical. \u00a0<\/p>\n<p><strong>CHUPETE (6):<\/strong>\u00a0Trabajo encomiable e invisible sin bal\u00f3n, pero necesario. Aun as\u00ed, le cost\u00f3 contra Mika M\u00e1rmol y Barcia. No pudo brillar.  <\/p>\n<p>\u2014\u2014\u2014\u2014\u2014\u2014\u2014\u2014\u2014\u2014\u2014\u2014\u2014\u2014\u2014\u2014\u2014\u2014\u2014\u2014\u2014\u2014\u2014\u2014\u2014\u2014\u2014<\/p>\n<p><strong>DANI S. (6): <\/strong>Bien en defensa. Lanz\u00f3 bien a Lobete cuando tuvo oportunidad, pero su labor fue m\u00e1s defensiva. <\/p>\n<p><strong>CARLOS DOTOR (6):<\/strong> Buen trabajo del madrile\u00f1o. Gran compromiso defensivo. <\/p>\n<p><strong>LOBETE (4): <\/strong>Le sobra un toque en la mayor\u00eda de acciones. Le falt\u00f3 mucha calidad en los \u00faltimos metros. Tuvo buenas situaciones que no aprovech\u00f3. <\/p>\n<p><strong>A. NI\u00d1O (5):<\/strong> Trabajo en la sombra con un M\u00e1laga muy hundido. Gan\u00f3 tres de cuatro duelos, pero al igual que Lobete le falt\u00f3 atino en el \u00faltimo tercio para cerrar el partido. <\/p>\n<p><strong>EINAR G. (S\/N) <\/strong><\/p>\n<p>\u2014\u2014\u2014\u2014\u2014\u2014\u2014\u2014\u2014\u2014\u2014\u2014\u2014\u2014\u2014\u2014\u2014\u2014\u2014\u2014\u2014\u2014\u2014\u2014\u2014<\/p>\n<p><strong>PELLICER (6):\u00a0<\/strong>El planteamiento inicial fue valiente. El equipo presionaba arriba y recuper\u00f3 en zona alta en varias ocasiones. En la segunda parte opt\u00f3 por un planteamiento m\u00e1s conservador. El equipo no sufri\u00f3 y hasta el momento est\u00e1 siendo efectivo. <\/p>\n","protected":false},"excerpt":{"rendered":"Dise\u00f1o: Alba Arquillos Torres Primer partido a domicilio y segunda victoria para el equipo de Sergio Pellicer en&hellip;\n","protected":false},"author":2,"featured_media":85050,"comment_status":"","ping_status":"","sticky":false,"template":"","format":"standard","meta":{"footnotes":""},"categories":[268],"tags":[10306,168,25,24,280,282,4174,1963,17754,281,23,167,4406],"class_list":{"0":"post-85049","1":"post","2":"type-post","3":"status-publish","4":"format-standard","5":"has-post-thumbnail","7":"category-futbol","8":"tag-1x1","9":"tag-deportes","10":"tag-es","11":"tag-espana","12":"tag-football","13":"tag-futbol","14":"tag-laliga-hypermotion","15":"tag-malaga-cf","16":"tag-notas","17":"tag-soccer","18":"tag-spain","19":"tag-sports","20":"tag-ud-las-palmas"},"share_on_mastodon":{"url":"","error":""},"_links":{"self":[{"href":"https:\/\/www.europesays.com\/es\/wp-json\/wp\/v2\/posts\/85049","targetHints":{"allow":["GET"]}}],"collection":[{"href":"https:\/\/www.europesays.com\/es\/wp-json\/wp\/v2\/posts"}],"about":[{"href":"https:\/\/www.europesays.com\/es\/wp-json\/wp\/v2\/types\/post"}],"author":[{"embeddable":true,"href":"https:\/\/www.europesays.com\/es\/wp-json\/wp\/v2\/users\/2"}],"replies":[{"embeddable":true,"href":"https:\/\/www.europesays.com\/es\/wp-json\/wp\/v2\/comments?post=85049"}],"version-history":[{"count":0,"href":"https:\/\/www.europesays.com\/es\/wp-json\/wp\/v2\/posts\/85049\/revisions"}],"wp:featuredmedia":[{"embeddable":true,"href":"https:\/\/www.europesays.com\/es\/wp-json\/wp\/v2\/media\/85050"}],"wp:attachment":[{"href":"https:\/\/www.europesays.com\/es\/wp-json\/wp\/v2\/media?parent=85049"}],"wp:term":[{"taxonomy":"category","embeddable":true,"href":"https:\/\/www.europesays.com\/es\/wp-json\/wp\/v2\/categories?post=85049"},{"taxonomy":"post_tag","embeddable":true,"href":"https:\/\/www.europesays.com\/es\/wp-json\/wp\/v2\/tags?post=85049"}],"curies":[{"name":"wp","href":"https:\/\/api.w.org\/{rel}","templated":true}]}}