{"id":85081,"date":"2025-09-01T01:22:08","date_gmt":"2025-09-01T01:22:08","guid":{"rendered":"https:\/\/www.europesays.com\/es\/85081\/"},"modified":"2025-09-01T01:22:08","modified_gmt":"2025-09-01T01:22:08","slug":"asi-afronta-el-pintor-de-grado-alberto-mendivil-su-proxima-exposicion-en-madrid","status":"publish","type":"post","link":"https:\/\/www.europesays.com\/es\/85081\/","title":{"rendered":"as\u00ed afronta el pintor de Grado Alberto Mend\u00edvil su pr\u00f3xima exposici\u00f3n en Madrid"},"content":{"rendered":"<p class=\"ft-text\">El pintor de\u00a0Grado\u00a0Alberto Mend\u00edvil inaugurar\u00e1 el pr\u00f3ximo octubre en Madrid la exposici\u00f3n \u00abPinturas Acr\u00edlicas Recientes\u00bb. El artista, afincado en la capital\u00a0moscona\u00a0y con or\u00edgenes familiares en el municipio, ha seleccionado 70 cuadros con los que quiere mostrar su evoluci\u00f3n creativa en los \u00faltimos a\u00f1os.<\/p>\n<p class=\"ft-text\">\u00abSon trabajos recientes, desde 2021, para que el p\u00fablico pueda ver la diferencia que hay en tan poco tiempo, con una propuesta que cambia texturas y colores, y refleja el momento an\u00edmico que he vivido durante este tiempo\u00bb, comenta.<\/p>\n<p class=\"ft-text\">Mend\u00edvil est\u00e1 muy ilusionado con la muestra en la capital, donde naci\u00f3 y adonde llega ahora \u00abcomo un guerrero solitario a la aventura de Madrid\u00bb. La pandemia trajo consigo un confinamiento que, en su caso,\u00a0alter\u00f3\u00a0modos y costumbres: \u00abLa pandemia se tradujo en aislarse m\u00e1s y, por lo tanto, trabajar m\u00e1s y estar m\u00e1s concentrado; tambi\u00e9n me siento m\u00e1s libre y creativo. Es el momento de mayor tranquilidad de mi vida\u00bb, afirma.<\/p>\n<p class=\"ft-text\">La muestra se abrir\u00e1 del 3 al 18 de octubre en el Espacio Jovellanos de Madrid, en horario de 11.00 a 14.00 y de 17.00 a 21.00 horas, con entrada libre. \u00abVoy muy contento, estoy embalando todo, pero no he dejado de pintar\u00bb, advierte. Adem\u00e1s, avanza que est\u00e1 pensando en mostrar la exposici\u00f3n en Grado el pr\u00f3ximo a\u00f1o.<\/p>\n","protected":false},"excerpt":{"rendered":"El pintor de\u00a0Grado\u00a0Alberto Mend\u00edvil inaugurar\u00e1 el pr\u00f3ximo octubre en Madrid la exposici\u00f3n \u00abPinturas Acr\u00edlicas Recientes\u00bb. El artista, afincado&hellip;\n","protected":false},"author":2,"featured_media":85082,"comment_status":"","ping_status":"","sticky":false,"template":"","format":"standard","meta":{"footnotes":""},"categories":[173],"tags":[1399,229,233,231,230,232,234,146,147,25,24,6057,2003,31641,3442,4648,205,5695,475,8155,23],"class_list":{"0":"post-85081","1":"post","2":"type-post","3":"status-publish","4":"format-standard","5":"has-post-thumbnail","7":"category-arte-y-diseno","8":"tag-afronta","9":"tag-arte","10":"tag-arte-y-diseno","11":"tag-arts","12":"tag-arts-and-design","13":"tag-design","14":"tag-diseno","15":"tag-entertainment","16":"tag-entretenimiento","17":"tag-es","18":"tag-espana","19":"tag-evolucion","20":"tag-exposicion","21":"tag-grado","22":"tag-guerrero","23":"tag-libre","24":"tag-madrid","25":"tag-pandemia","26":"tag-pintor","27":"tag-solitario","28":"tag-spain"},"share_on_mastodon":{"url":"","error":""},"_links":{"self":[{"href":"https:\/\/www.europesays.com\/es\/wp-json\/wp\/v2\/posts\/85081","targetHints":{"allow":["GET"]}}],"collection":[{"href":"https:\/\/www.europesays.com\/es\/wp-json\/wp\/v2\/posts"}],"about":[{"href":"https:\/\/www.europesays.com\/es\/wp-json\/wp\/v2\/types\/post"}],"author":[{"embeddable":true,"href":"https:\/\/www.europesays.com\/es\/wp-json\/wp\/v2\/users\/2"}],"replies":[{"embeddable":true,"href":"https:\/\/www.europesays.com\/es\/wp-json\/wp\/v2\/comments?post=85081"}],"version-history":[{"count":0,"href":"https:\/\/www.europesays.com\/es\/wp-json\/wp\/v2\/posts\/85081\/revisions"}],"wp:featuredmedia":[{"embeddable":true,"href":"https:\/\/www.europesays.com\/es\/wp-json\/wp\/v2\/media\/85082"}],"wp:attachment":[{"href":"https:\/\/www.europesays.com\/es\/wp-json\/wp\/v2\/media?parent=85081"}],"wp:term":[{"taxonomy":"category","embeddable":true,"href":"https:\/\/www.europesays.com\/es\/wp-json\/wp\/v2\/categories?post=85081"},{"taxonomy":"post_tag","embeddable":true,"href":"https:\/\/www.europesays.com\/es\/wp-json\/wp\/v2\/tags?post=85081"}],"curies":[{"name":"wp","href":"https:\/\/api.w.org\/{rel}","templated":true}]}}