{"id":85093,"date":"2025-09-01T01:29:08","date_gmt":"2025-09-01T01:29:08","guid":{"rendered":"https:\/\/www.europesays.com\/es\/85093\/"},"modified":"2025-09-01T01:29:08","modified_gmt":"2025-09-01T01:29:08","slug":"la-delgada-linea-jonda-entre-los-planetas-y-tomatito","status":"publish","type":"post","link":"https:\/\/www.europesays.com\/es\/85093\/","title":{"rendered":"la delgada l\u00ednea jonda entre Los Planetas y Tomatito"},"content":{"rendered":"<p style=\"\">Poco antes de salir al balc\u00f3n el s\u00e1bado a mediod\u00eda, <a href=\"https:\/\/www.abc.es\/cultura\/musica\/tomatito-flamenco-salud-musica-raiz-moda-20250714144928-vi.html\" target=\"_self\" data-voc-vtm-id=\"in-text-traffic\" title=\"Tomatito\" data-mrf-link=\"www.abc.es\" rel=\"nofollow noopener\">Tomatito<\/a> aguarda relajado con su familia, en presencia de ABC, en el sal\u00f3n noble del Ayuntamiento de Pamplona. El guitarrista pasea de un lado a otro con la guitarra entre las manos, hasta que  &#8230; se detiene y comenta a los que est\u00e1n a su lado: \u00abEs que alucino cada vez que vengo con la cantidad de gente que viene. Mira que he recorrido teatros y auditorios por todo el mundo, pero es que llego aqu\u00ed y mira\u2026 \u00a1uf!\u00bb.<\/p>\n<p class=\"voc-p\" style=\"\">El maestro se\u00f1ala a la <strong>Plaza Consistorial<\/strong>, all\u00e1 abajo, donde no cabe un alfiler. Parece un 6 de julio minutos antes del <a href=\"https:\/\/www.abc.es\/cultura\/toros\/chupinazo-san-fermin-directo-ultima-hora-ayuntamiento-20250706112641-di.html\" target=\"_self\" data-voc-vtm-id=\"in-text-traffic\" title=\"chupinazo de San Ferm\u00edn\" data-mrf-link=\"www.abc.es\" rel=\"nofollow noopener\">chupinazo de San Ferm\u00edn<\/a>, pero no. Es la cuarta y pen\u00faltima jornada del <strong>Flamenco On Fire<\/strong>, el festival que cada verano recuerda y homenajea, desde hace 12 a\u00f1os, al gran <a href=\"https:\/\/www.abc.es\/sevilla\/cultura\/sevi-conoci-sabicas-pero-no-jamaba-200712090300-1641462950280_noticia.html\" target=\"_self\" data-voc-vtm-id=\"in-text-traffic\" title=\"Agust\u00edn Castell\u00f3n, &#039;Sabicas&#039;,\" data-mrf-link=\"www.abc.es\" rel=\"nofollow noopener\">Agust\u00edn Castell\u00f3n, &#8216;Sabicas&#8217;,<\/a> el guitarrista navarro que, desde su exilio forzado en Estados Unidos, se convirti\u00f3 en el faro al que siguieron todos los guitarristas flamencos desde mediados del siglo XX hasta hoy, incluido <strong>Paco de Luc\u00eda<\/strong>. Hasta Enrique Morente reconoci\u00f3 que toda su generaci\u00f3n aprendi\u00f3 de \u00e9l \u00abpor correspondencia\u00bb.<\/p>\n<p class=\"voc-p\" style=\"\">Nada m\u00e1s sonar las campanadas de la 12.00 horas, Tomatito sale por fin al balc\u00f3n acompa\u00f1ado de su hijo, el tambi\u00e9n guitarrista <strong>Jos\u00e9 del Tomate<\/strong>. Se lanzan con las primeras notas de &#8216;<strong>La leyenda del tiempo<\/strong>&#8216; y la plaza se revuelve como si el mismo <a href=\"https:\/\/www.abc.es\/noticias\/camaron-de-la-isla\/\" target=\"_self\" data-voc-vtm-id=\"in-text-traffic\" title=\"Camar\u00f3n\" data-mrf-link=\"www.abc.es\" rel=\"nofollow noopener\">Camar\u00f3n<\/a> se hubiera presentado junto a su antiguo compa\u00f1ero de batallas. Los vecinos y visitantes ovacionan despu\u00e9s sus tangos y buler\u00edas.<\/p>\n<p class=\"voc-p\" style=\"\">Cuando acompa\u00f1amos a Tomatito a la salida del consistorio, tras esta breve actuaci\u00f3n gratuita que el festival ofrece cada d\u00eda, una veintena de guitarristas j\u00f3venes, tanto chicas como chicos, le esperan emocionados para que les firme sus guitarras. El en\u00e9simo triunfo del flamenco m\u00e1s all\u00e1 del sur, en esta edici\u00f3n que se clausur\u00f3 anoche con una nueva actuaci\u00f3n del almeriense en el Auditorio Baluarte, con las 1.500 entradas vendidas, y de la cantaora<strong> Roc\u00edo M\u00e1rquez,<\/strong> en la sala Zentral, junto al productor de m\u00fasica electr\u00f3nica Bronquio.<\/p>\n<p class=\"voc-p\" style=\"\">Ese mismo esp\u00edritu explorador que ya Sabicas cultiv\u00f3 de ni\u00f1o en su Pamplona natal y, sobre todo, en su largo exilio americano \u2013\u00absi no hubiera sido por la <a href=\"https:\/\/www.abc.es\/internacional\/siguen-aflorando-artefactos-guerra-civil-anos-despues-20250830115205-vi.html\" target=\"_self\" data-voc-vtm-id=\"in-text-traffic\" title=\"Guerra Civil\" data-mrf-link=\"www.abc.es\" rel=\"nofollow noopener\">Guerra Civil<\/a>, hoy vivir\u00eda en Espa\u00f1a\u00bb, reconoc\u00eda en 1989, un a\u00f1o antes de morir en Nueva York\u2013, es el que impregna todo el festival. El guitarrista navarro, ausente durante tres d\u00e9cadas de nuestra escena, realiz\u00f3 al otro lado del charco desde fascinantes solos de guitarra a obras con orquesta, actuaciones con saxofones, \u00e1lbumes acompa\u00f1ando a bailaores y cantaores hist\u00f3ricos y hasta un encuentro con el guitarrista de rock Joe Beck.<\/p>\n<p>\nC\u00f3ctel de estilos y artistas\n<\/p>\n<p class=\"voc-p\" style=\"\">Como si de un viaje desde la tradici\u00f3n a la modernidad se tratara, que arranc\u00f3 el martes con el ciclo <strong>&#8216;Tandal 1830\u20131925&#8217;,<\/strong> centrado en los or\u00edgenes del arte jondo, en Flamenco On Fire uno puede cruzarse con Tomatito llevando a sus nietos al concierto que<a href=\"https:\/\/www.abc.es\/cultura\/musica\/planetas-extasis-nostalgia-20241011101718-nt.html\" target=\"_self\" data-voc-vtm-id=\"in-text-traffic\" title=\" Los Planetas\" data-mrf-link=\"www.abc.es\" rel=\"nofollow noopener\"> Los Planetas<\/a> ofrecieron en el auditorio Baluarte, acompa\u00f1ados del pianista<strong> David Monta\u00f1\u00e9s<\/strong> y del guitarrista <strong>Edu Esp\u00edn<\/strong>, hijo de<strong> Carmen Linares<\/strong>, y pocos minutos despu\u00e9s ver a Jota llegar corriendo al concierto de La Macanita en el tablao de los Tres Reyes. <\/p>\n<p class=\"voc-p\" style=\"\">Los Planetas fueron presentados recordando a El Planeta, el primer cantaor del que se tiene referencia, muerto en M\u00e1laga en 1856. Y Jota y los suyos se lanzaron a exprimir su vertiente m\u00e1s andaluza, como si el rock fuera un palo m\u00e1s del flamenco. El auditorio se mostr\u00f3 una vez m\u00e1s encantado ante esta vuelta de tuerca al &#8216;indie&#8217; con sus particulares interpretaciones de los verdiales de <a href=\"https:\/\/www.abc.es\/cultura\/musica\/fosforito-muerte-persigue-20240602113208-nt.html\" target=\"_self\" data-voc-vtm-id=\"in-text-traffic\" title=\"Fosforito\" data-mrf-link=\"www.abc.es\" rel=\"nofollow noopener\">Fosforito<\/a>, los poemas de Lorca, los fandangos de Lucena o Morente y hasta, comenta Jota entre risas, un nuevo palo que se invent\u00f3 junto a Esp\u00edn: las alegr\u00edas de Granada.<\/p>\n<p class=\"voc-p\" style=\"\">Uno tambi\u00e9n puede acercarse al Palacio Ezpeleta, del siglo XIII, para ver a <strong>Esperanza Rancapino<\/strong> o<strong> Manuel de la Tomasa<\/strong> dej\u00e1ndose la garganta a golpe de buler\u00edas y alegr\u00edas de C\u00e1diz y asistir despu\u00e9s a una sesi\u00f3n de m\u00fasica experimental del productor <strong>Fernando Vacas<\/strong>, colaborador anta\u00f1o de nombres como Rosal\u00eda o Sonic Youth, a base de samples extra\u00eddos de primeros discos de flamenco registrados a finales del siglo XIX. Y todo en perfecta armon\u00eda.<\/p>\n<p><img decoding=\"async\" loading=\"lazy\" src=\"https:\/\/s3.abcstatics.com\/abc\/www\/multimedia\/cultura\/2025\/09\/01\/planetas-U16015883612JHp-760x427@diario_abc.jpg\" class=\"voc-img\" width=\"760\" height=\"427\" alt=\"Los Planetas, durante la actuaci\u00f3n\" data-voc-vtm-id=\"in-text-traffic\"\/><\/p>\n<p>Los Planetas, durante la actuaci\u00f3n<\/p>\n<p>ABC<\/p>\n<p class=\"voc-p\" style=\"\">Me cruzo con un matrimonio, nacidos ambos en Pamplona hace 70 a\u00f1os, que se dirigen al concierto de <strong>Fernando Canela<\/strong> ayer en el balc\u00f3n del Ayuntamiento. La plaza est\u00e1 llena de vecinos un d\u00eda m\u00e1s. El cantaor comienza con unas alegr\u00edas de C\u00e1diz, su tierra, dedicadas a todo los pamploneses. El norte celebrando el sur, y el sur, agradeciendo al norte. El marido me comenta la vida que el festival le da cada a\u00f1o a esta ciudad \u00abtan acostumbrada, desde siempre, a la cultura callejera\u00bb.<\/p>\n<p class=\"voc-p\" style=\"\">Lo mismo ocurri\u00f3 el viernes con<strong> La Macanita<\/strong>, en el mismo epicentro del chupinazo, abarrotado y escuchando con atenci\u00f3n a la cantaora jerezana, junto al guitarrista <a href=\"https:\/\/www.abc.es\/sevilla\/cultura\/manuel-valencia-salvar-vida-guitarra-20230309071151-nts.html\" target=\"_self\" data-voc-vtm-id=\"in-text-traffic\" title=\"Manuel Valencia\" data-mrf-link=\"www.abc.es\" rel=\"nofollow noopener\">Manuel Valencia<\/a>. Sonaron la seguiriya de Manuel Torre, unas buler\u00edas y unas marianas. Se escucharon algunos \u00ab\u00a1oles!\u00bb, pero muchos m\u00e1s \u00ab\u00a1qu\u00e9 chulo!\u00bb y un \u00ab\u00a1dale, Macanita, dale!\u00bb. <\/p>\n<p class=\"voc-p\" style=\"\">Tomatito asiste a todos los conciertos cual periodista, casi siempre, escondido en una esquina del escenario, dando palmas y sonriendo cuando, por ejemplo, Manuel de la Tomasa y<a href=\"https:\/\/www.abc.es\/cultura\/musica\/david-arahal-nino-tocaba-palos-guitarra-ponia-20241029192508-nt.html\" target=\"_self\" data-voc-vtm-id=\"in-text-traffic\" title=\" David de Arahal\" data-mrf-link=\"www.abc.es\" rel=\"nofollow noopener\"> David de Arahal<\/a> se arrancan por bamberas, grana\u00ednas o tangos extreme\u00f1os en el Palacio de Ezpeleta. Hay aficionados subidos a la valla exterior tras haberse agotado el aforo. En la misma esquina estaba Tomatito tambi\u00e9n dando palmas y grabando algunos cantes con el m\u00f3vil, al d\u00eda siguiente, de su sobrina, Esmeralda Rancapino. <\/p>\n<p class=\"voc-p\" style=\"\">A pesar del retraso de una hora por problemas t\u00e9cnicos, el s\u00e1bado por la noche tambi\u00e9n se llen\u00f3 el auditorio Baluarte para escuchar a<strong> Lela Soto,<\/strong> \u00c1ngeles Toledano y Mar\u00eda Terremoto. Una afluencia de p\u00fablico que, quiz\u00e1, Sabicas nunca hubiera imaginado en su ciudad a comienzos del siglo XX. Tampoco cuando, por fin, pudo regresar de Estados Unidos por primera vez y ser presentado en TVE en diciembre de 1968. El encargado fue el locutor de moda, <strong>Joaqu\u00edn Prat<\/strong>, en absoluto &#8216;prime time&#8217;: \u00abEl programa &#8216;Galas del S\u00e1bado&#8217; se honra en presentar ante ustedes, despu\u00e9s de 31 a\u00f1os de ausencia, al primer guitarrista flamenco de nuestro tiempo. Un pamplonica universal: Sabicas\u00bb.<\/p>\n","protected":false},"excerpt":{"rendered":"Poco antes de salir al balc\u00f3n el s\u00e1bado a mediod\u00eda, Tomatito aguarda relajado con su familia, en presencia&hellip;\n","protected":false},"author":2,"featured_media":85094,"comment_status":"","ping_status":"","sticky":false,"template":"","format":"standard","meta":{"footnotes":""},"categories":[91],"tags":[31642,146,147,25,24,5595,11925,31643,14240,2677,23,31644],"class_list":{"0":"post-85093","1":"post","2":"type-post","3":"status-publish","4":"format-standard","5":"has-post-thumbnail","7":"category-entretenimiento","8":"tag-delgada","9":"tag-entertainment","10":"tag-entretenimiento","11":"tag-es","12":"tag-espana","13":"tag-fire","14":"tag-flamenco","15":"tag-jonda","16":"tag-linea","17":"tag-planetas","18":"tag-spain","19":"tag-tomatito"},"share_on_mastodon":{"url":"","error":""},"_links":{"self":[{"href":"https:\/\/www.europesays.com\/es\/wp-json\/wp\/v2\/posts\/85093","targetHints":{"allow":["GET"]}}],"collection":[{"href":"https:\/\/www.europesays.com\/es\/wp-json\/wp\/v2\/posts"}],"about":[{"href":"https:\/\/www.europesays.com\/es\/wp-json\/wp\/v2\/types\/post"}],"author":[{"embeddable":true,"href":"https:\/\/www.europesays.com\/es\/wp-json\/wp\/v2\/users\/2"}],"replies":[{"embeddable":true,"href":"https:\/\/www.europesays.com\/es\/wp-json\/wp\/v2\/comments?post=85093"}],"version-history":[{"count":0,"href":"https:\/\/www.europesays.com\/es\/wp-json\/wp\/v2\/posts\/85093\/revisions"}],"wp:featuredmedia":[{"embeddable":true,"href":"https:\/\/www.europesays.com\/es\/wp-json\/wp\/v2\/media\/85094"}],"wp:attachment":[{"href":"https:\/\/www.europesays.com\/es\/wp-json\/wp\/v2\/media?parent=85093"}],"wp:term":[{"taxonomy":"category","embeddable":true,"href":"https:\/\/www.europesays.com\/es\/wp-json\/wp\/v2\/categories?post=85093"},{"taxonomy":"post_tag","embeddable":true,"href":"https:\/\/www.europesays.com\/es\/wp-json\/wp\/v2\/tags?post=85093"}],"curies":[{"name":"wp","href":"https:\/\/api.w.org\/{rel}","templated":true}]}}