{"id":85388,"date":"2025-09-01T04:36:03","date_gmt":"2025-09-01T04:36:03","guid":{"rendered":"https:\/\/www.europesays.com\/es\/85388\/"},"modified":"2025-09-01T04:36:03","modified_gmt":"2025-09-01T04:36:03","slug":"eldiario-es-pide-el-fin-de-los-asesinatos-de-periodistas-en-gaza-y-exige-el-acceso-de-la-prensa-internacional-a-la-franja","status":"publish","type":"post","link":"https:\/\/www.europesays.com\/es\/85388\/","title":{"rendered":"elDiario.es pide el fin de los asesinatos de periodistas en Gaza y exige el acceso de la prensa internacional a la Franja"},"content":{"rendered":"<p class=\"article-text\">\n        elDiario.es se une a una iniciativa global de Reporteros sin Fronteras y el movimiento ciudadano Avaaz (voz) contra el asesinato de periodistas en Gaza y el veto de Israel a la prensa extranjera en la Franja. M\u00e1s de 150 medios de comunicaci\u00f3n de cerca de 50 pa\u00edses se unen a la campa\u00f1a de este lunes bajo el lema \u201csi el Ej\u00e9rcito israel\u00ed sigue asesinando a periodistas a este ritmo, pronto no quedar\u00e1 nadie en Gaza para informarte\u201d.\n    <\/p>\n<p class=\"article-text\">\n        \u201cLa masacre contra los periodistas palestinos por parte del Ej\u00e9rcito de Israel es sistem\u00e1tica, deliberada y, peor, se comete con total impunidad, vulnerando todos los principios del derecho internacional humanitario\u201d, afirma RSF, organizaci\u00f3n que defiende la libertad de prensa en todo el mundo.\n    <\/p>\n<p class=\"article-text\">\n        \u201cEsta situaci\u00f3n intolerable, agravada por la prohibici\u00f3n a la prensa extranjera de acceder a Gaza \u2013un hecho ins\u00f3lito destinado a apuntalar el apag\u00f3n informativo en la Franja\u2013 amenaza con erradicar el periodismo en Gaza, vital para documentar los cr\u00edmenes del Ej\u00e9rcito israel\u00ed\u201d, advierte.\n    <\/p>\n<p class=\"article-text\">\n        La iniciativa surge despu\u00e9s de que cerca de 250 periodistas hayan sido asesinados, seg\u00fan datos del Gobierno gazat\u00ed, controlado por Ham\u00e1s. Los \u00faltimos se produjeron en <a href=\"https:\/\/www.eldiario.es\/internacional\/israel-ataca-hospital-sur-gaza-mata-cuatro-periodistas_1_12554270.html\" target=\"_blank\" data-mrf-recirculation=\"links-noticia\" class=\"link\" rel=\"nofollow noopener\">un ataque deliberado<\/a> contra el Hospital Nasser el pasado 25 de agosto: eran Hossam al Masri (Reuters), Mariam Abu Daqqa (Associated Press), Moaz Abu Taha (NBC), Mohamad Salama (Al Jazeera) y Ahmed Abu Aziz (prensa local). Unas dos semanas antes, otros seis periodistas perdieron la vida en otro ataque selectivo dirigido contra el reportero de Al Jazeera <a href=\"https:\/\/www.eldiario.es\/internacional\/israel-mata-cuatro-periodistas-gaza-palestino-anas-sharif_1_12526759.html\" target=\"_blank\" data-mrf-recirculation=\"links-noticia\" class=\"link\" rel=\"nofollow noopener\">Anas Al Sharif<\/a>.\n    <\/p>\n<p class=\"article-text\">\n        Para honrar su memoria y la de tantos otros, este lunes 1 de septiembre, <a href=\"http:\/\/eldiario.es\" target=\"_blank\" data-mrf-recirculation=\"links-noticia\" class=\"link\" rel=\"nofollow noopener\">elDiario.es<\/a> y otros medios espa\u00f1oles as\u00ed como de Reino Unido, Francia, Alemania, B\u00e9lgica, Brasil, Italia, Ucrania, etc. van a difundir mensajes y otros contenidos informativos para denunciar la situaci\u00f3n de la prensa en Gaza, donde los compa\u00f1eros y compa\u00f1eras gazat\u00edes son los \u00fanicos testigos directos y est\u00e1n pagando un elevado precio por documentar los cr\u00edmenes cometidos por Israel en los \u00faltimos 22 meses.\n    <\/p>\n<p class=\"article-text\">\n        En este tiempo, RSF ha presentado <a href=\"https:\/\/rsf-es.org\/gaza-rsf-presenta-ante-la-cpi-su-cuarta-denuncia-en-un-ano-por-crimenes-de-guerra-de-israel-contra-periodistas\/\" target=\"_blank\" data-mrf-recirculation=\"links-noticia\" class=\"link\" rel=\"nofollow noopener\">cuatro denuncias<\/a> ante la Corte Penal Internacional por lo que considera \u201ccr\u00edmenes de guerra\u201d cometidos por el Ej\u00e9rcito israel\u00ed contra periodistas en la Franja de Gaza.\n    <\/p>\n","protected":false},"excerpt":{"rendered":"elDiario.es se une a una iniciativa global de Reporteros sin Fronteras y el movimiento ciudadano Avaaz (voz) contra&hellip;\n","protected":false},"author":2,"featured_media":85389,"comment_status":"","ping_status":"","sticky":false,"template":"","format":"standard","meta":{"footnotes":""},"categories":[42],"tags":[1666,1154,17,18,13612,5820,13,14,29986,694,11,61,62,63,64,19,20,9,10,15,16,4041,34,2330,12,21,22,65,66,67],"class_list":{"0":"post-85388","1":"post","2":"type-post","3":"status-publish","4":"format-standard","5":"has-post-thumbnail","7":"category-internacional","8":"tag-acceso","9":"tag-asesinatos","10":"tag-breaking-news","11":"tag-breakingnews","12":"tag-eldiario","13":"tag-exige","14":"tag-featured-news","15":"tag-featurednews","16":"tag-franja","17":"tag-gaza","18":"tag-headlines","19":"tag-internacional","20":"tag-international","21":"tag-international-news","22":"tag-internationalnews","23":"tag-latest-news","24":"tag-latestnews","25":"tag-news","26":"tag-noticias","27":"tag-noticias-destacadas","28":"tag-noticiasdestacadas","29":"tag-periodistas","30":"tag-pide","31":"tag-prensa","32":"tag-titulares","33":"tag-ultimas-noticias","34":"tag-ultimasnoticias","35":"tag-world","36":"tag-world-news","37":"tag-worldnews"},"share_on_mastodon":{"url":"","error":""},"_links":{"self":[{"href":"https:\/\/www.europesays.com\/es\/wp-json\/wp\/v2\/posts\/85388","targetHints":{"allow":["GET"]}}],"collection":[{"href":"https:\/\/www.europesays.com\/es\/wp-json\/wp\/v2\/posts"}],"about":[{"href":"https:\/\/www.europesays.com\/es\/wp-json\/wp\/v2\/types\/post"}],"author":[{"embeddable":true,"href":"https:\/\/www.europesays.com\/es\/wp-json\/wp\/v2\/users\/2"}],"replies":[{"embeddable":true,"href":"https:\/\/www.europesays.com\/es\/wp-json\/wp\/v2\/comments?post=85388"}],"version-history":[{"count":0,"href":"https:\/\/www.europesays.com\/es\/wp-json\/wp\/v2\/posts\/85388\/revisions"}],"wp:featuredmedia":[{"embeddable":true,"href":"https:\/\/www.europesays.com\/es\/wp-json\/wp\/v2\/media\/85389"}],"wp:attachment":[{"href":"https:\/\/www.europesays.com\/es\/wp-json\/wp\/v2\/media?parent=85388"}],"wp:term":[{"taxonomy":"category","embeddable":true,"href":"https:\/\/www.europesays.com\/es\/wp-json\/wp\/v2\/categories?post=85388"},{"taxonomy":"post_tag","embeddable":true,"href":"https:\/\/www.europesays.com\/es\/wp-json\/wp\/v2\/tags?post=85388"}],"curies":[{"name":"wp","href":"https:\/\/api.w.org\/{rel}","templated":true}]}}