{"id":85432,"date":"2025-09-01T05:03:21","date_gmt":"2025-09-01T05:03:21","guid":{"rendered":"https:\/\/www.europesays.com\/es\/85432\/"},"modified":"2025-09-01T05:03:21","modified_gmt":"2025-09-01T05:03:21","slug":"toros-castellon-el-torero-juan-ortega-seducido-por-el-bou-al-carrer-en-su-visita-a-satine-en-burriana","status":"publish","type":"post","link":"https:\/\/www.europesays.com\/es\/85432\/","title":{"rendered":"TOROS CASTELL\u00d3N | El torero Juan Ortega, seducido por el \u2018bou al carrer\u2019 en su visita a Satine en Burriana"},"content":{"rendered":"<p class=\"ft-text\"><strong>El torero Juan Ortega<\/strong> ha hecho un alto en su intensa temporada taurina para estar en el <strong>Museu del Bou de <\/strong><a class=\"ft-link ft-link--decoration\" href=\"https:\/\/www.elperiodicomediterraneo.com\/castello\/burriana\/\" target=\"_blank\" rel=\"nofollow noopener\"><strong>Burriana<\/strong><\/a> y ver por primera vez un festejo de <a class=\"ft-link ft-link--decoration\" href=\"https:\/\/www.elperiodicomediterraneo.com\/tags\/bous-al-carrer\/\" target=\"_blank\" rel=\"nofollow noopener\">bous al carrer<\/a> desde all\u00ed. Lo hizo este domingo tras haber toreado en la plaza de Bayona, con la intenci\u00f3n de conocer de primera mano una jornada taurina de las <a class=\"ft-link ft-link--decoration\" href=\"https:\/\/www.elperiodicomediterraneo.com\/tags\/fiestas\/\" target=\"_blank\" rel=\"nofollow noopener\">fiestas<\/a> de la Miseric\u00f2rdia y hacerlo desde este museo \u00fanico que tanto le cautiv\u00f3 al conocerlo este pasado invierno. En aquella visita, el diestro sevillano prometi\u00f3 a Satine que la primera vez que presenciara un festejo de bous al carrer ser\u00eda desde el propio Museu, que cuenta con unas vistas privilegiadas en la misma Plaza Mayor y se respira un gran ambiente taurino y festivo. Dicho y hecho.<\/p>\n<p class=\"ft-text\">La jornada result\u00f3 completa, pues ya por la ma\u00f1ana Juan Ortega recogi\u00f3 el <strong>premio a la mejor faena de la Feria de <\/strong><a class=\"ft-link ft-link--decoration\" href=\"https:\/\/www.elperiodicomediterraneo.com\/tags\/magdalena\/\" rel=\"nofollow noopener\" target=\"_blank\"><strong>la Magdalena<\/strong><\/a><strong> de este <\/strong><a class=\"ft-link ft-link--decoration\" href=\"https:\/\/www.elperiodicomediterraneo.com\/tags\/anos\/\" target=\"_blank\" rel=\"nofollow noopener\"><strong>a\u00f1o<\/strong><\/a>. Se trata del trofeo Joselito El Gallo creado por Satine y que consiste en una escultura acabada en \u00f3xido que reproduce una chaquetilla del torero de Gelves y que est\u00e1 expuesta en el propio museo. Toda una obra de <a class=\"ft-link ft-link--decoration\" href=\"https:\/\/www.elperiodicomediterraneo.com\/tags\/arte\/\" target=\"_blank\" rel=\"nofollow noopener\">arte<\/a>. \u00abEs un honor recoger este premio, ten\u00eda muchas ganas de venir a recogerlo porque me qued\u00e9 enamorado de esta escultura cuando la vi por primera vez y que adem\u00e1s est\u00e9 inspirada en un torero al que admiro tanto como es Joselito El Gallo, le a\u00f1ade mucho valor\u00bb, afirm\u00f3 el torero tras recoger el galard\u00f3n con una cara de felicidad que evidenciaba su satisfacci\u00f3n. \u00abCuando vi la chaquetilla, le dije a Satine que har\u00eda todo lo posible por conseguirla, por eso, no cabe duda de que premios como \u00e9ste te inspiran para que des todo lo mejor en la plaza, y eso me ocurri\u00f3 en <a class=\"ft-link ft-link--decoration\" href=\"https:\/\/www.elperiodicomediterraneo.com\/castello-provincia\/\" target=\"_blank\" rel=\"nofollow noopener\">Castell\u00f3n<\/a>\u00bb.<\/p>\n<p class=\"ft-text\"><strong>El diestro sevillano volvi\u00f3 a recorrer con especial inter\u00e9s las instancias de este museo<\/strong>, que le tiene completamente cautivado. Despu\u00e9s disfrut\u00f3 de la tarde taurina, mostrando su curiosidad por todos los detalles del festejo e incluso lleg\u00f3 a participar en las labores previas al <a class=\"ft-link ft-link--decoration\" href=\"https:\/\/www.elperiodicomediterraneo.com\/tags\/bou-embolat\/\" target=\"_blank\" rel=\"nofollow noopener\">toro embolado<\/a>, que sali\u00f3 desde los toriles del Museu. Una jornada inolvidable para Juan Ortega, antes de reanudar su temporada con un mes de septiembre cargado de tardes importantes en las principales ferias.<\/p>\n","protected":false},"excerpt":{"rendered":"El torero Juan Ortega ha hecho un alto en su intensa temporada taurina para estar en el Museu&hellip;\n","protected":false},"author":2,"featured_media":85433,"comment_status":"","ping_status":"","sticky":false,"template":"","format":"standard","meta":{"footnotes":""},"categories":[277],"tags":[23602,18401,9992,373,8926,7312,168,25,24,43,409,4813,31757,31756,23,167,374,1570,444,938],"class_list":{"0":"post-85432","1":"post","2":"type-post","3":"status-publish","4":"format-standard","5":"has-post-thumbnail","7":"category-toreo","8":"tag-bou","9":"tag-bou-al-carrer","10":"tag-bous-al-carrer","11":"tag-bullfighting","12":"tag-burriana","13":"tag-comarcas","14":"tag-deportes","15":"tag-es","16":"tag-espana","17":"tag-fiestas","18":"tag-juan","19":"tag-ortega","20":"tag-satine","21":"tag-seducido","22":"tag-spain","23":"tag-sports","24":"tag-toreo","25":"tag-torero","26":"tag-toros","27":"tag-visita"},"share_on_mastodon":{"url":"","error":""},"_links":{"self":[{"href":"https:\/\/www.europesays.com\/es\/wp-json\/wp\/v2\/posts\/85432","targetHints":{"allow":["GET"]}}],"collection":[{"href":"https:\/\/www.europesays.com\/es\/wp-json\/wp\/v2\/posts"}],"about":[{"href":"https:\/\/www.europesays.com\/es\/wp-json\/wp\/v2\/types\/post"}],"author":[{"embeddable":true,"href":"https:\/\/www.europesays.com\/es\/wp-json\/wp\/v2\/users\/2"}],"replies":[{"embeddable":true,"href":"https:\/\/www.europesays.com\/es\/wp-json\/wp\/v2\/comments?post=85432"}],"version-history":[{"count":0,"href":"https:\/\/www.europesays.com\/es\/wp-json\/wp\/v2\/posts\/85432\/revisions"}],"wp:featuredmedia":[{"embeddable":true,"href":"https:\/\/www.europesays.com\/es\/wp-json\/wp\/v2\/media\/85433"}],"wp:attachment":[{"href":"https:\/\/www.europesays.com\/es\/wp-json\/wp\/v2\/media?parent=85432"}],"wp:term":[{"taxonomy":"category","embeddable":true,"href":"https:\/\/www.europesays.com\/es\/wp-json\/wp\/v2\/categories?post=85432"},{"taxonomy":"post_tag","embeddable":true,"href":"https:\/\/www.europesays.com\/es\/wp-json\/wp\/v2\/tags?post=85432"}],"curies":[{"name":"wp","href":"https:\/\/api.w.org\/{rel}","templated":true}]}}