{"id":85450,"date":"2025-09-01T05:15:13","date_gmt":"2025-09-01T05:15:13","guid":{"rendered":"https:\/\/www.europesays.com\/es\/85450\/"},"modified":"2025-09-01T05:15:13","modified_gmt":"2025-09-01T05:15:13","slug":"pero-cual-ha-sido-la-cancion-del-verano","status":"publish","type":"post","link":"https:\/\/www.europesays.com\/es\/85450\/","title":{"rendered":"Pero, \u00bfcu\u00e1l ha sido la canci\u00f3n del verano?"},"content":{"rendered":"<p>En nuestro tiempo, que todo lo medimos \u2013los pasos diarios, las calor\u00edas que ingerimos, las horas de sue\u00f1o profundo, el ritmo cardiaco, el tiempo que hemos usado el m\u00f3vil, las veces que hemos escuchado una canci\u00f3n o abierto la tapa del v\u00e1ter, etc\u00e9tera\u2013, resulta parad\u00f3jicamente m\u00e1s dif\u00edcil que nunca acordar cual ha sido la canci\u00f3n del verano. <b>Y es que es tal la cantidad de \u00aboutputs\u00bb y datos precis\u00edsimos que recibimos al instante de cientos de plataformas<\/b> que, dada la saturaci\u00f3n, es imposible ponerse de acuerdo: \u00abBien, tal canci\u00f3n fue la m\u00e1s escuchada en la primera semana de agosto en Spotify con X reproducciones, pero tal artista ha sido, en cambio, el m\u00e1s escuchado durante el mes de julio en YouTube. Sin embargo, el ranking de Los 40 Principales lo encabeza el tema tal del grupo Y&#8230;\u00bb. As\u00ed no hay quien se ponga de acuerdo: m\u00e1xime cuando los principales surtidores de m\u00fasica en streaming, como Spotify, arrojan resultados muy condicionados por las escuchas en bucle de esos j\u00f3venes de la Generaci\u00f3n Z, que no se quitan los AirPods ni para sacarse la cera con bastoncillos. Normal que as\u00ed en las listas de las canciones m\u00e1s sonadas siempre reinen artistas impronunciables como claves de WiFi (valga el ejemplo inventado: \u00abHuuExxiihEjjj feat z.T\u2019T (b2b) &#8211; bIEEEN RicoohH\u00bb) que hacen siempre la misma canci\u00f3n de trap con autotune.<\/p>\n<p>No, no busquen ah\u00ed la canci\u00f3n del verano (auque si quieren la informaci\u00f3n, ahora mismo abro la app de Spotify y les digo que en la \u00faltima semana los tres temas m\u00e1s escuchados en Espa\u00f1a han sido exactamente: 1. \u00abTU VAS SIN (fav)\u00bb, de Rels B; 2. \u00abLa Plena\u00bb, de W Sound; y 3. \u00abMe Mareo\u00bb, de Kidd Voodo y JC Reyes) \u00bfLes dice algo?. <b>Pues no la busquen ah\u00ed, sino en los chiringuitos, de Moj\u00e1car a Sanxenxo, en las fiestas del pueblo de orquesta y verbena, en el tarareo del ni\u00f1o que baja a la playa de la mano de su madre<\/b>, en la megafon\u00eda del estadio antes de que empiece el partido. Realmente, no la busquen, porque la canci\u00f3n del verano, si realmente es la canci\u00f3n del verano, les acabar\u00e1 encontrando, enganchando como un pit\u00f3n a un mozo en San Ferm\u00edn, envolvi\u00e9ndoles sutilmente como la humedad, cual si fuera parte del clima. La canci\u00f3n del verano, como todo buen tema pegadizo que se precie, les encandilar\u00e1 a principios de julio, para el d\u00eda de Santiago ya la podr\u00e1n tararear y para mitad de agosto, empalagados de esta, ya la aborrecer\u00e1n.<\/p>\n<p>Ocurri\u00f3 el est\u00edo pasado con \u00abPotra Salvaje\u00bb, de Isabel Aai\u00fan, que se quem\u00f3 a mitad de julio, dado que ven\u00eda pegando fuerte desde la Eurocopa. A esta le sucedi\u00f3 \u00abSi antes te hubiera conocido\u00bb, de Karol G., reina indiscutible de agosto. Veranos antes son\u00f3 sin descanso el \u00abNochentera\u00bb, de Vicco y el \u00abQu\u00e9date\u00bb (Music Sessions, Vol. 52) de Quevedo y BZRP. Pero, \u00bfy este a\u00f1o? <b>Puedo asegurar, habi\u00e9ndome pateado chiringuitos en Zahara, beach clubs en El Puerto y verbenas de la Espa\u00f1a interior, que en 2025 no ha habido un tema del verano, al menos no uno indiscutible<\/b>. Quiz\u00e1s, f\u00edjense, \u00abLa morocha\u00bb, de los j\u00f3venes argentinos Luck Ra y BM. En fin, en tiempos de la dictadura del algoritmo ning\u00fan artista sabe a qu\u00e9 atenerse, m\u00e1xime desde que el c\u00e9lebre Georgie Dann se llevase la f\u00f3rmula de la canci\u00f3n del verano a la tumba.<\/p>\n","protected":false},"excerpt":{"rendered":"En nuestro tiempo, que todo lo medimos \u2013los pasos diarios, las calor\u00edas que ingerimos, las horas de sue\u00f1o&hellip;\n","protected":false},"author":2,"featured_media":85451,"comment_status":"","ping_status":"","sticky":false,"template":"","format":"standard","meta":{"footnotes":""},"categories":[170],"tags":[146,147,25,24,184,185,23],"class_list":{"0":"post-85450","1":"post","2":"type-post","3":"status-publish","4":"format-standard","5":"has-post-thumbnail","7":"category-musica","8":"tag-entertainment","9":"tag-entretenimiento","10":"tag-es","11":"tag-espana","12":"tag-music","13":"tag-musica","14":"tag-spain"},"share_on_mastodon":{"url":"","error":""},"_links":{"self":[{"href":"https:\/\/www.europesays.com\/es\/wp-json\/wp\/v2\/posts\/85450","targetHints":{"allow":["GET"]}}],"collection":[{"href":"https:\/\/www.europesays.com\/es\/wp-json\/wp\/v2\/posts"}],"about":[{"href":"https:\/\/www.europesays.com\/es\/wp-json\/wp\/v2\/types\/post"}],"author":[{"embeddable":true,"href":"https:\/\/www.europesays.com\/es\/wp-json\/wp\/v2\/users\/2"}],"replies":[{"embeddable":true,"href":"https:\/\/www.europesays.com\/es\/wp-json\/wp\/v2\/comments?post=85450"}],"version-history":[{"count":0,"href":"https:\/\/www.europesays.com\/es\/wp-json\/wp\/v2\/posts\/85450\/revisions"}],"wp:featuredmedia":[{"embeddable":true,"href":"https:\/\/www.europesays.com\/es\/wp-json\/wp\/v2\/media\/85451"}],"wp:attachment":[{"href":"https:\/\/www.europesays.com\/es\/wp-json\/wp\/v2\/media?parent=85450"}],"wp:term":[{"taxonomy":"category","embeddable":true,"href":"https:\/\/www.europesays.com\/es\/wp-json\/wp\/v2\/categories?post=85450"},{"taxonomy":"post_tag","embeddable":true,"href":"https:\/\/www.europesays.com\/es\/wp-json\/wp\/v2\/tags?post=85450"}],"curies":[{"name":"wp","href":"https:\/\/api.w.org\/{rel}","templated":true}]}}