{"id":85464,"date":"2025-09-01T05:23:20","date_gmt":"2025-09-01T05:23:20","guid":{"rendered":"https:\/\/www.europesays.com\/es\/85464\/"},"modified":"2025-09-01T05:23:20","modified_gmt":"2025-09-01T05:23:20","slug":"andalucia-y-castilla-y-leon-se-acercan-a-las-urnas-con-la-izquierda-estrenando-lideres-y-mas-dividida-espana","status":"publish","type":"post","link":"https:\/\/www.europesays.com\/es\/85464\/","title":{"rendered":"Andaluc\u00eda y Castilla y Le\u00f3n se acercan a las urnas con la izquierda estrenando l\u00edderes y m\u00e1s dividida | Espa\u00f1a"},"content":{"rendered":"<p class=\"\">Debilidad, divisi\u00f3n, liderazgos nuevos o incluso todav\u00eda sin elegir y encuestas que apuntan a cuatro a\u00f1os m\u00e1s de oposici\u00f3n. El panorama de las fuerzas de izquierdas en <a href=\"https:\/\/elpais.com\/espana\/2025-08-04\/castilla-y-leon-y-andalucia-adelantaran-sus-elecciones-si-sanchez-anticipa-las-generales.html\" rel=\"nofollow noopener\" target=\"_blank\">Andaluc\u00eda y Castilla y Le\u00f3n<\/a>, las dos comunidades en las que habr\u00e1 elecciones el curso pol\u00edtico que ahora arranca, se presenta sombr\u00edo. \u201cNo estamos fuertes en ninguna de las dos. En realidad, ahora mismo solo estamos <a href=\"https:\/\/elpais.com\/espana\/catalunya\/2025-08-26\/illa-balance-positivo-hasta-nuevo-aviso.html\" target=\"_self\" rel=\"nofollow noopener\" title=\"https:\/\/elpais.com\/espana\/catalunya\/2025-08-26\/illa-balance-positivo-hasta-nuevo-aviso.html\">fuertes en Catalu\u00f1a\u201d<\/a>, sintetiza una fuente de Ferraz sobre las perspectivas de los socialistas, que ya antes de agosto comprobaron que el <a href=\"https:\/\/elpais.com\/espana\/2025-07-12\/el-psoe-recibe-de-las-mujeres-el-castigo-electoral-mas-duro-por-el-caso-cerdan.html\" rel=\"nofollow noopener\" title=\"https:\/\/elpais.com\/espana\/2025-07-12\/el-psoe-recibe-de-las-mujeres-el-castigo-electoral-mas-duro-por-el-caso-cerdan.html\" target=\"_blank\">caso Cerd\u00e1n<\/a> los castiga en las encuestas. A la izquierda del PSOE, tanto en Andaluc\u00eda como en Castilla y Le\u00f3n la regla es la fragmentaci\u00f3n y la incertidumbre.<\/p>\n<p class=\"\">Si no hay cambios de guion, 2025 se cerrar\u00e1 siendo el <a href=\"https:\/\/elpais.com\/espana\/2025-01-05\/pulso-por-la-agenda-politica-en-un-ano-sin-elecciones.html\" rel=\"nofollow noopener\" target=\"_blank\">primer a\u00f1o sin elecciones desde la llegada de Pedro S\u00e1nchez a La Moncloa<\/a>. \u00bfY despu\u00e9s? Despu\u00e9s, les tocar\u00e1 a Andaluc\u00eda, la comunidad m\u00e1s poblada, con m\u00e1s de 8,5 millones de habitantes, y Castilla y Le\u00f3n, la de mayor tama\u00f1o, con m\u00e1s de 94.000 kil\u00f3metros cuadrados. En principio, las elecciones castellano y leonesas est\u00e1n previstas en torno a marzo de 2026; las andaluzas, en torno a junio. Pero los dos presidentes, <a href=\"https:\/\/elpais.com\/espana\/2025-01-05\/manueco-un-presidente-acostumbrado-a-prorrogar-los-presupuestos.html\" rel=\"nofollow noopener\" target=\"_blank\">Alfonso Fern\u00e1ndez Ma\u00f1ueco<\/a> y <a href=\"https:\/\/elpais.com\/espana\/2025-07-10\/moreno-renuncia-a-contestar-a-su-grupo-tras-una-pregunta-sobre-el-alcalde-de-algeciras.html\" rel=\"nofollow noopener\" target=\"_blank\">Juan Manuel Moreno<\/a>, respectivamente, han mostrado ya su inclinaci\u00f3n a hacerlas coincidir con las generales en <a href=\"https:\/\/elpais.com\/espana\/2025-06-17\/sanchez-gana-tiempo-para-rearmar-la-mayoria-y-alejar-la-presion-del-adelanto-electoral.html\" rel=\"nofollow noopener\" target=\"_blank\">caso de que S\u00e1nchez decida un adelanto<\/a>. <\/p>\n<p class=\"\">Las situaciones de los dos barones del PP son distintas. Moreno, con 58 diputados, parte de una mayor\u00eda absoluta, que requiere de 55. Si las encuestas se equivocan y no lograra alcanzarlos, dispondr\u00e1 previsiblemente con el colch\u00f3n de Vox, que en 2022 cosech\u00f3 14. Ma\u00f1ueco, en cambio, dispone de una mayor\u00eda simple, 31 esca\u00f1os, solo tres m\u00e1s que el PSOE y diez por debajo de la absoluta (41). No obstante, tambi\u00e9n cuenta con la ventaja de que Vox est\u00e1 mucho m\u00e1s fuerte que lo que hay a la izquierda de los socialistas. La ultraderecha obtuvo en 2022 13 procuradores, por uno de Unidas Podemos. <\/p>\n<p><b>Andaluc\u00eda: nueva plaza fuerte del PP<\/b><\/p>\n<p class=\"\"><b>PSOE. <\/b>Las encuestas sonr\u00eden al PP en Andaluc\u00eda, que en tiempo r\u00e9cord ha pasado de feudo del PSOE a plaza fuerte de los populares. <a href=\"https:\/\/elpais.com\/espana\/2025-07-17\/moreno-conserva-su-mayoria-absoluta-y-la-corrupcion-lastra-al-psoe-de-montero-segun-el-cis-andaluz.html\" rel=\"nofollow noopener\" target=\"_blank\">La \u00faltima del C<\/a><a href=\"https:\/\/elpais.com\/espana\/2025-07-17\/moreno-conserva-su-mayoria-absoluta-y-la-corrupcion-lastra-al-psoe-de-montero-segun-el-cis-andaluz.html\" rel=\"nofollow noopener\" target=\"_blank\">entro de Estudios Andaluces<\/a> (Centra), de julio, no solo pronostica que Moreno <a href=\"https:\/\/elpais.com\/espana\/elecciones-andalucia\/2022-06-19\/moreno-logra-la-mayoria-absoluta-y-frena-en-seco-a-vox.html\" rel=\"nofollow noopener\" target=\"_blank\">revalidar\u00e1 la mayor\u00eda absoluta<\/a>, sino que asigna al PSOE menos de los 30 esca\u00f1os de 2022 con <a href=\"https:\/\/elpais.com\/espana\/2025-01-07\/espadas-anuncia-que-no-dara-la-batalla-por-liderar-el-psoe-de-andalucia.html\" rel=\"nofollow noopener\" target=\"_blank\">Juan Espadas<\/a>, la peor marca de su historia. \u201cDe momento, en las encuestas no ha habido efecto Montero. Era complicado, m\u00e1s a\u00fan con la ministra [de Hacienda, Mar\u00eda Jes\u00fas Montero, l\u00edder y candidata de los socialistas] teniendo que hacer oposici\u00f3n mientras gestiona la <a href=\"https:\/\/elpais.com\/espana\/catalunya\/2025-07-14\/el-gobierno-planea-llevar-la-nueva-financiacion-singular-catalana-al-consejo-de-politica-fiscal-y-financiera-tras-el-verano.html\" rel=\"nofollow noopener\" target=\"_blank\">financiaci\u00f3n singular de Catalu\u00f1a<\/a>, que <a href=\"https:\/\/elpais.com\/espana\/2024-08-12\/el-psoe-busca-receta-contra-el-discurso-del-agravio-del-pp.html\" rel=\"nofollow noopener\" target=\"_blank\">no es f\u00e1cil de vender en Andaluc\u00eda<\/a>\u201d, afirma la citada fuente de Ferraz. <\/p>\n<p class=\"\">El PSOE-A, pese a los malos pron\u00f3sticos, traslada la idea de que tiene opciones de recuperar el poder que <a href=\"https:\/\/elpais.com\/politica\/2019\/01\/12\/actualidad\/1547320739_881058.html\" rel=\"nofollow noopener\" target=\"_blank\">perdi\u00f3 en diciembre de 2018<\/a>. \u201cLas encuestas son de ahora. Ya veremos en elecciones. Tenemos mucho historial de pron\u00f3sticos muy distintos a los resultados\u201d, afirma Paco Rodr\u00edguez, secretario de Organizaci\u00f3n y alcalde del hist\u00f3rico fort\u00edn socialista de <a href=\"https:\/\/elpais.com\/espana\/elecciones-generales\/2023-06-21\/dos-hermanas-el-amuleto-de-los-presidentes-socialistas.html\" rel=\"nofollow noopener\" target=\"_blank\">Dos Hermanas (Sevilla)<\/a>, que cree que Moreno pagar\u00e1 en las urnas el <a href=\"https:\/\/elpais.com\/sociedad\/2024-10-11\/la-dependencia-colapsa-en-andalucia.html\" target=\"_self\" rel=\"nofollow noopener\" title=\"https:\/\/elpais.com\/sociedad\/2024-10-11\/la-dependencia-colapsa-en-andalucia.html\">colapso del sistema de dependencia<\/a>, el debilitamiento de la universidad p\u00fabica en medio de un <a href=\"https:\/\/elpais.com\/educacion\/2025-07-09\/andalucia-acelera-su-espiral-privatizadora-con-34-nuevos-titulos-a-tres-universidades-privadas.html\" rel=\"nofollow noopener\" target=\"_blank\">bum de la privada<\/a> y sobre todo la \u201cliquidaci\u00f3n\u201d \u2014afirma\u2014 del sistema sanitario \u201cde calidad\u201d. \u201cAcudir a nuestros m\u00e9dicos de familia en nuestros centros de salud se ha convertido en una misi\u00f3n imposible\u201d, afirma Rodr\u00edguez, una idea que ser\u00e1 una viga maestra del discurso del PSOE para desgastar a Moreno.<\/p>\n<p><img alt=\"Mar\u00eda Jes\u00fas Montero, secretaria general del PSOE-A, en agosto en Rota (C\u00e1diz).\" decoding=\"auto\" class=\"_re lazyload a_m-h\" height=\"276\"  width=\"414\"  src=\"https:\/\/imagenes.elpais.com\/resizer\/v2\/UQPVTGENG5K3BADYPKKZ537Y3M.jpg?auth=a628bd0bb8082d18163a85ebe134e07e806fb98d649bbb0d670a323070371df3&amp;width=414\" loading=\"lazy\"\/>Mar\u00eda Jes\u00fas Montero, secretaria general del PSOE-A, en agosto en Rota (C\u00e1diz).Francisco J. Olmo (Europa Press)<\/p>\n<p class=\"\"><a href=\"https:\/\/elpais.com\/espana\/2025-06-21\/montero-lanza-su-candidatura-a-la-junta-con-un-psoe-andaluz-descompuesto-por-la-trama-corrupta.html\" rel=\"nofollow noopener\" target=\"_blank\">Montero<\/a>, que compagina su oposici\u00f3n a Moreno con la vicepresidencia, dejar\u00e1 el Gobierno cuando se convoquen las elecciones, asegura Rodr\u00edguez, que da la vuelta a los ataques que su candidata recibe del PP por la financiaci\u00f3n singular acusando al Ejecutivo andaluz de haber rechazado, solo para confrontar con el Gobierno, la <a href=\"https:\/\/elpais.com\/economia\/2025-02-25\/como-se-ha-calculado-la-quita-de-la-deuda-autonomica-a-que-comunidades-beneficia-mas.html\" rel=\"nofollow noopener\" target=\"_blank\">quita de cerca de 19.000 millones<\/a> de deuda ofrecida por Hacienda.<\/p>\n<p class=\"\"><b>Por Andaluc\u00eda. <\/b>Las inc\u00f3gnitas predominan en el resto del espacio progresista. En 2022, IU, Podemos y M\u00e1s Pa\u00eds <a href=\"https:\/\/elpais.com\/espana\/2022-05-11\/la-coalicion-de-izquierdas-en-andalucia-presenta-su-candidatura-con-su-proyecto-en-vilo.html\" rel=\"nofollow noopener\" target=\"_blank\">confluyeron en una coalici\u00f3n<\/a>, Por Andaluc\u00eda, con la que la izquierda alternativa sufri\u00f3 un retroceso pero al menos mantuvo el grupo parlamentario, con cinco esca\u00f1os. \u00bfHabr\u00e1 ahora una similar, que una a IU, Sumar y Podemos? De momento, no hay acuerdo. <\/p>\n<p class=\"\">IU, el partido Movimiento Sumar \u2014que se constituy\u00f3 en julio en Andaluc\u00eda\u2014 y una peque\u00f1a formaci\u00f3n llamada Iniciativa del Pueblo Andaluz \u2014que ya form\u00f3 parte de la coalici\u00f3n en 2022\u2014 han dado pasos hacia la confluencia, <a href=\"https:\/\/elpais.com\/espana\/2025-07-01\/por-andalucia-avanza-en-sus-preparativos-electorales-sin-podemos.html\" rel=\"nofollow noopener\" target=\"_blank\">pero el partido de Ione Belarra sigue al margen<\/a>.<\/p>\n<p class=\"\">No est\u00e1 claro el desenlace. La posici\u00f3n sobre una posible confluencia fijada en mayo por la direcci\u00f3n estatal de Podemos es que su tarea es <a href=\"https:\/\/elpais.com\/espana\/2025-05-12\/podemos-andalucia-apuesta-por-reeditar-la-coalicion-autonomica-mientras-la-direccion-estatal-echa-el-freno.html\" rel=\"nofollow noopener\" target=\"_blank\">\u201c<\/a><a href=\"https:\/\/elpais.com\/espana\/2025-05-12\/podemos-andalucia-apuesta-por-reeditar-la-coalicion-autonomica-mientras-la-direccion-estatal-echa-el-freno.html\" rel=\"nofollow noopener\" target=\"_blank\">organizar a las fuerzas que se oponen al Gobierno de la guerra\u201d<\/a>, un mensaje de extrema frialdad sobre una papeleta \u00fanica. En Andaluc\u00eda, la coordinadora auton\u00f3mica de Podemos, Raquel Mart\u00ednez, y otros miembros de su direcci\u00f3n han firmado un <a href=\"https:\/\/andaluciaselevanta.info\/manifiesto\/manifiesto\/\" rel=\"nofollow noopener\" target=\"_blank\">manifiesto<\/a> que pide la \u201cunidad\u201d de las izquierdas. Pero Podemos estatal no considera que ello suponga ninguna novedad. Un dirigente de IU ve as\u00ed el panorama: \u201cSi la decisi\u00f3n de Podemos sobre la unidad se toma en Andaluc\u00eda, habr\u00e1 unidad. Si se toma en Madrid, no\u201d. <\/p>\n<p><img alt=\"Raquel Mart\u00ednez, secretaria general de Podemos Andaluc\u00eda.\" decoding=\"auto\" class=\"_re lazyload a_m-h\" height=\"233\"  width=\"414\"  src=\"https:\/\/www.europesays.com\/es\/wp-content\/uploads\/2025\/09\/VCPL4GAJJRDC5FPSE3YJIG2WVU.jpeg\" loading=\"lazy\"\/>Raquel Mart\u00ednez, secretaria general de Podemos Andaluc\u00eda.<\/p>\n<p class=\"\">En el PSOE miran con inquietud esta divisi\u00f3n, que podr\u00eda provocar que hubiera tres papeletas a su izquierda. Montero ya pidi\u00f3 en abril a las fuerzas a su izquierda que se unieran para <a href=\"https:\/\/elpais.com\/espana\/2025-04-11\/montero-pide-la-reunificacion-de-los-partidos-a-la-izquierda-del-psoe-para-evitar-el-desperdicio-metabolico-del-voto.html\" rel=\"nofollow noopener\" target=\"_blank\">evitar el \u201cdesperdicio\u201d del voto<\/a>. \u201cEstoy seguro de que antepondr\u00e1n la importancia de hacer frente a la derecha y la ultraderecha a sus intereses propios\u201d, se\u00f1ala el dirigente socialista Paco Rodr\u00edguez. A pesar del conflictivo clima, la encuesta del Centra le asigna a Por Andaluc\u00eda 8-9 esca\u00f1os, m\u00e1s que los cinco de ahora.<\/p>\n<p class=\"\"><b>Adelante Andaluc\u00eda. <\/b>Fuera del debate sobre la unidad se sit\u00faa Adelante Andaluc\u00eda, que ir\u00e1 por su cuenta. El partido andalucista, que se estren\u00f3 en 2022 con dos diputados y al que el Centra pronostica dos o tres, se enfrenta al desaf\u00edo de presentar a un candidato nuevo, Jos\u00e9 Ignacio Garc\u00eda, que aunque ha logrado visibilidad incluso a nivel nacional liderando propuestas como la <a href=\"https:\/\/elpais.com\/espana\/andalucia\/2024-03-26\/gafas-para-todos-una-proposicion-de-ley-en-andalucia-abre-el-debate-de-la-pobreza-visual.html\" rel=\"nofollow noopener\" target=\"_blank\">gratuidad de las gafas para menores<\/a>, no es tan conocido como su predecesora, <a href=\"https:\/\/elpais.com\/espana\/2022-12-19\/teresa-rodriguez-deja-su-escano-en-el-parlamento-andaluz-pero-seguira-en-la-politica.html\" rel=\"nofollow noopener\" target=\"_blank\">Teresa Rodr\u00edguez<\/a>. <\/p>\n<p class=\"\">\u201cNuestro objetivo es consolidarnos y crecer poco a poco pero de manera estable, con el objetivo de que el PP no tenga mayor\u00eda absoluta\u201d, afirma un portavoz de Adelante, que considera una \u201cventaja\u201d estar ya fuera de las hip\u00f3tesis sobre la unidad porque les permite no tener que hablar siempre \u201cde lo interno\u201d. El mismo portavoz reafirma la necesidad de presentar una oferta de izquierdas que no forme parte del Gobierno central. \u201cSi no, \u00bfa quien se le deja la insatisfacci\u00f3n social? <a href=\"https:\/\/elpais.com\/espana\/2025-08-10\/abascal-coge-fuerza-entre-obreros-y-parados-y-se-acerca-al-logro-de-le-pen.html\" rel=\"nofollow noopener\" target=\"_blank\">\u00bfA Vox?<\/a>\u201c, reflexiona.<\/p>\n<p><b>Castilla y Le\u00f3n: el dif\u00edcil relevo en el PSOE<\/b><\/p>\n<p class=\"\"><b>PSOE.<\/b> La gesti\u00f3n de los incendios del Gobierno de Alfonso Fern\u00e1ndez Ma\u00f1ueco, que <a href=\"https:\/\/elpais.com\/espana\/2025-08-20\/castilla-y-leon-mantuvo-parados-recursos-del-gobierno-mientras-manueco-pedia-mas-medios-a-sanchez.html\" target=\"_self\" rel=\"nofollow noopener\" title=\"https:\/\/elpais.com\/espana\/2025-08-20\/castilla-y-leon-mantuvo-parados-recursos-del-gobierno-mientras-manueco-pedia-mas-medios-a-sanchez.html\">manten\u00eda parados recursos del Ejecutivo<\/a> central mientras ped\u00eda m\u00e1s y que ha suscitado <a href=\"https:\/\/elpais.com\/espana\/2025-08-24\/los-whatsapps-de-los-bomberos-de-castilla-y-leon-todos-en-base-con-cinco-incendios-a-nivel-2.html\" target=\"_self\" rel=\"nofollow noopener\" title=\"https:\/\/elpais.com\/espana\/2025-08-24\/los-whatsapps-de-los-bomberos-de-castilla-y-leon-todos-en-base-con-cinco-incendios-a-nivel-2.html\">malestar entre los propios bomberos<\/a>, ha dejado frentes despejados para la cr\u00edtica de la oposici\u00f3n. Pero la situaci\u00f3n de partida de las fuerzas que pretenden apartar al PP del poder no es f\u00e1cil. <\/p>\n<p><img alt=\"Concentraci\u00f3n de bomberos el viernes pasado contra Alfonso Fern\u00e1ndez Ma\u00f1ueco, presidente de la Junta de Castilla y Le\u00f3n (PP).\" decoding=\"auto\" class=\"_re lazyload a_m-h\" height=\"277\"  width=\"414\"  src=\"https:\/\/www.europesays.com\/es\/wp-content\/uploads\/2025\/09\/HSTPGNMZIRHT5OJF5GJGAC5WZA.jpg\" loading=\"lazy\"\/>Concentraci\u00f3n de bomberos el viernes pasado contra Alfonso Fern\u00e1ndez Ma\u00f1ueco, presidente de la Junta de Castilla y Le\u00f3n (PP).Claudio \u00c1lvarez<\/p>\n<p class=\"\">Los socialistas han cambiado de secretario general tras los diez a\u00f1os de <a href=\"https:\/\/elpais.com\/espana\/2025-01-07\/tudanca-confirma-su-retirada-nadie-me-obliga-a-irme-ha-llegado-el-momento-de-un-nuevo-proyecto.html\" rel=\"nofollow noopener\" target=\"_blank\">Luis Tudanca<\/a>. Su cargo lo ocupa desde enero <a href=\"https:\/\/elpais.com\/espana\/2025-01-08\/perfil-carlos-martinez-un-ganador-del-psoe-en-soria-y-una-denuncia-por-ofender-los-sentimientos-religiosos.html\" rel=\"nofollow noopener\" target=\"_blank\">Carlos Mart\u00ednez<\/a>, alcalde de Soria. La formaci\u00f3n trata de recuperarse de la tensi\u00f3n de primavera, sobre todo de un episodio cr\u00edtico. Un micro abierto pill\u00f3 en marzo a cuatro procuradores <a href=\"https:\/\/elpais.com\/espana\/2025-03-27\/un-micro-abierto-sorprende-a-cuatro-procuradores-del-psoe-de-castilla-y-leon-criticando-a-la-nueva-direccion-y-al-ministro-puente.html\" rel=\"nofollow noopener\" target=\"_blank\">criticando a Mart\u00ednez y al ministro \u00d3scar Puente<\/a>, valedor en Ferraz del nuevo l\u00edder socialista. La direcci\u00f3n de Mart\u00ednez trat\u00f3 de forzar la salida de dos de los pillados, afines a Tudanca, de la Mesa de las Cortes, pero el temor a perder poder en un \u00f3rgano estrat\u00e9gico acab\u00f3 <a href=\"https:\/\/elpais.com\/espana\/2025-04-04\/el-psoe-de-castilla-y-leon-mantendra-a-los-dos-cargos-a-quienes-pidio-dejar-la-mesa-de-las-cortes-al-negarse-el-pp-a-apoyar-el-cambio.html\" rel=\"nofollow noopener\" target=\"_blank\">paralizando la represalia<\/a>. Fuentes del ala cr\u00edtica del PSOE sostienen que mantienen la lealtad, pero a la vez admiten que aquella crisis dej\u00f3 heridas que pueden notarse a la hora de volcarse m\u00e1s o menos en la campa\u00f1a electoral.<\/p>\n<p class=\"\">Este ruido se oye de fondo en el despliegue del nuevo proyecto de Mart\u00ednez, que se enfrenta el desaf\u00edo de darse a conocer en un enorme territorio mientras el PP trata de presentarlo \u2014al igual que hace con Montero en Andaluc\u00eda\u2014 como un mero delegado de S\u00e1nchez. El grupo socialista parte de 28 procuradores e internamente se teme una nueva derrota entre dudas sobre si Mart\u00ednez asumir\u00eda cuatro a\u00f1os de oposici\u00f3n. Fuentes cercanas al mando anterior expresan su preocupaci\u00f3n. \u201cLa marca est\u00e1 da\u00f1ada [por el <a href=\"https:\/\/elpais.com\/espana\/2025-07-07\/mensajes-y-audios-comprometen-a-los-dos-altos-cargos-de-transportes-imputados-en-el-caso-koldo.html\" rel=\"nofollow noopener\" target=\"_blank\">caso Cerd\u00e1n<\/a>] y el arrastre de la espiral de odio contra S\u00e1nchez\u201d, lamentan estas voces. \u201cEstamos intentando empujar todos, pero nos pilla la tormenta perfecta\u201d, resumen.<\/p>\n<p class=\"\"><b>Podemos e IU.<\/b> El \u00fanico representante del espacio a la izquierda del PSOE, Pablo Fern\u00e1ndez, que obtuvo su acta por Unidas Podemos en 2022, ha anunciado que no repetir\u00e1 como candidato. Su futuro, volcarse a\u00fan m\u00e1s en Podemos, donde es secretario de Organizaci\u00f3n. <a href=\"https:\/\/elpais.com\/espana\/2022-01-03\/podemos-e-izquierda-unida-se-unen-para-concurrir-juntos-a-las-elecciones-en-castilla-y-leon.html\" rel=\"nofollow noopener\" target=\"_blank\">La entente de los morados con IU<\/a> rasc\u00f3 en los \u00faltimos comicios un procurador por Valladolid, la circunscripci\u00f3n m\u00e1s grande. Ahora, a unos meses de las urnas, las distintas fuerzas muestran discrepancias. <\/p>\n<p class=\"\">A Podemos lo lidera desde junio Miguel \u00c1ngel Llamas, que suele reivindicar la \u201cizquierda transformadora\u201d de los suyos mientras carga contra Sumar por sostener al PSOE en Madrid. Preguntado por su posici\u00f3n sobre una posible confluencia, remite a un mensaje publicado en X: \u201cLa unidad no debe ser un triste c\u00e1lculo derrotista, sino la consecuencia de compartir un proyecto pol\u00edtico. Si no, las coaliciones no funcionan. Adem\u00e1s, no tiene sentido cambiar de marca y alianzas en cada territorio\u201d.<\/p>\n<p><img alt=\"Pablo Fern\u00e1ndez, \u00fanico diputado de Unidas Podemos en las Cortes de Castilla y Le\u00f3n, que no repetir\u00e1 como candidato.\" decoding=\"auto\" class=\"_re lazyload a_m-h\" height=\"276\"  width=\"414\"  src=\"https:\/\/www.europesays.com\/es\/wp-content\/uploads\/2025\/09\/IYCBC4TG4FMGJNR5AYFMLW6S2I.jpg\" loading=\"lazy\"\/>Pablo Fern\u00e1ndez, \u00fanico diputado de Unidas Podemos en las Cortes de Castilla y Le\u00f3n, que no repetir\u00e1 como candidato.MARIO MORON (EFE)<\/p>\n<p class=\"\">Juan Gasc\u00f3n, coordinador de IU, reivindica el entendimiento para reforzar el bloque izquierdista, al que le ve \u201cdebilidades\u201d pero tambi\u00e9n margen de crecimiento. Gasc\u00f3n lamenta que Pablo Fern\u00e1ndez haya \u2014a su juicio\u2014 utilizado la coalici\u00f3n \u201cpara potenciar su espacio m\u00e1s en Madrid que en Castilla y Le\u00f3n\u201d. \u201cNo ha habido nada en com\u00fan porque Podemos no ha querido. IU le propuso una asamblea para que hiciera rendici\u00f3n de cuentas de su trabajo en las Cortes y no quiso ir\u201d, reprueba Gasc\u00f3n, instando al abrazo pero pesimista: \u201cSu estrategia ser\u00e1 venir a \u00faltima hora y exigir. No tiene buena pinta. Es la deriva que han tomado, me parece muy negativa para Castilla y Le\u00f3n pero creo que se les va a hacer larga\u201d. Al igual que en Andaluc\u00eda, si hay confluencia est\u00e1 por ver qui\u00e9n es el candidato. <\/p>\n<p class=\"\"><b>Espa\u00f1a Vaciada.<\/b> \u00bfY qu\u00e9 hay de la Espa\u00f1a Vaciada, movimiento que tuvo su origen en Castilla y Le\u00f3n? <a href=\"https:\/\/elpais.com\/espana\/elecciones-castilla-y-leon\/2022-02-13\/soria-ya-arrasa-al-concentrar-el-voto-de-la-espana-vaciada.html\" rel=\"nofollow noopener\" target=\"_blank\">Soria \u00a1Ya!<\/a> aspira a conservar sus tres esca\u00f1os, los mismos que <a href=\"https:\/\/elpais.com\/espana\/elecciones-castilla-y-leon\/2022-02-13\/union-del-pueblo-leones-crece-y-por-avila-se-mantiene.html\" rel=\"nofollow noopener\" target=\"_blank\">Uni\u00f3n del Pueblo Leon\u00e9s<\/a>, que acaricia la idea de rebasar al PSOE en un tradicional feudo socialista. <a href=\"https:\/\/elpais.com\/espana\/elecciones-castilla-y-leon\/2022-02-13\/resultados-de-las-elecciones-en-avila.html\" rel=\"nofollow noopener\" target=\"_blank\">Por \u00c1vila<\/a>, con un parlamentario, tambi\u00e9n se contentar\u00eda con mantenerlo.<\/p>\n","protected":false},"excerpt":{"rendered":"Debilidad, divisi\u00f3n, liderazgos nuevos o incluso todav\u00eda sin elegir y encuestas que apuntan a cuatro a\u00f1os m\u00e1s de&hellip;\n","protected":false},"author":2,"featured_media":85465,"comment_status":"","ping_status":"","sticky":false,"template":"","format":"standard","meta":{"footnotes":""},"categories":[8],"tags":[259,17,18,3590,4374,25,24,13,14,11,31761,19,20,9,10,15,16,6067,1699,23,12,21,22],"class_list":{"0":"post-85464","1":"post","2":"type-post","3":"status-publish","4":"format-standard","5":"has-post-thumbnail","7":"category-espana","8":"tag-andalucia","9":"tag-breaking-news","10":"tag-breakingnews","11":"tag-castilla-y-leon","12":"tag-elecciones","13":"tag-es","14":"tag-espana","15":"tag-featured-news","16":"tag-featurednews","17":"tag-headlines","18":"tag-iula","19":"tag-latest-news","20":"tag-latestnews","21":"tag-news","22":"tag-noticias","23":"tag-noticias-destacadas","24":"tag-noticiasdestacadas","25":"tag-podemos","26":"tag-psoe","27":"tag-spain","28":"tag-titulares","29":"tag-ultimas-noticias","30":"tag-ultimasnoticias"},"share_on_mastodon":{"url":"","error":""},"_links":{"self":[{"href":"https:\/\/www.europesays.com\/es\/wp-json\/wp\/v2\/posts\/85464","targetHints":{"allow":["GET"]}}],"collection":[{"href":"https:\/\/www.europesays.com\/es\/wp-json\/wp\/v2\/posts"}],"about":[{"href":"https:\/\/www.europesays.com\/es\/wp-json\/wp\/v2\/types\/post"}],"author":[{"embeddable":true,"href":"https:\/\/www.europesays.com\/es\/wp-json\/wp\/v2\/users\/2"}],"replies":[{"embeddable":true,"href":"https:\/\/www.europesays.com\/es\/wp-json\/wp\/v2\/comments?post=85464"}],"version-history":[{"count":0,"href":"https:\/\/www.europesays.com\/es\/wp-json\/wp\/v2\/posts\/85464\/revisions"}],"wp:featuredmedia":[{"embeddable":true,"href":"https:\/\/www.europesays.com\/es\/wp-json\/wp\/v2\/media\/85465"}],"wp:attachment":[{"href":"https:\/\/www.europesays.com\/es\/wp-json\/wp\/v2\/media?parent=85464"}],"wp:term":[{"taxonomy":"category","embeddable":true,"href":"https:\/\/www.europesays.com\/es\/wp-json\/wp\/v2\/categories?post=85464"},{"taxonomy":"post_tag","embeddable":true,"href":"https:\/\/www.europesays.com\/es\/wp-json\/wp\/v2\/tags?post=85464"}],"curies":[{"name":"wp","href":"https:\/\/api.w.org\/{rel}","templated":true}]}}