{"id":85711,"date":"2025-09-01T08:34:08","date_gmt":"2025-09-01T08:34:08","guid":{"rendered":"https:\/\/www.europesays.com\/es\/85711\/"},"modified":"2025-09-01T08:34:08","modified_gmt":"2025-09-01T08:34:08","slug":"la-feria-del-libro-a-punto-de-cumplir-medio-siglo-crece-hasta-los-23-expositores","status":"publish","type":"post","link":"https:\/\/www.europesays.com\/es\/85711\/","title":{"rendered":"La Feria del Libro, a punto de cumplir medio siglo, crece hasta los 23 expositores"},"content":{"rendered":"<p>A punto del medio siglo de vida. La Feria del Libro, uno de los reclamos de las <a href=\"https:\/\/www.elnortedecastilla.es\/palencia\/fiestas\/\" title=\"www.elnortedecastilla.es\" data-voc-vtm-id=\"in-text-traffic\" data-mrf-link=\"www.elnortedecastilla.es\" rel=\"nofollow noopener\" target=\"_blank\">Fiestas de San Antol\u00edn<\/a> m\u00e1s longevos y  &#8230; queridos, llega este a\u00f1o a su cuadrag\u00e9simo novena edici\u00f3n, a un pasito de los 50 a\u00f1os y las merecidas bodas de oro. El pistoletazo de salida de este mercado de historias tuvo lugar el viernes por la ma\u00f1ana, horas antes del preg\u00f3n popular que marcaba ese inicio fiestero y de celebraci\u00f3n, y se extender\u00e1 hasta el domingo 7 a lo largo de diez d\u00edas con jornada de ma\u00f1ana y tarde. <\/p>\n<p class=\"v-p\">Situada estrat\u00e9gicamente y un a\u00f1o m\u00e1s en el Paseo del Sal\u00f3n, la feria consta de 23 expositores \u2013uno m\u00e1s que el a\u00f1o pasado\u2013, repartidos entre librer\u00edas, editoriales e instituciones. Muchas de ellas son de aqu\u00ed, mientras que tambi\u00e9n se encuentra una gran representaci\u00f3n de fuera, que llegan hasta la capital del Carri\u00f3n de lugares tan diversos como Madrid, Barcelona, Murcia o Toledo, para formar parte de un mercado y atender a un p\u00fablico que nunca falla. Organizada por la Asociaci\u00f3n de Libreros y Editores y por el Ayuntamiento, con la colaboraci\u00f3n de la Diputaci\u00f3n, tiene un horario de 11:30 a 14 y de 18 a 21:30 horas los d\u00edas de diario, mientras que los fines de semana y festivos se ampl\u00eda hasta las 14:30 horas por la ma\u00f1ana. Por la noche, las persianas de las casetas permanecer\u00e1n subidas hasta las 22 horas los viernes, s\u00e1bados y tambi\u00e9n hoy, 1 de septiembre.<\/p>\n<p class=\"v-p\">\u00abEs una de las citas ineludibles de las Ferias y Fiestas de San Antol\u00edn que la gente que ama la cultura, que ama los libros, espera con ansiedad\u00bb, argumentaba la alcaldesa de Palencia, Miriam Andr\u00e9s, durante la inauguraci\u00f3n \u00ab\u00bfPor qu\u00e9? Porque adem\u00e1s hay algunas casetas que ofrecen cosas que no son tan f\u00e1ciles de encontrar y adem\u00e1s aportan, gracias a un acuerdo, ese 10% de descuento que tambi\u00e9n siempre est\u00e1 bien\u00bb, a\u00f1ad\u00eda la regidora. No se olvidaba de la pregonera literaria, de Noem\u00ed Villamuza, que se subi\u00f3 al escenario del Principal el pasado jueves, y anim\u00f3 a \u00abcrear un h\u00e1bito y un ecosistema de amor a los libros, a lo que representa la literatura\u00bb.<\/p>\n<p class=\"v-p\">Por su parte, el coordinador de la feria, Aitor Guti\u00e9rrez, animaba a palentinos y visitantes a acercarse a los libros, cuentos e historias. \u00abHay una amplia variedad de ejemplares, para ni\u00f1os y adultos, novelas, cuentos, c\u00f3mics&#8230; Aqu\u00ed se pueden encontrar muchos art\u00edculos que incluso de normal en librer\u00edas no tienen. Es un gran momento para encontrar nuevos art\u00edculos\u00bb, afirmaba. <\/p>\n<p class=\"v-p\">Adem\u00e1s, aparte del 10% de descuento en todos los tomos, los clientes podr\u00e1n entrar en dos sorteos distintos de libros, uno organizado por la propia feria y otro, con ejemplares donados por los autores palentinos, principal novedad de este a\u00f1o en esta cita \u00fanica con la cultura. Un total de 38 escritores locales y una ilustradora participan en la caseta de autores palentinos, gracias a la iniciativa de Jorge Ramos, de Esprosados, y con la colaboraci\u00f3n de la Librer\u00eda Iglesias. <\/p>\n<p class=\"v-p\">\u00abLlegamos ya a la cuarenta y nueve edici\u00f3n, seguimos aguantando. Lo que siempre intentamos es dar al p\u00fablico de Palencia un sitio y un espacio abierto de cultura en el que se encuentren a gusto\u00bb, afirm\u00f3 \u00c1ngel Iglesias, presidente de la Asociaci\u00f3n de Editores y Libreros de Palencia, quien subray\u00f3 que para que sigan viniendo los libreros de fuera es necesario darles un poco m\u00e1s. \u00abEs nuestra reivindicaci\u00f3n al Ayuntamiento, pedir un poco m\u00e1s para que les salga mejor a los que vienen\u00bb, agreg\u00f3.<\/p>\n<p class=\"v-p\">Ana Coto lleva siete a\u00f1os acudiendo cada a\u00f1o desde Madrid con Palabras de Agua. \u00abEs de nuestras ferias favoritas, es una experiencia muy buena. Tenemos todo tipo de p\u00fablico, pero sobre todo familiar, que vienen a\u00f1o tras a\u00f1o\u00bb, afirmaba. \u00abNos encanta el ambiente y la amabilidad de Palencia\u00bb.<\/p>\n<p class=\"v-p\">Por su parte, desde Urue\u00f1a llega cada edici\u00f3n La Boutique del Cuento, para un p\u00fablico especialmente infantil. \u00abTratamos de conjugar un poco de belleza y contenido\u00bb, explic\u00f3 Jos\u00e9 Antonio Largo, haciendo hincapi\u00e9 en la obra &#8216;Si yo fuera grande y fuerte&#8217; y en la importancia de tratar el &#8216;bullying&#8217;. \u00abEs una problem\u00e1tica que se produce en los patios de los colegios\u00bb, subray\u00f3.<\/p>\n<p class=\"v-p\">Aruz Ediciones, de Palencia, tampoco falla nunca a la cita con su tem\u00e1tica palentina. \u00abLa feria ha estado muy bien de gente estos primeros d\u00edas. Nuestro p\u00fablico es m\u00e1s adulto al tratar los libros sobre temas locales\u00bb, argument\u00f3 Ana Merino. Una feria para encontrar lecturas y entretenimiento para todo tipo de p\u00fablico. <\/p>\n","protected":false},"excerpt":{"rendered":"A punto del medio siglo de vida. La Feria del Libro, uno de los reclamos de las Fiestas&hellip;\n","protected":false},"author":2,"featured_media":85712,"comment_status":"","ping_status":"","sticky":false,"template":"","format":"standard","meta":{"footnotes":""},"categories":[172],"tags":[224,12008,5878,146,147,25,24,31827,599,1496,225,697,2320,9218,23],"class_list":{"0":"post-85711","1":"post","2":"type-post","3":"status-publish","4":"format-standard","5":"has-post-thumbnail","7":"category-libros","8":"tag-books","9":"tag-crece","10":"tag-cumplir","11":"tag-entertainment","12":"tag-entretenimiento","13":"tag-es","14":"tag-espana","15":"tag-expositores","16":"tag-feria","17":"tag-libro","18":"tag-libros","19":"tag-medio","20":"tag-punto","21":"tag-siglo","22":"tag-spain"},"share_on_mastodon":{"url":"","error":""},"_links":{"self":[{"href":"https:\/\/www.europesays.com\/es\/wp-json\/wp\/v2\/posts\/85711","targetHints":{"allow":["GET"]}}],"collection":[{"href":"https:\/\/www.europesays.com\/es\/wp-json\/wp\/v2\/posts"}],"about":[{"href":"https:\/\/www.europesays.com\/es\/wp-json\/wp\/v2\/types\/post"}],"author":[{"embeddable":true,"href":"https:\/\/www.europesays.com\/es\/wp-json\/wp\/v2\/users\/2"}],"replies":[{"embeddable":true,"href":"https:\/\/www.europesays.com\/es\/wp-json\/wp\/v2\/comments?post=85711"}],"version-history":[{"count":0,"href":"https:\/\/www.europesays.com\/es\/wp-json\/wp\/v2\/posts\/85711\/revisions"}],"wp:featuredmedia":[{"embeddable":true,"href":"https:\/\/www.europesays.com\/es\/wp-json\/wp\/v2\/media\/85712"}],"wp:attachment":[{"href":"https:\/\/www.europesays.com\/es\/wp-json\/wp\/v2\/media?parent=85711"}],"wp:term":[{"taxonomy":"category","embeddable":true,"href":"https:\/\/www.europesays.com\/es\/wp-json\/wp\/v2\/categories?post=85711"},{"taxonomy":"post_tag","embeddable":true,"href":"https:\/\/www.europesays.com\/es\/wp-json\/wp\/v2\/tags?post=85711"}],"curies":[{"name":"wp","href":"https:\/\/api.w.org\/{rel}","templated":true}]}}