{"id":85742,"date":"2025-09-01T08:53:17","date_gmt":"2025-09-01T08:53:17","guid":{"rendered":"https:\/\/www.europesays.com\/es\/85742\/"},"modified":"2025-09-01T08:53:17","modified_gmt":"2025-09-01T08:53:17","slug":"quien-fue-sonny-hayes-el-piloto-de-f1-interpretado-por-brad-pitt-y-cuya-inspiracion-fue-martin-donelly","status":"publish","type":"post","link":"https:\/\/www.europesays.com\/es\/85742\/","title":{"rendered":"Qui\u00e9n fue Sonny Hayes, el piloto de F1 interpretado por Brad Pitt y cuya inspiraci\u00f3n fue Mart\u00edn Donelly"},"content":{"rendered":"<p>La esperada producci\u00f3n cinematogr\u00e1fica en la que Brad Pitt interpreta a Sonny Hayes, <b>un piloto de F\u00f3rmula 1 que se retir\u00f3 de las pistas tras tener una prometedora carrera en los a\u00f1os 90<\/b>, comparte ciertos matices con la historia del reconocido Mart\u00edn Donnelly.<\/p>\n<p>Si bien la cinta llegar\u00e1 a las salas de cine en el mes de junio, algunas personas sugieren que el relato mostrar\u00e1 una versi\u00f3n hipot\u00e9tica del regreso del irland\u00e9s a las competencias.<\/p>\n<p class=\"c-cuerpo__media__txt\">Brad Pitt protagoniza la cinta. Foto:Instagram: @bradpittofflcial<\/p>\n<p class=\"c-leatambien__titulo\"> LEA TAMBI\u00c9N <\/p>\n<p><img decoding=\"async\" alt=\"Brad Pitt\" width=\"120\" height=\"120\" loading=\"lazy\" src=\"https:\/\/imagenes.eltiempo.com\/files\/image_120_120\/uploads\/2025\/06\/25\/685c683527c07.png\" data-full-src=\"https:\/\/www.europesays.com\/es\/wp-content\/uploads\/2025\/09\/685c683527c07.png\"\/><\/p>\n<p>Las teor\u00edas sobre la posible inspiraci\u00f3n del protagonista se deben a que, en la pel\u00edcula, <b>el personaje de Pitt es atormentado por los recuerdos de un accidente automovil\u00edstico que tuvo 30 a\u00f1os atr\u00e1s.<\/b><\/p>\n<p>Adem\u00e1s, en algunos de los avances se puede observar que el incidente no solo ocasion\u00f3 secuelas emocionales y psicol\u00f3gicas, sino tambi\u00e9n f\u00edsicas, debido a que Sonny Hayes presenta molestias en su espalda.<\/p>\n<p class=\"c-cuerpo__media__txt\">Brad Pitt interpreta a\u00a0Sonny Hayes. Foto:F1<\/p>\n<p class=\"c-leatambien__titulo\"> LEA TAMBI\u00c9N <\/p>\n<p><img decoding=\"async\" alt=\"cvbnm,.\" width=\"120\" height=\"120\" loading=\"lazy\" src=\"https:\/\/imagenes.eltiempo.com\/files\/image_120_120\/files\/fp\/uploads\/2024\/05\/29\/66573138a69b5.r_d.468-38.png\" data-full-src=\"https:\/\/www.europesays.com\/es\/wp-content\/uploads\/2025\/09\/66573138a69b5.png\"\/>La historia que inspir\u00f3 \u2018F1:la pel\u00edcula\u2019<\/p>\n<p>Mart\u00edn Donnelly inici\u00f3 su carrera como piloto de reserva de la escuder\u00eda Lotus en 1988 y debut\u00f3 un a\u00f1o despu\u00e9s en el Gran Premio de Francia con Arrows, tras sustituir a Derek Warwick, quien por ese tiempo hab\u00eda sufrido una lesi\u00f3n.<\/p>\n<p>En 1990 el irland\u00e9s fue ascendido a titular dentro de Lotus, posici\u00f3n que lo llev\u00f3 a disputar 14 Grandes Premios, como el de M\u00e9xico, donde qued\u00f3 en octavo lugar. Sin embargo, su vida dio un giro inesperado en Espa\u00f1a.<\/p>\n<p>De acuerdo con algunos medios internacionales, la carrera de Donnelly termin\u00f3 luego de perder el control de su veh\u00edculo y <b>chocar contra una de las barreras de contenci\u00f3n a 225 kil\u00f3metros por hora durante el circuito de Jerez.<\/b><\/p>\n<p class=\"c-cuerpo__media__txt\">Mart\u00edn Donelly se retir\u00f3 despu\u00e9s del accidente. Foto:Redes sociales<\/p>\n<p>El impacto hizo que el cuerpo del piloto saliera disparado hacia el centro de la pista con el asiento pegado a su espalda y el casco roto. Seg\u00fan explic\u00f3 el irland\u00e9s a\u00f1os despu\u00e9s, <b>cuando entr\u00f3 a una de las curvas m\u00e1s r\u00e1pidas, el cuello del amortiguador delantero se rompi\u00f3 por la fricci\u00f3n.<\/b><\/p>\n<p>Contra todo pron\u00f3stico, el piloto sobrevivi\u00f3 al accidente, pese a que tuvo que ser resucitado y estabilizado antes de llegar a un hospital en Sevilla, donde los m\u00e9dicos descubrieron que <b>el hombre presentaba fracturas en ambas piernas y algunos hematomas en los pulmones y el cerebro.<\/b><\/p>\n<p>Con el paso de los d\u00edas <b>sus \u00f3rganos dejaron de funcionar<\/b>, por lo que tuvo que ser conectado a varias m\u00e1quinas por cerca de seis semanas, pero cinco meses despu\u00e9s fue dado de alta.<\/p>\n<p>A pesar de que la producci\u00f3n no est\u00e1 basada en una historia real y el personaje interpretado por Brad Pitt no existe, algunas de las escenas tienen una conexi\u00f3n relevante con el accidente que sufri\u00f3 Mart\u00edn Donnelly en los 90 y la raz\u00f3n de su retiro.\u00a0<\/p>\n<p class=\"c-leatambien__titulo\"> LEA TAMBI\u00c9N <\/p>\n<p><img decoding=\"async\" alt=\"Angelina Jolie drama\" width=\"120\" height=\"120\" loading=\"lazy\" src=\"https:\/\/imagenes.eltiempo.com\/files\/image_120_120\/uploads\/2025\/05\/16\/6827900cf1feb.png\" data-full-src=\"https:\/\/www.europesays.com\/es\/wp-content\/uploads\/2025\/09\/6827900cf1feb.png\"\/><\/p>\n<p>STEPHANY GUZM\u00c1N AYALA<\/p>\n<p>REDACCI\u00d3N ALCANCE DIGITAL<\/p>\n<p>M\u00e1s noticias en El Tiempo<\/p>\n","protected":false},"excerpt":{"rendered":"La esperada producci\u00f3n cinematogr\u00e1fica en la que Brad Pitt interpreta a Sonny Hayes, un piloto de F\u00f3rmula 1&hellip;\n","protected":false},"author":2,"featured_media":85743,"comment_status":"","ping_status":"","sticky":false,"template":"","format":"standard","meta":{"footnotes":""},"categories":[270],"tags":[4205,5260,3818,168,25,24,306,271,272,448,31834,14725,5775,31833,23,167],"class_list":{"0":"post-85742","1":"post","2":"type-post","3":"status-publish","4":"format-standard","5":"has-post-thumbnail","7":"category-formula-1","8":"tag-accidente","9":"tag-brad-pitt","10":"tag-carreras","11":"tag-deportes","12":"tag-es","13":"tag-espana","14":"tag-f1","15":"tag-formula-1","16":"tag-formula1","17":"tag-historia","18":"tag-martin-donnelly","19":"tag-piloto","20":"tag-retiro","21":"tag-sonny-hayes","22":"tag-spain","23":"tag-sports"},"share_on_mastodon":{"url":"","error":""},"_links":{"self":[{"href":"https:\/\/www.europesays.com\/es\/wp-json\/wp\/v2\/posts\/85742","targetHints":{"allow":["GET"]}}],"collection":[{"href":"https:\/\/www.europesays.com\/es\/wp-json\/wp\/v2\/posts"}],"about":[{"href":"https:\/\/www.europesays.com\/es\/wp-json\/wp\/v2\/types\/post"}],"author":[{"embeddable":true,"href":"https:\/\/www.europesays.com\/es\/wp-json\/wp\/v2\/users\/2"}],"replies":[{"embeddable":true,"href":"https:\/\/www.europesays.com\/es\/wp-json\/wp\/v2\/comments?post=85742"}],"version-history":[{"count":0,"href":"https:\/\/www.europesays.com\/es\/wp-json\/wp\/v2\/posts\/85742\/revisions"}],"wp:featuredmedia":[{"embeddable":true,"href":"https:\/\/www.europesays.com\/es\/wp-json\/wp\/v2\/media\/85743"}],"wp:attachment":[{"href":"https:\/\/www.europesays.com\/es\/wp-json\/wp\/v2\/media?parent=85742"}],"wp:term":[{"taxonomy":"category","embeddable":true,"href":"https:\/\/www.europesays.com\/es\/wp-json\/wp\/v2\/categories?post=85742"},{"taxonomy":"post_tag","embeddable":true,"href":"https:\/\/www.europesays.com\/es\/wp-json\/wp\/v2\/tags?post=85742"}],"curies":[{"name":"wp","href":"https:\/\/api.w.org\/{rel}","templated":true}]}}