{"id":85768,"date":"2025-09-01T09:18:08","date_gmt":"2025-09-01T09:18:08","guid":{"rendered":"https:\/\/www.europesays.com\/es\/85768\/"},"modified":"2025-09-01T09:18:08","modified_gmt":"2025-09-01T09:18:08","slug":"putin-culpa-a-occidente-de-la-invasion-de-ucrania-y-defiende-un-modelo-alternativo-a-la-otan-el-mundo","status":"publish","type":"post","link":"https:\/\/www.europesays.com\/es\/85768\/","title":{"rendered":"Putin culpa a Occidente de la invasi\u00f3n de Ucrania y defiende un modelo alternativo a la OTAN &#8211; El Mundo"},"content":{"rendered":"<ol>\n<li><a href=\"https:\/\/news.google.com\/rss\/articles\/CBMigwFBVV95cUxQNWhFZWZ0YXFHV3lZZEE1TEpJNzZlRWRvWWdTSHhHZjJhQy1ub3NLaUptbEpWdHF1bXdTVVJydUpTZDVTeXNndUp6Rnl4RVdCel9USU1EaENsVkVjaF9Ca0s5VXB3aktCQmNRbnU5a0Q1WlJtR0EyZ0RjWURrdUVXOG9iRdIBgwFBVV95cUxPRHZzVWwza1VkOFhLZHFyeGdsUTJISnlWeTlETUZBTDZLeVhSX3FaR1RZNG9TSEtOLTFWQXNJcDlPU01CM0MzNThrb21vLU5MeXc3Yl9PNkRyLXZVY0VwbS03V3Z2TExuVUlzOC1rU185NHdWTkxaMGRkR2t5dWVGVDRHVQ?oc=5\" target=\"_blank\" rel=\"nofollow noopener\">Putin culpa a Occidente de la invasi\u00f3n de Ucrania y defiende un modelo alternativo a la OTAN<\/a>&nbsp;&nbsp;El Mundo<\/li>\n<li><a href=\"https:\/\/news.google.com\/rss\/articles\/CBMi-wFBVV95cUxPTW80NHY1UDBVdy1rQ0RVNjlfc2ZOUVlQaEhkT3poU0FONzRpZU00Tk9NUFJqM091R0c5SFpfdVVmUXlOSHhJUWoxQWJUS0s1ZDJhLXY5S2pZOHBTOUhsSnpWTURXMnBXZWJ6eHZEdXRQSUs3N3A1OTJGVjMxcGZJQl92M0NyZEhFN0hTNnBhcHB5TDdUTndNZHdHOW9Ya3draW5pa2lKNFM0U1NkdHJ1NHZQLVFFdXRxQUFZS1lBeExtRFhheU1ZS281Q0lQZmJqR1BYbngxM0RnSFJTTWs3WnR6Z1pRUUxlZWZmOWZfMmlPY2RibThIMkFPa9IBlgJBVV95cUxQWHFsZS1EN1FNbllSWGl6RC0xMjNWZmVqUzJsaXJYdmthd3Rxc3I2TXVYNFBPUEtQbmljTWsweGdRbUxzWWRnWFk3R0J1OXhaWmk5RmhsaEo3bWZpMGhIX2tUTjliQWprUXVBR3NQSVpDdmpMekU3QVFzNTF5MkFWRTZoUS1XdUc1Sy1iREpfNlJoVzNyb0VhR2FHc1IxOVdFamVtaWhidDBBdkp3SkF4N3NfWVFxRDQzaHJPbWtId2ptRVNUUFdsMFBQSS1NWjk0Vk9uNks5cTg5YlF0YVBQanlqMTdLQVpmNEllZTFXb1pMaTZkUVRQenFvRk51SDVpbXpGa2p4N2JqeDZYWFpuaG1mLWJtdw?oc=5\" target=\"_blank\" rel=\"nofollow noopener\">Putin arremeti\u00f3 contra Occidente y asegur\u00f3 que sus conversaciones con Trump podr\u00edan facilitar una soluci\u00f3n en Ucrania<\/a>&nbsp;&nbsp;Infobae<\/li>\n<li><a href=\"https:\/\/news.google.com\/rss\/articles\/CBMi2gFBVV95cUxNb2RUQkQ5MjEtTXo1cUpwMERRT1FRcHU4bWdPVXZ1UUctelhRUFdPenM1LWRLQkYyNFpOcEpJejMtZ1lyZzBzcUliTHZiTFp2UTc2S21JN0dsd0xFNXJ1X1lMdEd3eHlvb0s2bWU0dnc2NWtSbGxqOFg5NkZhdWFQNkt3S2RxeTRrbVFIMjVXckxFVG9ERWVZc2JxMFJFeFVvNXhMOUhJTWZYQUlDRXJnSXVYVC1Pa0hEcUgta0FQWEZNS0dLU2Rmd0xHNm5NUmQ0R2Zhbi1kU0Q1Z9IB9gFBVV95cUxQTjVpY1dZTjRVWlpVZUtJNVVQSGNQTG9Zbmx4UzFuYnJPOEdzT3BUUHdOcXI4N3BfZHdVYk5nMlFubUFDem9zVklZc0dJUUlVNC1nNllRVl9YSlJzcTZocFl1TDBsRzRYT2lYOTE5NlZYcmNpVWVISlpac0hZNVBRVXJycGViU1R5bFpsY25yM0FEZjJMbTd1VEswbjdWNFdPcDBuZHJ5Zkh3Q1p0M0JqVnhtMUdmVHNfWXBjaEpndHhtNGJzOExNdHpjQi1RMmx2d0pIVkZRZ2ExTndkdTFiQUJSbDd0VXB1N19xYkFYU05wclh3Ync?oc=5\" target=\"_blank\" rel=\"nofollow noopener\">Putin valora el papel de China e India en la b\u00fasqueda de paz en Ucrania<\/a>&nbsp;&nbsp;La Voz de Galicia<\/li>\n<li><a href=\"https:\/\/news.google.com\/rss\/articles\/CBMi4AFBVV95cUxNMUY4Q0NBdUhwY2w1MV9LMURqTFRESGZ0dkJaY1NDaEVZRE1JcUE0bG1WMURhaUJuUHBwTkhlTjNOQUMtWkhnejMteWxIUVlUOEVjRURiX1dKMzZ5OHAtdk9hemNjaWR0QjZPMVREakJLNHlDTl9WMlVGejFVUGN6aWpQZTVFZlNQcDZ0T20xcTVtTjlBZHI5WU5ZZVo3OW9icVBFcEpETWlxb0JLYk9icGo2Rmg4eFdWa0U3aHoyOGJkS3N0Qms0TmFpMlczY2ZueENTNVVxSlJORVhqWklDNA?oc=5\" target=\"_blank\" rel=\"nofollow noopener\">Putin afirma que los \u201centendimientos\u201d alcanzados en la cumbre de Alaska abren el camino a la paz en Ucrania<\/a>&nbsp;&nbsp;La Naci\u00f3n<\/li>\n<li><a href=\"https:\/\/news.google.com\/rss\/articles\/CBMixwFBVV95cUxNb184OEo0UDZlM2gwa0dMdXI3bXZ5Rk9XMVhwQ1p3YXd6RGQ2RE5PSDJySE00aFd4MWtPNWE2R3pYOHRfVXl3Y3RhckdJd0dXdTh5MmVBQkhGODNvZFNxbnI1aS1OREdzUEpLS1c0RVluRXg3OXBNM1VZUHlvR2g5OUNONmdjcXBrZHJ6NW1nXzdOaWx0c25JcGVFM3UzUThyUTNPU2xnQldtM2ExUlZMeUJ2SkZRb1VzTTBWM1JfbUlYSUlWXzkw?oc=5\" target=\"_blank\" rel=\"nofollow noopener\">Putin afianza su relaci\u00f3n con China y la India y valora su papel para \u00abresolver la situaci\u00f3n en Ucrania\u00bb<\/a>&nbsp;&nbsp;20Minutos<\/li>\n<\/ol>\n","protected":false},"excerpt":{"rendered":"Putin culpa a Occidente de la invasi\u00f3n de Ucrania y defiende un modelo alternativo a la OTAN&nbsp;&nbsp;El Mundo&hellip;\n","protected":false},"author":2,"featured_media":85769,"comment_status":"","ping_status":"","sticky":false,"template":"","format":"standard","meta":{"footnotes":""},"categories":[42],"tags":[17,18,1615,13,14,11,61,62,63,64,19,20,9,10,15,16,1614,12,21,22,7083,65,66,67,13847],"class_list":{"0":"post-85768","1":"post","2":"type-post","3":"status-publish","4":"format-standard","5":"has-post-thumbnail","7":"category-internacional","8":"tag-breaking-news","9":"tag-breakingnews","10":"tag-china","11":"tag-featured-news","12":"tag-featurednews","13":"tag-headlines","14":"tag-internacional","15":"tag-international","16":"tag-international-news","17":"tag-internationalnews","18":"tag-latest-news","19":"tag-latestnews","20":"tag-news","21":"tag-noticias","22":"tag-noticias-destacadas","23":"tag-noticiasdestacadas","24":"tag-rusia","25":"tag-titulares","26":"tag-ultimas-noticias","27":"tag-ultimasnoticias","28":"tag-vladimir-putin","29":"tag-world","30":"tag-world-news","31":"tag-worldnews","32":"tag-xi-jinping"},"share_on_mastodon":{"url":"","error":""},"_links":{"self":[{"href":"https:\/\/www.europesays.com\/es\/wp-json\/wp\/v2\/posts\/85768","targetHints":{"allow":["GET"]}}],"collection":[{"href":"https:\/\/www.europesays.com\/es\/wp-json\/wp\/v2\/posts"}],"about":[{"href":"https:\/\/www.europesays.com\/es\/wp-json\/wp\/v2\/types\/post"}],"author":[{"embeddable":true,"href":"https:\/\/www.europesays.com\/es\/wp-json\/wp\/v2\/users\/2"}],"replies":[{"embeddable":true,"href":"https:\/\/www.europesays.com\/es\/wp-json\/wp\/v2\/comments?post=85768"}],"version-history":[{"count":0,"href":"https:\/\/www.europesays.com\/es\/wp-json\/wp\/v2\/posts\/85768\/revisions"}],"wp:featuredmedia":[{"embeddable":true,"href":"https:\/\/www.europesays.com\/es\/wp-json\/wp\/v2\/media\/85769"}],"wp:attachment":[{"href":"https:\/\/www.europesays.com\/es\/wp-json\/wp\/v2\/media?parent=85768"}],"wp:term":[{"taxonomy":"category","embeddable":true,"href":"https:\/\/www.europesays.com\/es\/wp-json\/wp\/v2\/categories?post=85768"},{"taxonomy":"post_tag","embeddable":true,"href":"https:\/\/www.europesays.com\/es\/wp-json\/wp\/v2\/tags?post=85768"}],"curies":[{"name":"wp","href":"https:\/\/api.w.org\/{rel}","templated":true}]}}