{"id":85821,"date":"2025-09-01T10:05:20","date_gmt":"2025-09-01T10:05:20","guid":{"rendered":"https:\/\/www.europesays.com\/es\/85821\/"},"modified":"2025-09-01T10:05:20","modified_gmt":"2025-09-01T10:05:20","slug":"otro-delantero-de-la-seleccion-se-convirtio-en-refuerzo-del-atletico-de-madrid-del-cholo-simeone","status":"publish","type":"post","link":"https:\/\/www.europesays.com\/es\/85821\/","title":{"rendered":"Otro delantero de la Selecci\u00f3n se convirti\u00f3 en refuerzo del Atl\u00e9tico de Madrid del Cholo Simeone"},"content":{"rendered":"<p><img alt=\"Nico Gonz\u00e1lez dejar\u00e1 la Juventus\" class=\"global-image\" decoding=\"async\" fetchpriority=\"high\" height=\"4000\" loading=\"eager\" src=\"https:\/\/www.europesays.com\/es\/wp-content\/uploads\/2025\/09\/O32YUV7PYZFFPRUV63MUQXHB5I.jpg\" width=\"6000\"\/>Nico Gonz\u00e1lez dejar\u00e1 la Juventus para sumarse al Colchonero. Foto: Fabio Ferrari\/LaPresse via AP<\/p>\n<p class=\"paragraph\">El comienzo de la temporada del <b>Atl\u00e9tico de Madrid<\/b> no ha sido el esperado. Luego del fracaso en el <b>Mundial de Clubes<\/b>, donde no logr\u00f3 superar la fase de grupos, el Colchonero comenz\u00f3 su producci\u00f3n en<b> La Liga<\/b> con una pobre cosecha de<b> 2 puntos de los 9 disponibles <\/b>en las tres primeras fechas. <\/p>\n<p class=\"paragraph\">La derrota con el <b>Espanyol de Barcelona<\/b> en su debut, y los empates (ambos 1 a 1) contra <b>Elche <\/b>y <b>Alav\u00e9s <\/b>encendieron las alarmas en el <b>Metropolitano<\/b>. Y en las \u00faltimas horas, sobre el cierre del mercado de pases, el periodista<b> Fabrizio Romano <\/b>confirm\u00f3 que la instituci\u00f3n de la capital espa\u00f1ola sumar\u00e1 a uno de los atacantes de La Scaloneta para revertir el flojo presente. <\/p>\n<p class=\"paragraph\">\u00ab<b>Nico Gonz\u00e1lez al Atl\u00e9tico de Madrid<\/b> \u00a1All\u00e1 vamos! <b>Acuerdo cerrado: cesi\u00f3n inicial con opci\u00f3n de compra que podr\u00eda convertirse en una obligaci\u00f3n por 33 millones de euros (casi USD 39 millones).<\/b> La obligaci\u00f3n de compra est\u00e1 vinculada al n\u00famero de partidos que Nico juegue en el Atl\u00e9tico. Noticia exclusiva, ya confirmada\u00bb, desliz\u00f3 el cronista en su cuenta oficial de X (ex Twitter).<\/p>\n<p><img alt=\"El posteo de Fabrizio Romano\" class=\"global-image\" decoding=\"async\" fetchpriority=\"low\" height=\"877\" loading=\"lazy\" src=\"https:\/\/www.europesays.com\/es\/wp-content\/uploads\/2025\/09\/CEYTLI4DB5G3JFB45FOOFZKXHE.jpg\" width=\"630\"\/>El posteo de Fabrizio Romano<\/p>\n<p class=\"paragraph\">La llegada del atacante con pasado en Argentinos Juniors al combinado liderado por<b> Diego Simeone<\/b> marcar\u00e1 un nuevo cap\u00edtulo en la presencia de La Scaloneta dentro del plantel ib\u00e9rico. El delantero, que hasta ahora formaba parte de la <b>Juventus<\/b>, ha alcanzado un acuerdo para sumarse al<b> Atl\u00e9tico de Madrid<\/b> en calidad de pr\u00e9stamo, aunque la oficializaci\u00f3n de su incorporaci\u00f3n depende todav\u00eda de la aprobaci\u00f3n de <b>La Liga<\/b> para completar su inscripci\u00f3n.<\/p>\n<p class=\"paragraph\">Con su arribo, el conjunto rojiblanco sumar\u00e1 al sexto futbolista argentino, si se tienen en cuenta los nombres de <b>Juan Musso, Nahuel Molina, Thiago Almada, Giuliano Simeone <\/b>y <b>Juli\u00e1n \u00c1lvarez<\/b>. <\/p>\n<p class=\"paragraph\">El delantero, que ostenta el t\u00edtulo de <b>bicampe\u00f3n de la Copa Am\u00e9rica<\/b>, fue recientemente convocado por <b>Lionel Scaloni<\/b> para la \u00faltima doble fecha de las Eliminatorias Sudamericanas, dado que la Albiceleste se enfrentar\u00e1 a <b>Venezuela <\/b>en el estadio Monumental el <b>4 de septiembre<\/b> y chocar\u00e1 contra <b>Ecuador <\/b>en <b>Guayaquil <\/b>el <b>9 de septiembre.<\/b> <\/p>\n<p class=\"paragraph\">\u201c<b>Est\u00e1 claro que nos hicieron cuatro goles en tres partidos<\/b>, los cuales <b>son dif\u00edciles de entender.<\/b> Pero bueno, <b>tenemos dos puntos de nueve<\/b>, hay que seguir trabajando y confiar en lo que hacemos, porque <b>tengo seguridad que con trabajo vamos a volver a recuperar resultados que nos ayuden a estar mejor<\/b>\u201d, declar\u00f3 el Cholo en di\u00e1logo con Movistar Plus+ luego de la \u00faltima presentaci\u00f3n en<b> Mendizorroza<\/b>. Y agreg\u00f3: \u201c<b>Es tiempo de seguir trabajando, de confiar absolutamente en mis jugadores<\/b>. Seguramente, <b>lo vamos a hacer mejor de lo que lo estamos haciendo<\/b>. A tener fe en lo que hacemos, <b>a creer en lo que el equipo genera y a mejorar en las cosas que evidentemente necesitamos mejorar<\/b>\u201d. <\/p>\n<p class=\"paragraph\">En esos momentos no le hicieron ninguna consulta en relaci\u00f3n a los refuerzos que podr\u00edan llegar; pero la falta de resultados apuraron las negociaciones y <b>Nico Gonz\u00e1lez <\/b>se presentar\u00e1 como una alternativa m\u00e1s para el ataque del Colchonero. Vale recordar que puede actuar como mediocampista por afuera, carrilero y hasta eventualmente como lateral.<\/p>\n<p class=\"paragraph\">En el \u00e1mbito privado, el jugador llegar\u00e1 en soledad a Barajas, dado que se encuentra recientemente separado de su pareja <b>Paloma Silberberg<\/b>, con quien mantuvo una relaci\u00f3n por m\u00e1s de tres a\u00f1os. La semana pasada, ella decidi\u00f3 hablar con las c\u00e1maras de <b>A la tarde <\/b>(Am\u00e9rica TV) acerca de las razones de su distanciamiento con el futbolista y revel\u00f3 c\u00f3mo se enter\u00f3 de que le estaba siendo infiel.<\/p>\n<p class=\"paragraph\">Reci\u00e9n llegada a la Argentina, todav\u00eda dentro de Ezeiza, Paloma comenz\u00f3 a mandarle mensajes al futbolista preguntando por el auto que la ten\u00eda que esperar a las afueras del aeropuerto. Al no recibir respuestas, tom\u00f3 una decisi\u00f3n que cambi\u00f3 para siempre el estado de su relaci\u00f3n.<\/p>\n<p class=\"paragraph\">En un principio, sin mucha convicci\u00f3n acerca de contarlo o no, decidi\u00f3 dar el paso: \u201c<b>Es muy pol\u00e9mico<\/b>. La realidad es que en la casa que ten\u00edamos en Italia ten\u00edamos c\u00e1maras de seguridad y<b> \u00e9l pens\u00f3 que yo no las ten\u00eda m\u00e1s porque mand\u00f3 a cambiar las contrase\u00f1as<\/b>, pero las segu\u00eda teniendo porque estaban con mi mail\u201d.<\/p>\n<p class=\"paragraph\">\u201cLlegu\u00e9 a Ezeiza, supuestamente alguien me iba a ayudar con las valijas, le escrib\u00ed porque no hab\u00eda nadie esper\u00e1ndome para ayudarme. <b>Le escrib\u00ed y como no me respond\u00eda, revis\u00e9 las c\u00e1maras y me la com\u00ed: estaba con otra chica<\/b>\u201d, detall\u00f3 acerca sobre c\u00f3mo se enter\u00f3 de la infidelidad del delantero. Naturalmente, <b>Nico Gonz\u00e1lez<\/b> no llega en su mejor momento personal al vestuario del Aleti.<\/p>\n","protected":false},"excerpt":{"rendered":"Nico Gonz\u00e1lez dejar\u00e1 la Juventus para sumarse al Colchonero. Foto: Fabio Ferrari\/LaPresse via AP El comienzo de la&hellip;\n","protected":false},"author":2,"featured_media":85822,"comment_status":"","ping_status":"","sticky":false,"template":"","format":"standard","meta":{"footnotes":""},"categories":[268],"tags":[31840,31841,168,25,24,280,282,31842,31843,31844,281,23,3020,167],"class_list":{"0":"post-85821","1":"post","2":"type-post","3":"status-publish","4":"format-standard","5":"has-post-thumbnail","7":"category-futbol","8":"tag-calcio","9":"tag-coppa-italia-frecciarossa-2024-2025","10":"tag-deportes","11":"tag-es","12":"tag-espana","13":"tag-football","14":"tag-futbol","15":"tag-italian-cup","16":"tag-secondo-turno","17":"tag-sedicesimi","18":"tag-soccer","19":"tag-spain","20":"tag-sport","21":"tag-sports"},"share_on_mastodon":{"url":"","error":""},"_links":{"self":[{"href":"https:\/\/www.europesays.com\/es\/wp-json\/wp\/v2\/posts\/85821","targetHints":{"allow":["GET"]}}],"collection":[{"href":"https:\/\/www.europesays.com\/es\/wp-json\/wp\/v2\/posts"}],"about":[{"href":"https:\/\/www.europesays.com\/es\/wp-json\/wp\/v2\/types\/post"}],"author":[{"embeddable":true,"href":"https:\/\/www.europesays.com\/es\/wp-json\/wp\/v2\/users\/2"}],"replies":[{"embeddable":true,"href":"https:\/\/www.europesays.com\/es\/wp-json\/wp\/v2\/comments?post=85821"}],"version-history":[{"count":0,"href":"https:\/\/www.europesays.com\/es\/wp-json\/wp\/v2\/posts\/85821\/revisions"}],"wp:featuredmedia":[{"embeddable":true,"href":"https:\/\/www.europesays.com\/es\/wp-json\/wp\/v2\/media\/85822"}],"wp:attachment":[{"href":"https:\/\/www.europesays.com\/es\/wp-json\/wp\/v2\/media?parent=85821"}],"wp:term":[{"taxonomy":"category","embeddable":true,"href":"https:\/\/www.europesays.com\/es\/wp-json\/wp\/v2\/categories?post=85821"},{"taxonomy":"post_tag","embeddable":true,"href":"https:\/\/www.europesays.com\/es\/wp-json\/wp\/v2\/tags?post=85821"}],"curies":[{"name":"wp","href":"https:\/\/api.w.org\/{rel}","templated":true}]}}