{"id":85856,"date":"2025-09-01T10:33:19","date_gmt":"2025-09-01T10:33:19","guid":{"rendered":"https:\/\/www.europesays.com\/es\/85856\/"},"modified":"2025-09-01T10:33:19","modified_gmt":"2025-09-01T10:33:19","slug":"moda-espanola-unos-shorts-y-las-zapatillas-que-adora-la-generacion-z","status":"publish","type":"post","link":"https:\/\/www.europesays.com\/es\/85856\/","title":{"rendered":"moda espa\u00f1ola, unos &#8216;shorts&#8217; y las zapatillas que adora la generaci\u00f3n Z"},"content":{"rendered":"<p id=\"eFsAPw8SOs\" data-wc=\"127\">La realeza neerlandesa ha cambiado los salones de gala por el rugir de los motores. Este domingo, <a class=\"hm-link\" href=\"https:\/\/www.hola.com\/realeza\/casa_holanda\/20250831853077\/formula-1-holanda-princesas-amalia-alexia-ariane-reina-maxima\/\" rel=\"noopener nofollow\" target=\"_blank\" data-mrf-recirculation=\"article-body-link\">el rey Guillermo, la reina M\u00e1xima y sus tres hijas \u2014las princesas Amalia, Alexia y Ariane\u2014 han acudido al Gran Premio de F\u00f3rmula 1 de los Pa\u00edses Bajos en Zandvoort<\/a>. La familia ha disfrutado de la jornada desde la parrilla de salida, donde han saludado a pilotos y miembros de los equipos, y <strong>han protagonizado uno de los momentos m\u00e1s comentados y divertidos<\/strong> cuando M\u00e1xima, en una entrevista con DAZN Espa\u00f1a, ha confesado que animaba a Max Verstappen, aunque sin olvidarse del piloto argentino (y su compatriota) Franco Colapinto, al que tambi\u00e9n ha deseado suerte. Una aparici\u00f3n p\u00fablica que ha dejado, adem\u00e1s de an\u00e9cdotas, un despliegue de estilo muy comentado.<\/p>\n<p> <img src=\"https:\/\/www.europesays.com\/es\/wp-content\/uploads\/2025\/09\/bc3e0e0d595b-gettyimages-2233004707.jpg\"   width=\"1024\" height=\"682\" loading=\"lazy\" decoding=\"async\" alt=\"Familia real de Pa\u00edses Bajos en el Gran Premio de F\u00f3rmula 1 de los Pa\u00edses Bajos en Zandvoort 2025\" fetchpriority=\"auto\" class=\"image ho-image\"\/>\u00a9 Getty<\/p>\n<p id=\"eSEjNCvbDu\" data-wc=\"64\">M\u00e1s all\u00e1 de la emoci\u00f3n en el circuito, la familia real holandesa ha vuelto a demostrar su maestr\u00eda a la hora de <strong>combinar moda de lujo con piezas de firmas m\u00e1s asequibles \u2014incluyendo marcas espa\u00f1olas muy reconocibles y hasta gui\u00f1os al fast fashion\u2014<\/strong>. Una mezcla inteligente que refleja c\u00f3mo la realeza europea interpreta la moda actual: cercana, vers\u00e1til y siempre con un toque aspiracional.<\/p>\n<p>  <img src=\"https:\/\/www.europesays.com\/es\/wp-content\/uploads\/2025\/09\/4f6bcb34f3ad-gettyimages-2233006069.jpg\"   width=\"1080\" height=\"1800\" loading=\"lazy\" decoding=\"async\" alt=\"M\u00e1xima de Holanda en el Gran Premio de F\u00f3rmula 1 de los Pa\u00edses Bajos en Zandvoort 2025\" fetchpriority=\"auto\" class=\"image ho-image\"\/>\u00a9 Getty<\/p>\n<p>  <img src=\"https:\/\/www.europesays.com\/es\/wp-content\/uploads\/2025\/09\/719495ea5f07-gettyimages-2233069313.jpg\"   width=\"682\" height=\"1024\" loading=\"lazy\" decoding=\"async\" alt=\"M\u00e1xima de Holanda en el Gran Premio de F\u00f3rmula 1 de los Pa\u00edses Bajos en Zandvoort 2025\" fetchpriority=\"auto\" class=\"image ho-image\"\/>\u00a9 Getty<\/p>\n<p>M\u00e1xima de Holanda\u00a0<\/p>\n<p id=\"e-WLcjszAN6\" data-wc=\"126\">Fiel a su estilo ecl\u00e9ctico, <a class=\"hm-link\" href=\"https:\/\/www.hola.com\/realeza\/casa_holanda\/20250822851640\/maxima-holanda-misterio-resuelto-isla-grecia\/\" rel=\"noopener nofollow\" target=\"_blank\" data-mrf-recirculation=\"article-body-link\">M\u00e1xima<\/a> ha apostado por un look fresco y veraniego en clave sofisticada. La reina ha combinado un top y una chaqueta fina de punto de color blanco con una falda de la firma griega <strong>Zeus &amp; Dione<\/strong>, aportando ese punto de artesan\u00eda mediterr\u00e1nea que tanto le gusta. Ha completado el conjunto con sandalias de tac\u00f3n en color nude de <strong>Gianvito Rossi<\/strong> y un bolso de ante en color terracota de <strong>Marina Raphael<\/strong>, dos de sus firmas fetiche, adem\u00e1s de sus inseparables gafas <strong>Ray-Ban<\/strong> y joyas cuidadosamente seleccionadas: reloj Tank\u00a0de <strong>Cartier<\/strong>, pendientes de <strong>JAR\u00a0<\/strong>y pulseras de <strong>Dinh Van<\/strong> y <strong>Marianna Goulandris<\/strong>. Un estilismo que refleja su capacidad para moverse con naturalidad entre la alta costura y la moda m\u00e1s contempor\u00e1nea.<\/p>\n<p>  <img src=\"https:\/\/www.europesays.com\/es\/wp-content\/uploads\/2025\/09\/fe4292d9e420-gettyimages-2233005950.jpg\"   width=\"1080\" height=\"1800\" loading=\"lazy\" decoding=\"async\" alt=\"Amalia de Holanda en el Gran Premio de F\u00f3rmula 1 de los Pa\u00edses Bajos en Zandvoort 2025\" fetchpriority=\"auto\" class=\"image ho-image\"\/>\u00a9 Getty<\/p>\n<p>  <img src=\"https:\/\/www.europesays.com\/es\/wp-content\/uploads\/2025\/09\/bc681a8d93d4-gettyimages-2233069330.jpg\"   width=\"1080\" height=\"1800\" loading=\"lazy\" decoding=\"async\" alt=\"Amalia de Holanda en el Gran Premio de F\u00f3rmula 1 de los Pa\u00edses Bajos en Zandvoort 2025\" fetchpriority=\"auto\" class=\"image ho-image\"\/>\u00a9 Getty<\/p>\n<p>Princesa Amalia\u00a0<\/p>\n<p id=\"e_0NszD98fW\" data-wc=\"94\"><a class=\"hm-link\" href=\"https:\/\/www.hola.com\/realeza\/casa_holanda\/20250717844819\/amalia-de-holanda-y-el-verano-de-su-vida-vacaciones-con-sus-amigas-en-su-paraiso-griego\/\" rel=\"noopener nofollow\" target=\"_blank\" data-mrf-recirculation=\"article-body-link\">La heredera al trono, que ha pasado sus vacaciones de verano en Grecia con amigas<\/a>, ha mostrado una vez m\u00e1s su gusto por las marcas accesibles y juveniles. Amalia ha elegido un abrigo fino de <strong>Mango\u00a0<\/strong>sobre un conjunto negro de dos piezas de <strong>Reformation<\/strong>, al que ha sumado unas zapatillas <strong>Adidas<\/strong> en color verde<strong>\u00a0<\/strong>y un bolso de piel de <strong>Massimo\u00a0<\/strong><strong>Dutti<\/strong>. Sus gafas de sol de <strong>C\u00e9line\u00a0<\/strong>y su reloj de <strong>Cartier\u00a0<\/strong>a\u00f1aden un toque de lujo discreto al estilismo, equilibrando perfectamente la frescura de su look con detalles cl\u00e1sicos y elegantes.\u00a0<\/p>\n<p>  <img src=\"https:\/\/www.europesays.com\/es\/wp-content\/uploads\/2025\/09\/5b7da6183fe6-gettyimages-2233006013.jpg\"   width=\"1080\" height=\"1800\" loading=\"lazy\" decoding=\"async\" alt=\"Alexia de Holanda en el Gran Premio de F\u00f3rmula 1 de los Pa\u00edses Bajos en Zandvoort 2025\" fetchpriority=\"auto\" class=\"image ho-image\"\/>\u00a9 Getty<\/p>\n<p>  <img src=\"https:\/\/www.europesays.com\/es\/wp-content\/uploads\/2025\/09\/83118def831c-gettyimages-2233004710.jpg\"   width=\"1080\" height=\"1800\" loading=\"lazy\" decoding=\"async\" alt=\"Alexia de Holanda en el Gran Premio de F\u00f3rmula 1 de los Pa\u00edses Bajos en Zandvoort 2025\" fetchpriority=\"auto\" class=\"image ho-image\"\/>\u00a9 Getty<\/p>\n<p>Princesa Alexia\u00a0<\/p>\n<p id=\"ehrrANqZCBg\" data-wc=\"93\"><a class=\"hm-link\" href=\"https:\/\/www.hola.com\/actualidad\/20250712843898\/alexia-de-holanda-se-sincera-sobre-su-salud-mental-y-su-nueva-vida-en-londres-a-veces-llamo-a-mis-padres-dos-veces-al-dia\/\" rel=\"noopener nofollow\" target=\"_blank\" data-mrf-recirculation=\"article-body-link\">Alexia, que ha empezado una nueva vida en Londres<\/a>, es considerada la m\u00e1s atrevida en t\u00e9rminos de moda dentro de la familia. En esta ocasi\u00f3n se ha decantado por un conjunto muy oto\u00f1al de <strong>Sandro<\/strong>: blazer, top y shorts de la firma francesa. A\u00f1ade un aire juvenil pero sofisticado con unas botas altas de <strong>Gianvito\u00a0<\/strong><strong>Rossi\u00a0<\/strong>y un bolso de <strong>Demellier London<\/strong>, rematando el look con gafas de sol de <strong>Akila\u00a0<\/strong>y un collar de <strong>Rosa de la Cruz<\/strong>. Una apuesta que confirma su estilo moderno, cosmopolita y con gui\u00f1os al street style.<\/p>\n<p>  <img src=\"https:\/\/www.europesays.com\/es\/wp-content\/uploads\/2025\/09\/ea76caac112d-gettyimages-2233005944.jpg\"   width=\"1080\" height=\"1800\" loading=\"lazy\" decoding=\"async\" alt=\"Ariane de Holanda en el Gran Premio de F\u00f3rmula 1 de los Pa\u00edses Bajos en Zandvoort 2025\" fetchpriority=\"auto\" class=\"image ho-image\"\/>\u00a9 Getty<\/p>\n<p>  <img src=\"https:\/\/www.europesays.com\/es\/wp-content\/uploads\/2025\/09\/656c0ef393f1-u589987013.jpg\"   width=\"1080\" height=\"1800\" loading=\"lazy\" decoding=\"async\" alt=\"Ariane de Holanda y su madre, la reina M\u00e1xima, en el Gran Premio de F\u00f3rmula 1 de los Pa\u00edses Bajos en Zandvoort 2025\" fetchpriority=\"auto\" class=\"image ho-image\"\/>\u00a9 GTRES<\/p>\n<p>Princesa Ariane\u00a0<\/p>\n<p id=\"ep0JuCmohP1\" data-wc=\"77\">La benjamina del clan, <a class=\"hm-link\" href=\"https:\/\/www.hola.com\/realeza\/casa_holanda\/20250708842814\/ariane-de-holanda-celebra-graduacion-bandera\/\" rel=\"noopener nofollow\" target=\"_blank\" data-mrf-recirculation=\"article-body-link\">Ariane, que se ha graduado este a\u00f1o<\/a>, ha optado por un estilismo sencillo y c\u00f3modo, perfecto para una jornada en el circuito. Ha elegido una camisa a rayas de color azul de <strong>Max Mara<\/strong> combinada con vaqueros, cintur\u00f3n de <strong>Pull&amp;Bear\u00a0<\/strong>y zapatillas <strong>Adidas\u00a0<\/strong>en color burdeos, un look desenfadado que completa con gafas de sol de <strong>C\u00e9line<\/strong>. Su elecci\u00f3n refleja la naturalidad de sus 17 a\u00f1os, con un estilo juvenil y sin artificios.\u00a0<\/p>\n<p> <img src=\"https:\/\/www.europesays.com\/es\/wp-content\/uploads\/2025\/09\/8ea8662864e3-u589987008.jpg\"   width=\"1024\" height=\"682\" loading=\"lazy\" decoding=\"async\" alt=\"Las princesas de Pa\u00edses Bajos en el Gran Premio de F\u00f3rmula 1 de los Pa\u00edses Bajos en Zandvoort 2025\" fetchpriority=\"auto\" class=\"image ho-image\"\/>\u00a9 GTRES<\/p>\n<p id=\"eZeA5uRF_ph\" data-wc=\"88\">La jornada en Zandvoort no solo ha dejado emoci\u00f3n en la pista, con Piastri en el podio, sino tambi\u00e9n una imagen muy cercana y estilosa de <a class=\"hm-link\" href=\"https:\/\/www.hola.com\/realeza\/casa_holanda\/20250722845776\/reyes-guillermo-maxima-de-holanda-polemica-8-semanas-vacaciones-extranjero-grecia\/\" rel=\"noopener nofollow\" target=\"_blank\" data-mrf-recirculation=\"article-body-link\">la familia real neerlandesa, alej\u00e1ndose de la pol\u00e9mica de este verano<\/a>. Con looks que combinaban lujo, artesan\u00eda y moda asequible, M\u00e1xima y sus hijas demostraron que la elegancia puede adaptarse a cualquier escenario, incluso al de la F\u00f3rmula 1. Una aparici\u00f3n que refuerza el magnetismo de la reina y <strong>la creciente influencia de las princesas en el panorama de la moda europea<\/strong>.<\/p>\n<p> <img src=\"https:\/\/www.europesays.com\/es\/wp-content\/uploads\/2025\/09\/734eaf90004d-gettyimages-2233004679.jpg\"   width=\"755\" height=\"1024\" loading=\"lazy\" decoding=\"async\" alt=\"La familia real de Pa\u00edses Bajos en el Gran Premio de F\u00f3rmula 1 de los Pa\u00edses Bajos en Zandvoort 2025\" fetchpriority=\"auto\" class=\"image ho-image\"\/>\u00a9 Getty<\/p>\n","protected":false},"excerpt":{"rendered":"La realeza neerlandesa ha cambiado los salones de gala por el rugir de los motores. Este domingo, el&hellip;\n","protected":false},"author":2,"featured_media":85857,"comment_status":"","ping_status":"","sticky":false,"template":"","format":"standard","meta":{"footnotes":""},"categories":[270],"tags":[1024,23153,23151,23154,168,25,24,306,271,272,23150,1023,23152,23,167],"class_list":{"0":"post-85856","1":"post","2":"type-post","3":"status-publish","4":"format-standard","5":"has-post-thumbnail","7":"category-formula-1","8":"tag-actualidad-moda","9":"tag-alexia-de-holanda","10":"tag-amalia-de-holanda","11":"tag-ariane-de-holanda","12":"tag-deportes","13":"tag-es","14":"tag-espana","15":"tag-f1","16":"tag-formula-1","17":"tag-formula1","18":"tag-maxima-de-holanda","19":"tag-moda","20":"tag-realeza-holanda","21":"tag-spain","22":"tag-sports"},"share_on_mastodon":{"url":"","error":""},"_links":{"self":[{"href":"https:\/\/www.europesays.com\/es\/wp-json\/wp\/v2\/posts\/85856","targetHints":{"allow":["GET"]}}],"collection":[{"href":"https:\/\/www.europesays.com\/es\/wp-json\/wp\/v2\/posts"}],"about":[{"href":"https:\/\/www.europesays.com\/es\/wp-json\/wp\/v2\/types\/post"}],"author":[{"embeddable":true,"href":"https:\/\/www.europesays.com\/es\/wp-json\/wp\/v2\/users\/2"}],"replies":[{"embeddable":true,"href":"https:\/\/www.europesays.com\/es\/wp-json\/wp\/v2\/comments?post=85856"}],"version-history":[{"count":0,"href":"https:\/\/www.europesays.com\/es\/wp-json\/wp\/v2\/posts\/85856\/revisions"}],"wp:featuredmedia":[{"embeddable":true,"href":"https:\/\/www.europesays.com\/es\/wp-json\/wp\/v2\/media\/85857"}],"wp:attachment":[{"href":"https:\/\/www.europesays.com\/es\/wp-json\/wp\/v2\/media?parent=85856"}],"wp:term":[{"taxonomy":"category","embeddable":true,"href":"https:\/\/www.europesays.com\/es\/wp-json\/wp\/v2\/categories?post=85856"},{"taxonomy":"post_tag","embeddable":true,"href":"https:\/\/www.europesays.com\/es\/wp-json\/wp\/v2\/tags?post=85856"}],"curies":[{"name":"wp","href":"https:\/\/api.w.org\/{rel}","templated":true}]}}