{"id":85888,"date":"2025-09-01T10:54:09","date_gmt":"2025-09-01T10:54:09","guid":{"rendered":"https:\/\/www.europesays.com\/es\/85888\/"},"modified":"2025-09-01T10:54:09","modified_gmt":"2025-09-01T10:54:09","slug":"la-accesibilidad-un-aspecto-prioritario-en-las-actividades-de-las-fiestas-de-valladolid","status":"publish","type":"post","link":"https:\/\/www.europesays.com\/es\/85888\/","title":{"rendered":"La accesibilidad, un aspecto prioritario en las actividades de las fiestas de Valladolid"},"content":{"rendered":"<p>Descripci\u00f3n<\/p>\n<ul>\n<li class=\" cmAlignjustify\">Entre las acciones destacan un int\u00e9rprete de lengua de signos durante el preg\u00f3n, la reserva de zonas habilitadas para personas con movilidad reducida en los espacios gastron\u00f3micos y zonas de mayor afluencia, el aumento de ba\u00f1os qu\u00edmicos adaptados y la reserva del balc\u00f3n de la Casa Consistorial para asistir a los conciertos en la Plaza Mayor.<\/li>\n<li class=\" cmAlignjustify\">Se desplegar\u00e1n 54 ba\u00f1os port\u00e1tiles por la ciudad, de los que 10 ser\u00e1n accesibles, 3 m\u00e1s que el pasado a\u00f1o.<\/li>\n<li class=\" cmAlignjustify\">Las actividades infantiles contemplar\u00e1n un int\u00e9rprete de lengua de signos en obras de teatro y un concierto inclusivo.<\/li>\n<\/ul>\n<p class=\"cmParagraph cmAlignjustify\">El alcalde de Valladolid, Jes\u00fas Julio Carnero, ha presentado hoy junto a la concejala de Turismo, Eventos y Marca Ciudad, Blanca Jim\u00e9nez, y el concejal de Familia, Personas Mayores y Servicios Sociales, Rodrigo Nieto, las actuaciones en materia de accesibilidad que el Ayuntamiento ha implementado para la celebraci\u00f3n del 25 aniversario de la Feria y Fiestas de la Virgen de San Lorenzo. Una serie de medidas y actividades organizadas para que todos los vecinos de la ciudad y visitantes puedan disfrutar de la festividad de la patrona.<\/p>\n<p class=\"cmParagraph cmAlignjustify\">As\u00ed, se desplegar\u00e1n ba\u00f1os port\u00e1tiles en distintas zonas de la ciudad, con motivo de la celebraci\u00f3n de la Feria de d\u00eda. Ser\u00e1n en total son 54 unidades, de las cuales 10 ser\u00e1n accesibles, 3 m\u00e1s que el a\u00f1o pasado. La ubicaci\u00f3n de los ba\u00f1os accesibles ser\u00e1 la siguiente: Plaza de Santa Ana, inmediaciones de calle Ferrari- Plaza de Fuente Dorada, Paseo Zorrilla (a la altura del Lucense), \u2060Cadenas de San Gregorio, Acera de Recoletos, Plaza de \u2060Portugalete, Las Moreras, antiguo Picadero de la Academia de Caballer\u00eda, y explanada de la calle Mieses.<\/p>\n<p class=\"cmParagraph cmAlignjustify\">Valladolid fue galardonada el pasado mes de enero en los Premios FITUR4all celebrados en el marco de la Feria Internacional de Turismo-FITUR, como el mejor \u2018Destino Nacional Inclusivo\u2019. Un galard\u00f3n que la ciudad recibi\u00f3 gracias a su compromiso con las personas con discapacidad y su trabajo por hacerles part\u00edcipes de todos los eventos que tienen lugar en la ciudad.<\/p>\n<p class=\"cmParagraph cmAlignjustify\">Precisamente, esta responsabilidad asumida por parte del Ayuntamiento, se pondr\u00e1 de nuevo de manifiesto durante la celebraci\u00f3n del 25 aniversario de la Feria y Fiestas de la Virgen de San Lorenzo, con un programa de actividades que \u00abreflejan nuestra labor por convertir a Valladolid en la ciudad m\u00e1s accesible e inclusiva de Espa\u00f1a\u00bb, tal y como ha remarcado Jes\u00fas Julio Carnero.<\/p>\n<p class=\"cmParagraph cmAlignjustify\">El acto ha contado tambi\u00e9n con la presencia de representantes de organizaciones como INTRAS, Down Valladolid, ASPAYM, FEAFES-El Puente, Esclerosis M\u00faltiple, ONCE, ASPAS, Impulsa Igualdad, FAPSCL y Autismo Valladolid.<\/p>\n<p class=\"cmParagraph cmAlignjustify\">En primer lugar, el preg\u00f3n de las fiestas patronales, que este a\u00f1o ir\u00e1 de la mano de las jugadoras de rugby de \u2018El Salvador\u2019 y las jugadoras de hockey del Club Patinaje en L\u00ednea Valladolid \u2018Panteras\u2019, acompa\u00f1adas de los dulzaineros \u2018Del Val\u2019, contar\u00e1 con un servicio de int\u00e9rprete de lengua de signos cuya imagen se proyectar\u00e1 en la pantalla del escenario de la Plaza Mayor.<\/p>\n<p class=\"cmParagraph cmAlignjustify\">Precisamente, el balc\u00f3n del Ayuntamiento, se habilitar\u00e1 de nuevo, tal y como se ha anunciado, para que las personas con movilidad reducida puedan disfrutar de los conciertos programados en el escenario principal de la Plaza Mayor. Las solicitudes podr\u00e1n enviarse a partir de hoy y hasta el pr\u00f3ximo viernes 5 de septiembre, al correo yovoyalconcierto@ava.es, incluyendo el nombre y apellidos de la persona con movilidad reducida, un tel\u00e9fono de contacto, el d\u00eda o d\u00edas solicitados y el orden de preferencia.<\/p>\n<p class=\"cmParagraph cmAlignjustify\">Las ferias gastron\u00f3micas tambi\u00e9n han dedicado especial atenci\u00f3n para que todo el p\u00fablico pueda disfrutar de uno de los mayores reclamos de las fiestas. Las nuevas casetas de la Feria de D\u00eda contar\u00e1n con un espacio habilitado para personas con movilidad reducida y, adem\u00e1s, con zonas espec\u00edficas se\u00f1alizadas para su uso. Estos mismos espacios reservados, tambi\u00e9n se distribuir\u00e1n en la Feria del Folklore y Gastronom\u00eda, en la zona de fuegos artificiales y en Las Moreras, donde se instalar\u00e1 una plataforma PMR (para personas con movilidad reducida).<\/p>\n<p class=\"cmParagraph cmAlignjustify\">El Consistorio habilitar\u00e1 tambi\u00e9n un c\u00f3digo QR, con las plazas de aparcamiento reservadas para personas con movilidad reducida en las zonas de mayor afluencia.<\/p>\n<p class=\"cmParagraph cmAlignjustify\">En cuanto a las actividades para los m\u00e1s peque\u00f1os, el teatro infantil \u2018La mujer que planta \u00e1rboles\u2019, de la compa\u00f1\u00eda Pie Izquierdo, que se celebrar\u00e1 el martes 9 de septiembre, y \u2018Los cuentos de Lana\u2019 de Libera Teatro. el jueves 11 de septiembre, contar\u00e1n con un int\u00e9rprete de lengua de signos.<\/p>\n<p class=\"cmParagraph cmAlignjustify\">Adem\u00e1s, el domingo 7 de septiembre, la Plaza del Libro del Campo Grande celebrar\u00e1 el concierto inclusivo \u2018Colorado\u2019 del grupo Yamparamp\u00e1n.<\/p>\n<p><\/p>\n","protected":false},"excerpt":{"rendered":"Descripci\u00f3n Entre las acciones destacan un int\u00e9rprete de lengua de signos durante el preg\u00f3n, la reserva de zonas&hellip;\n","protected":false},"author":2,"featured_media":85889,"comment_status":"","ping_status":"","sticky":false,"template":"","format":"standard","meta":{"footnotes":""},"categories":[5],"tags":[4115,4109,249,1250,17,18,4107,4114,777,4110,25,24,13,14,260,11,19,20,4108,9,4112,10,15,16,4111,4116,4113,23,12,21,22,1607],"class_list":{"0":"post-85888","1":"post","2":"type-post","3":"status-publish","4":"format-standard","5":"has-post-thumbnail","7":"category-titulares","8":"tag-agendas","9":"tag-alcaldia","10":"tag-ayudas","11":"tag-ayuntamiento","12":"tag-breaking-news","13":"tag-breakingnews","14":"tag-castilla","15":"tag-centros","16":"tag-ciudad","17":"tag-corporacion","18":"tag-es","19":"tag-espana","20":"tag-featured-news","21":"tag-featurednews","22":"tag-gente","23":"tag-headlines","24":"tag-latest-news","25":"tag-latestnews","26":"tag-leon","27":"tag-news","28":"tag-normativas","29":"tag-noticias","30":"tag-noticias-destacadas","31":"tag-noticiasdestacadas","32":"tag-presupuestos","33":"tag-publicaciones","34":"tag-servicios","35":"tag-spain","36":"tag-titulares","37":"tag-ultimas-noticias","38":"tag-ultimasnoticias","39":"tag-valladolid"},"share_on_mastodon":{"url":"","error":""},"_links":{"self":[{"href":"https:\/\/www.europesays.com\/es\/wp-json\/wp\/v2\/posts\/85888","targetHints":{"allow":["GET"]}}],"collection":[{"href":"https:\/\/www.europesays.com\/es\/wp-json\/wp\/v2\/posts"}],"about":[{"href":"https:\/\/www.europesays.com\/es\/wp-json\/wp\/v2\/types\/post"}],"author":[{"embeddable":true,"href":"https:\/\/www.europesays.com\/es\/wp-json\/wp\/v2\/users\/2"}],"replies":[{"embeddable":true,"href":"https:\/\/www.europesays.com\/es\/wp-json\/wp\/v2\/comments?post=85888"}],"version-history":[{"count":0,"href":"https:\/\/www.europesays.com\/es\/wp-json\/wp\/v2\/posts\/85888\/revisions"}],"wp:featuredmedia":[{"embeddable":true,"href":"https:\/\/www.europesays.com\/es\/wp-json\/wp\/v2\/media\/85889"}],"wp:attachment":[{"href":"https:\/\/www.europesays.com\/es\/wp-json\/wp\/v2\/media?parent=85888"}],"wp:term":[{"taxonomy":"category","embeddable":true,"href":"https:\/\/www.europesays.com\/es\/wp-json\/wp\/v2\/categories?post=85888"},{"taxonomy":"post_tag","embeddable":true,"href":"https:\/\/www.europesays.com\/es\/wp-json\/wp\/v2\/tags?post=85888"}],"curies":[{"name":"wp","href":"https:\/\/api.w.org\/{rel}","templated":true}]}}