{"id":85924,"date":"2025-09-01T11:21:14","date_gmt":"2025-09-01T11:21:14","guid":{"rendered":"https:\/\/www.europesays.com\/es\/85924\/"},"modified":"2025-09-01T11:21:14","modified_gmt":"2025-09-01T11:21:14","slug":"el-nuevo-destino-del-emblematico-local-que-ocupo-irabia-intersport-en-conde-oliveto","status":"publish","type":"post","link":"https:\/\/www.europesays.com\/es\/85924\/","title":{"rendered":"El nuevo destino del emblem\u00e1tico local que ocup\u00f3 Irabia Intersport en Conde Oliveto"},"content":{"rendered":"<p>\n        La <strong>Cl\u00ednica Podol\u00f3gica Rico<\/strong>, con m\u00e1s de diez a\u00f1os de trayectoria en Pamplona, prepara la apertura de su segundo centro en la ciudad. El nuevo local estar\u00e1 ubicado en la <strong>avenida Conde Oliveto<\/strong>, en el mismo espacio que durante d\u00e9cadas ocup\u00f3 la tienda de deportes <a href=\"https:\/\/www.noticiasdenavarra.com\/economia\/2024\/04\/25\/deportes-irabia-cierra-tiendas-pamplona-8157915.html\" title=\"Irabia Intersport\" class=\"link copy\" rel=\"nofollow noopener\" target=\"_blank\">Irabia Intersport<\/a>.\n<\/p>\n<p class=\"article-body__text \">\n        El centro, que ya cuenta con una sede en Mendebaldea, reforzar\u00e1 su presencia en la capital navarra con una <strong>apuesta por la cirug\u00eda podol\u00f3gica m\u00ednimamente invasiva<\/strong>, as\u00ed como por tratamientos especializados en podolog\u00eda cl\u00ednica. Con esta apertura, la cl\u00ednica consolida su crecimiento y ampl\u00eda su oferta de servicios en una zona de gran tr\u00e1nsito de la ciudad.\n<\/p>\n<p>  De templo deportivo a cl\u00ednica sanitaria<\/p>\n<p class=\"article-body__text \">\n        El inmueble que ahora ocupar\u00e1 la cl\u00ednica tiene una larga historia en el comercio pamplon\u00e9s. En los a\u00f1os 80, la tienda de Conde Oliveto se convirti\u00f3 en el principal escaparate de Irabia, una marca que m\u00e1s tarde extendi\u00f3 su actividad a Mendebaldea, el Casco Viejo y la calle Larrabide. Sin embargo, la crisis econ\u00f3mica de 2008-2013 y el impacto posterior de la pandemia precipitaron el cierre de la mayor\u00eda de sus establecimientos.\n<\/p>\n<p class=\"article-photo__footer\">\n            Cartel que anuncia la pr\u00f3xima apertura de la cl\u00ednica.            Iban Aguinaga        <\/p>\n<p class=\"article-body__text \">\n        La mayor tienda que mantiene la ense\u00f1a Intersport en Navarra se encuentra actualmente<strong> en el centro comercial La Morea<\/strong>, considerada una de las m\u00e1s relevantes del grupo en la pen\u00ednsula. All\u00ed, el traspaso en 2022 permiti\u00f3 salvar la actividad y garantizar la continuidad del empleo.\n<\/p>\n<p class=\"article-body__text \">\n        En paralelo, el proceso de reestructuraci\u00f3n culminado en 2024 <strong>supuso la reapertura del local de Mendebaldea como outlet de Intersport Intermorea<\/strong>, gestionado por los responsables de la tienda de La Morea y con la incorporaci\u00f3n de parte de la plantilla original.<\/p>\n","protected":false},"excerpt":{"rendered":"La Cl\u00ednica Podol\u00f3gica Rico, con m\u00e1s de diez a\u00f1os de trayectoria en Pamplona, prepara la apertura de su&hellip;\n","protected":false},"author":2,"featured_media":85925,"comment_status":"","ping_status":"","sticky":false,"template":"","format":"standard","meta":{"footnotes":""},"categories":[80],"tags":[82,4578,95,94,3953,25,24,2552,524,31870,23],"class_list":{"0":"post-85924","1":"post","2":"type-post","3":"status-publish","4":"format-standard","5":"has-post-thumbnail","7":"category-economia","8":"tag-business","9":"tag-destino","10":"tag-economia","11":"tag-economy","12":"tag-emblematico","13":"tag-es","14":"tag-espana","15":"tag-local","16":"tag-nuevo","17":"tag-ocupo","18":"tag-spain"},"share_on_mastodon":{"url":"","error":""},"_links":{"self":[{"href":"https:\/\/www.europesays.com\/es\/wp-json\/wp\/v2\/posts\/85924","targetHints":{"allow":["GET"]}}],"collection":[{"href":"https:\/\/www.europesays.com\/es\/wp-json\/wp\/v2\/posts"}],"about":[{"href":"https:\/\/www.europesays.com\/es\/wp-json\/wp\/v2\/types\/post"}],"author":[{"embeddable":true,"href":"https:\/\/www.europesays.com\/es\/wp-json\/wp\/v2\/users\/2"}],"replies":[{"embeddable":true,"href":"https:\/\/www.europesays.com\/es\/wp-json\/wp\/v2\/comments?post=85924"}],"version-history":[{"count":0,"href":"https:\/\/www.europesays.com\/es\/wp-json\/wp\/v2\/posts\/85924\/revisions"}],"wp:featuredmedia":[{"embeddable":true,"href":"https:\/\/www.europesays.com\/es\/wp-json\/wp\/v2\/media\/85925"}],"wp:attachment":[{"href":"https:\/\/www.europesays.com\/es\/wp-json\/wp\/v2\/media?parent=85924"}],"wp:term":[{"taxonomy":"category","embeddable":true,"href":"https:\/\/www.europesays.com\/es\/wp-json\/wp\/v2\/categories?post=85924"},{"taxonomy":"post_tag","embeddable":true,"href":"https:\/\/www.europesays.com\/es\/wp-json\/wp\/v2\/tags?post=85924"}],"curies":[{"name":"wp","href":"https:\/\/api.w.org\/{rel}","templated":true}]}}