{"id":85928,"date":"2025-09-01T11:23:09","date_gmt":"2025-09-01T11:23:09","guid":{"rendered":"https:\/\/www.europesays.com\/es\/85928\/"},"modified":"2025-09-01T11:23:09","modified_gmt":"2025-09-01T11:23:09","slug":"la-princesa-leonor-aterriza-en-la-aga-de-san-javier-para-iniciar-su-formacion-como-piloto-militar","status":"publish","type":"post","link":"https:\/\/www.europesays.com\/es\/85928\/","title":{"rendered":"La Princesa Leonor aterriza en la AGA de San Javier para iniciar su formaci\u00f3n como piloto militar"},"content":{"rendered":"<p><a class=\"v-mdl-ath__fig-a\" href=\"https:\/\/www.laverdad.es\/autor\/alexia-salas-1897.html\" title=\"Alexia Salas\" rel=\"nofollow noopener\" target=\"_blank\"><br \/>\n<img decoding=\"async\" class=\"v-mdl-ath__img\" src=\"https:\/\/www.europesays.com\/es\/wp-content\/uploads\/2025\/09\/autor-1897-foto-3.jpeg\" alt=\"Alexia Salas\"\/><br \/>\n<\/a><\/p>\n<p class=\"v-mdl-ath__p v-mdl-ath__p--6\">\nLunes, 1 de septiembre 2025, 12:09<\/p>\n<p>| Actualizado 12:55h.<\/p>\n<p class=\"v-p\">Por primera vez, la Princesa de Asturias visti\u00f3 este lunes el uniforme azul del Ej\u00e9rcito del Aire y del Espacio para volar hasta la base a\u00e9rea de San Javier, donde cursar\u00e1 un a\u00f1o de formaci\u00f3n como piloto militar. Con una trayectoria ya de dos a\u00f1os en el estamento militar, la heredera de la Corona llega a la Regi\u00f3n de Murcia con un rodaje en la vida castrense.<\/p>\n<p class=\"v-p\">Lleg\u00f3 poco antes de las 12 de la ma\u00f1ana a bordo de un Falcon, para dirigirse a saludar al coronel director Luis Felipe Gonz\u00e1lez Asenjo. La esperaban en la l\u00ednea de saludo los altos mandos de la Academia General del Aire a las puertas del edificio de direcci\u00f3n, entre ellos el capit\u00e1n Abel Mar\u00edn Rodr\u00edguez, quien ser\u00e1 el jefe de Escuadrilla de cuarto curso, su tutor en los pr\u00f3ximos meses.<\/p>\n<p class=\"v-p\">Do\u00f1a Leonor de Borb\u00f3n entr\u00f3 oficialmente en la Academia General del Aire como princesa, pero ya es <a href=\"https:\/\/www.laverdad.es\/murcia\/princesa-leonor-ante-curso-exigente-san-javier-20250831072527-nt.html\" title=\"www.laverdad.es\" data-voc-vtm-id=\"in-text-traffic\" data-mrf-link=\"www.laverdad.es\" rel=\"nofollow noopener\" target=\"_blank\">una alf\u00e9rez m\u00e1s<\/a> de la base militar de San Javier. A partir de este lunes, la alumna se tendr\u00e1 que cuadrar ante sus superiores y acatar \u00f3rdenes. <\/p>\n<p class=\"v-p\">A continuaci\u00f3n, la Princesa firm\u00f3 en el libro de honor. Tras un primer encuentro con el coronel director, a la heredera la esperaban en el centro de vuelo para cambiar el uniforme azul por el mono verde de entrenamiento de vuelo. <\/p>\n<p class=\"v-p\">En su primer d\u00eda en la AGA, est\u00e1 previsto que conozca el simulador de vuelo y que se acerque al hangar para ver de cerca el avi\u00f3n de ense\u00f1anza Pilatus con el que en pocas semanas tendr\u00e1 que vivir la suelta de vuelo en solitario.<\/p>\n<p>Sus jornadas arrancar\u00e1n a las 6.30 horas<\/p>\n<p class=\"v-p\">En los d\u00edas previos a la llegada de Leonor, la direcci\u00f3n de la base militar insisti\u00f3 en que \u00abno habr\u00e1 trato especial\u00bb para la futura monarca, cuya rutina en San Javier ser\u00e1 la misma que para el resto de estudiantes. Sus jornadas empezar\u00e1n con el toque de diana a las 6.30 de la ma\u00f1ana, desayunar\u00e1 con sus compa\u00f1eros a las 7, dar\u00e1 clases hasta las 18 horas y dispondr\u00e1 de horas libres para estudiar, hacer deporte o pasear hasta las 22 horas, cuando le tocar\u00e1 acostarse.<\/p>\n<p class=\"v-p\">Aunque en la academia de la AGA Leonor ser\u00e1 tratada como \u00ab<a href=\"https:\/\/www.laverdad.es\/murcia\/vida-princesa-leonor-san-javier-companera-dice-20250822003001-nt.html\" title=\"www.laverdad.es\" data-voc-vtm-id=\"in-text-traffic\" data-mrf-link=\"www.laverdad.es\" rel=\"nofollow noopener\" target=\"_blank\">una compa\u00f1era m\u00e1s<\/a>\u00ab, la heredera al trono tendr\u00e1 que compatibilizar su formaci\u00f3n con la agenda institucional que establezca la Casa Real, como asistir al D\u00eda de la Fiesta Nacional y la entrega en Oviedo de los premios que llevan su nombre. Tambi\u00e9n est\u00e1 previsto que en los pr\u00f3ximos meses haga visitas oficiales a la sede del Gobierno regional, la Asamblea Regional y los ayuntamientos de los principales municipios.<\/p>\n<p>Comenta<\/p>\n<p>Reporta un error<\/p>\n","protected":false},"excerpt":{"rendered":"Lunes, 1 de septiembre 2025, 12:09 | Actualizado 12:55h. Por primera vez, la Princesa de Asturias visti\u00f3 este&hellip;\n","protected":false},"author":2,"featured_media":85929,"comment_status":"","ping_status":"","sticky":false,"template":"","format":"standard","meta":{"footnotes":""},"categories":[8],"tags":[16286,17,18,13973,25,24,13,14,7214,11,5264,19,20,11646,6363,9,10,15,16,1650,2228,23,12,21,22],"class_list":{"0":"post-85928","1":"post","2":"type-post","3":"status-publish","4":"format-standard","5":"has-post-thumbnail","7":"category-espana","8":"tag-aga","9":"tag-breaking-news","10":"tag-breakingnews","11":"tag-continuara","12":"tag-es","13":"tag-espana","14":"tag-featured-news","15":"tag-featurednews","16":"tag-formacion","17":"tag-headlines","18":"tag-javier","19":"tag-latest-news","20":"tag-latestnews","21":"tag-leonor","22":"tag-militar","23":"tag-news","24":"tag-noticias","25":"tag-noticias-destacadas","26":"tag-noticiasdestacadas","27":"tag-princesa","28":"tag-san","29":"tag-spain","30":"tag-titulares","31":"tag-ultimas-noticias","32":"tag-ultimasnoticias"},"share_on_mastodon":{"url":"","error":""},"_links":{"self":[{"href":"https:\/\/www.europesays.com\/es\/wp-json\/wp\/v2\/posts\/85928","targetHints":{"allow":["GET"]}}],"collection":[{"href":"https:\/\/www.europesays.com\/es\/wp-json\/wp\/v2\/posts"}],"about":[{"href":"https:\/\/www.europesays.com\/es\/wp-json\/wp\/v2\/types\/post"}],"author":[{"embeddable":true,"href":"https:\/\/www.europesays.com\/es\/wp-json\/wp\/v2\/users\/2"}],"replies":[{"embeddable":true,"href":"https:\/\/www.europesays.com\/es\/wp-json\/wp\/v2\/comments?post=85928"}],"version-history":[{"count":0,"href":"https:\/\/www.europesays.com\/es\/wp-json\/wp\/v2\/posts\/85928\/revisions"}],"wp:featuredmedia":[{"embeddable":true,"href":"https:\/\/www.europesays.com\/es\/wp-json\/wp\/v2\/media\/85929"}],"wp:attachment":[{"href":"https:\/\/www.europesays.com\/es\/wp-json\/wp\/v2\/media?parent=85928"}],"wp:term":[{"taxonomy":"category","embeddable":true,"href":"https:\/\/www.europesays.com\/es\/wp-json\/wp\/v2\/categories?post=85928"},{"taxonomy":"post_tag","embeddable":true,"href":"https:\/\/www.europesays.com\/es\/wp-json\/wp\/v2\/tags?post=85928"}],"curies":[{"name":"wp","href":"https:\/\/api.w.org\/{rel}","templated":true}]}}