{"id":85962,"date":"2025-09-01T11:47:14","date_gmt":"2025-09-01T11:47:14","guid":{"rendered":"https:\/\/www.europesays.com\/es\/85962\/"},"modified":"2025-09-01T11:47:14","modified_gmt":"2025-09-01T11:47:14","slug":"eszena-kalera-llena-de-arte-las-calles-de-bilbao-con-32-espectaculos-en-septiembre","status":"publish","type":"post","link":"https:\/\/www.europesays.com\/es\/85962\/","title":{"rendered":"&#8216;Eszena Kalera&#8217; llena de arte las calles de Bilbao con 32 espect\u00e1culos en septiembre"},"content":{"rendered":"<p>\t\t\t\t\t<img width=\"880\" height=\"495\" src=\"https:\/\/www.europesays.com\/es\/wp-content\/uploads\/2025\/09\/fotonoticia_20250901121450_1920-e1756722374595-880x495.jpg\" class=\"attachment-noticia size-noticia wp-post-image\" alt=\"\u2018Eszena Kalera\u2019 llena de arte las calles de Bilbao con 32 espect\u00e1culos en septiembre\" decoding=\"async\" fetchpriority=\"high\"  \/>\t\t\t\t<\/p>\n<p>\t\t\t\tEspect\u00e1culo de artes de calle en Bilbao \/ AYUNTAMIENTO DE BILBAO\t\t\t\t<\/p>\n<p>         \t<a href=\"https:\/\/www.obramat.es\/?rp_banner_movil\" target=\"_blank\" rel=\"nofollow noopener\" onclick=\"ga(&#039;send&#039;, &#039;event&#039;, &#039;Publicidad&#039;, &#039;Obramat&#039;, &#039;banner_movil&#039;, 1);\"><\/p>\n<p>\t\t\t \t\t\t\t\t \t\t\t\t\t \t<img decoding=\"async\" class=\"d-xl-none mb-3 w-100\" src=\"https:\/\/www.europesays.com\/es\/wp-content\/uploads\/2025\/09\/VR-Movil-960x300_OBRAMAT-BIZKAIA.jpg\" alt=\"Banner de Obramat en Bilbao\" width=\"320\" height=\"100\" loading=\"lazy\"\/><\/p>\n<p>\t\t  \t<\/a><\/p>\n<p data-start=\"194\" data-end=\"565\">El circuito de artes de calle <strong data-start=\"224\" data-end=\"243\">\u00abEszena Kalera\u00bb<\/strong> regresa a Bilbao este mes de septiembre con una programaci\u00f3n repleta de propuestas culturales. El Ayuntamiento organiza esta iniciativa, considerada el mayor circuito de artes de calle de Euskadi, con <strong data-start=\"445\" data-end=\"494\">32 actuaciones a cargo de 17 compa\u00f1\u00edas vascas<\/strong> que se desplegar\u00e1n en distintos barrios de la Villa hasta el d\u00eda 30.<\/p>\n<p>Espect\u00e1culos para todos los p\u00fablicos<\/p>\n<p data-start=\"610\" data-end=\"904\">La programaci\u00f3n est\u00e1 pensada para todas las edades y gustos, con disciplinas como <strong data-start=\"692\" data-end=\"777\">circo, magia, m\u00fasica, teatro de calle, clowns, danza, danza vertical o marionetas<\/strong>. Las representaciones se ofrecer\u00e1n en euskera, castellano, biling\u00fces e incluso sin texto, garantizando as\u00ed su accesibilidad.<\/p>\n<p data-start=\"906\" data-end=\"1100\">El pistoletazo de salida llega este lunes en <strong data-start=\"951\" data-end=\"969\">plaza Indautxu<\/strong> con el espect\u00e1culo \u00abMarietak zirkus\u00bb, de <strong data-start=\"1013\" data-end=\"1030\">Zirika Zirkus<\/strong>, que combina humor, amor y sororidad en un montaje de teatro-circo.<\/p>\n<p>Cierre del ciclo el 30 de septiembre<\/p>\n<p data-start=\"1145\" data-end=\"1437\">El circuito se extender\u00e1 durante todo el mes con actuaciones en diferentes distritos. La clausura tendr\u00e1 lugar el 30 de septiembre con tres propuestas: <strong data-start=\"1297\" data-end=\"1318\">Hortzmuga Teatroa<\/strong> en Zorrotza (11.00 horas), <strong data-start=\"1346\" data-end=\"1358\">Orain-Bi<\/strong> en Matiko (13.00 horas) y <strong data-start=\"1385\" data-end=\"1408\">La Glo Zirko Dantza<\/strong> en Santutxu (19.00 horas).<\/p>\n<p>Talleres de circo para ni\u00f1os y ni\u00f1as<\/p>\n<p data-start=\"1482\" data-end=\"1842\">Adem\u00e1s de los espect\u00e1culos, habr\u00e1 actividades participativas. La compa\u00f1\u00eda <strong data-start=\"1556\" data-end=\"1571\">Zirkozaurre<\/strong> impartir\u00e1 talleres de circo en plaza Indautxu el <strong data-start=\"1621\" data-end=\"1659\">15 de septiembre a las 17.30 horas<\/strong>, con una duraci\u00f3n de dos horas. En ellos, los m\u00e1s peque\u00f1os podr\u00e1n practicar malabares, acrobacias, equilibrio y ejercicios a\u00e9reos, acerc\u00e1ndose al mundo circense a trav\u00e9s del juego.<\/p>\n<p>Cultura de proximidad en los barrios<\/p>\n<p data-start=\"1887\" data-end=\"2201\">Con iniciativas como \u00abEszena Kalera\u00bb, el Ayuntamiento de Bilbao refuerza su compromiso con el <strong data-start=\"1981\" data-end=\"2006\">tecido cultural local<\/strong> y la descentralizaci\u00f3n de la oferta cultural. Todo ello se enmarca en el <strong data-start=\"2080\" data-end=\"2121\">Plan Estrat\u00e9gico de Cultura 2023-2033<\/strong>, que concibe la cultura como un elemento de cohesi\u00f3n y transformaci\u00f3n social.<\/p>\n<p>Acceso libre y gratuito<\/p>\n<p data-start=\"2233\" data-end=\"2385\">La programaci\u00f3n de \u00abEszena Kalera\u00bb es totalmente gratuita y los espect\u00e1culos pueden disfrutarse en espacios abiertos, sin necesidad de reserva previa.<\/p>\n","protected":false},"excerpt":{"rendered":"Espect\u00e1culo de artes de calle en Bilbao \/ AYUNTAMIENTO DE BILBAO El circuito de artes de calle \u00abEszena&hellip;\n","protected":false},"author":2,"featured_media":85963,"comment_status":"","ping_status":"","sticky":false,"template":"","format":"standard","meta":{"footnotes":""},"categories":[91],"tags":[2601,31877,146,147,25,24,31878,23],"class_list":{"0":"post-85962","1":"post","2":"type-post","3":"status-publish","4":"format-standard","5":"has-post-thumbnail","7":"category-entretenimiento","8":"tag-bilbao","9":"tag-bizkaia-y-sus-comarcas","10":"tag-entertainment","11":"tag-entretenimiento","12":"tag-es","13":"tag-espana","14":"tag-eszena-kalera","15":"tag-spain"},"share_on_mastodon":{"url":"","error":""},"_links":{"self":[{"href":"https:\/\/www.europesays.com\/es\/wp-json\/wp\/v2\/posts\/85962","targetHints":{"allow":["GET"]}}],"collection":[{"href":"https:\/\/www.europesays.com\/es\/wp-json\/wp\/v2\/posts"}],"about":[{"href":"https:\/\/www.europesays.com\/es\/wp-json\/wp\/v2\/types\/post"}],"author":[{"embeddable":true,"href":"https:\/\/www.europesays.com\/es\/wp-json\/wp\/v2\/users\/2"}],"replies":[{"embeddable":true,"href":"https:\/\/www.europesays.com\/es\/wp-json\/wp\/v2\/comments?post=85962"}],"version-history":[{"count":0,"href":"https:\/\/www.europesays.com\/es\/wp-json\/wp\/v2\/posts\/85962\/revisions"}],"wp:featuredmedia":[{"embeddable":true,"href":"https:\/\/www.europesays.com\/es\/wp-json\/wp\/v2\/media\/85963"}],"wp:attachment":[{"href":"https:\/\/www.europesays.com\/es\/wp-json\/wp\/v2\/media?parent=85962"}],"wp:term":[{"taxonomy":"category","embeddable":true,"href":"https:\/\/www.europesays.com\/es\/wp-json\/wp\/v2\/categories?post=85962"},{"taxonomy":"post_tag","embeddable":true,"href":"https:\/\/www.europesays.com\/es\/wp-json\/wp\/v2\/tags?post=85962"}],"curies":[{"name":"wp","href":"https:\/\/api.w.org\/{rel}","templated":true}]}}