{"id":85983,"date":"2025-09-01T11:59:08","date_gmt":"2025-09-01T11:59:08","guid":{"rendered":"https:\/\/www.europesays.com\/es\/85983\/"},"modified":"2025-09-01T11:59:08","modified_gmt":"2025-09-01T11:59:08","slug":"equipo-mclaren-de-la-formula-1-se-valora-en-aproximadamente-de-us4-100-millones","status":"publish","type":"post","link":"https:\/\/www.europesays.com\/es\/85983\/","title":{"rendered":"Equipo McLaren de la F\u00f3rmula 1 se valora en aproximadamente de US$4.100 millones"},"content":{"rendered":"<p>McLaren Racing Ltd, el equipo de F\u00f3rmula Uno que actualmente lidera el campeonato, ser\u00e1 valorado en m\u00e1s de US$4.100 millones en una venta de participaci\u00f3n, <strong>seg\u00fan dos personas familiarizadas con el asunto, lo que subraya el continuo optimismo de los inversores sobre el deporte.<\/strong><\/p>\n<p><strong>Los propietarios de McLaren Group Limited, el fondo soberano de riqueza de Bahr\u00e9in Mumtalakat y CYVN Holdings con sede en Abu Dhabi<\/strong>, tomar\u00e1n el control total del equipo de carreras, dijeron las personas, que pidieron no ser identificadas al discutir el acuerdo.<\/p>\n<p><strong>Comprar\u00e1n la participaci\u00f3n de 30% de MSP Sports Capital y otros accionistas minoritarios que adquirieron acciones de McLaren en 2020 por una valoraci\u00f3n de US$760 millones<\/strong>. El heredero de Walmart Inc., Rob Walton, tambi\u00e9n invirti\u00f3 en la ronda, seg\u00fan inform\u00f3 Bloomberg anteriormente .<\/p>\n<p>McLaren Racing y MSP declinaron hacer comentarios.<strong> La venta de la participaci\u00f3n fue reportada inicialmente por Sky News.<\/strong><\/p>\n<p><strong>Se trata de la \u00faltima valoraci\u00f3n excepcional para un equipo de F1, en medio del creciente inter\u00e9s en este deporte por parte de aficionados e inversores.<\/strong> El equipo Aston Martin est\u00e1 en conversaciones para alcanzar una valoraci\u00f3n de aproximadamente US$3.168 millones en su \u00faltima venta de participaci\u00f3n, a pesar de estar muy por detr\u00e1s de los l\u00edderes del campeonato.<\/p>\n<p>Liderados por el director ejecutivo Zak Brown, McLaren Racing gan\u00f3 el campeonato de equipos el a\u00f1o pasado por primera vez en 26 a\u00f1os.<strong> Los pilotos del equipo, Oscar Piastri y Lando Norris, son actualmente los dos principales aspirantes a ganar el campeonato de pilotos para McLaren por primera vez desde 2008.<\/strong><\/p>\n<p>Si bien el equipo de F1 se encuentra en un excelente momento, hay mucho trabajo por hacer en el fabricante de <strong>autos deportivos de alta gama McLaren Automotive Ltd., que es parte del grupo. <\/strong><\/p>\n<p><strong>CYVN busca revertir a\u00f1os de p\u00e9rdidas en el fabricante, que atraviesa dificultades econ\u00f3micas. McLaren ha tenido que recurrir a la financiaci\u00f3n de sus accionistas en m\u00faltiples ocasiones en los \u00faltimos a\u00f1os<\/strong>, vender parte de su colecci\u00f3n de coches hist\u00f3ricos, desprenderse de su divisi\u00f3n de tecnolog\u00edas avanzadas y completar la venta y arrendamiento posterior de su sede en Woking.<\/p>\n","protected":false},"excerpt":{"rendered":"McLaren Racing Ltd, el equipo de F\u00f3rmula Uno que actualmente lidera el campeonato, ser\u00e1 valorado en m\u00e1s de&hellip;\n","protected":false},"author":2,"featured_media":49929,"comment_status":"","ping_status":"","sticky":false,"template":"","format":"standard","meta":{"footnotes":""},"categories":[270],"tags":[7239,4952,10737,3288,10740,3903,10738,10734,209,634,168,10736,10735,10744,25,24,10743,306,271,272,10742,1671,2893,7531,9416,10745,1023,166,10741,23,167,10739,5535,4664],"class_list":{"0":"post-85983","1":"post","2":"type-post","3":"status-publish","4":"format-standard","5":"has-post-thumbnail","7":"category-formula-1","8":"tag-agro","9":"tag-ambiente","10":"tag-automotor","11":"tag-bancos","12":"tag-bolsas","13":"tag-comercio","14":"tag-comunicaciones","15":"tag-construccin","16":"tag-cultura","17":"tag-deporte","18":"tag-deportes","19":"tag-educacin","20":"tag-energa-y-minas","21":"tag-entretenimento","22":"tag-es","23":"tag-espana","24":"tag-espectculos","25":"tag-f1","26":"tag-formula-1","27":"tag-formula1","28":"tag-gastronoma","29":"tag-hacienda","30":"tag-industria","31":"tag-judicial","32":"tag-laboral","33":"tag-legislacin-marcas","34":"tag-moda","35":"tag-salud","36":"tag-seguros","37":"tag-spain","38":"tag-sports","39":"tag-tecnologa","40":"tag-transporte","41":"tag-turismo"},"share_on_mastodon":{"url":"","error":""},"_links":{"self":[{"href":"https:\/\/www.europesays.com\/es\/wp-json\/wp\/v2\/posts\/85983","targetHints":{"allow":["GET"]}}],"collection":[{"href":"https:\/\/www.europesays.com\/es\/wp-json\/wp\/v2\/posts"}],"about":[{"href":"https:\/\/www.europesays.com\/es\/wp-json\/wp\/v2\/types\/post"}],"author":[{"embeddable":true,"href":"https:\/\/www.europesays.com\/es\/wp-json\/wp\/v2\/users\/2"}],"replies":[{"embeddable":true,"href":"https:\/\/www.europesays.com\/es\/wp-json\/wp\/v2\/comments?post=85983"}],"version-history":[{"count":0,"href":"https:\/\/www.europesays.com\/es\/wp-json\/wp\/v2\/posts\/85983\/revisions"}],"wp:featuredmedia":[{"embeddable":true,"href":"https:\/\/www.europesays.com\/es\/wp-json\/wp\/v2\/media\/49929"}],"wp:attachment":[{"href":"https:\/\/www.europesays.com\/es\/wp-json\/wp\/v2\/media?parent=85983"}],"wp:term":[{"taxonomy":"category","embeddable":true,"href":"https:\/\/www.europesays.com\/es\/wp-json\/wp\/v2\/categories?post=85983"},{"taxonomy":"post_tag","embeddable":true,"href":"https:\/\/www.europesays.com\/es\/wp-json\/wp\/v2\/tags?post=85983"}],"curies":[{"name":"wp","href":"https:\/\/api.w.org\/{rel}","templated":true}]}}