{"id":85988,"date":"2025-09-01T12:02:08","date_gmt":"2025-09-01T12:02:08","guid":{"rendered":"https:\/\/www.europesays.com\/es\/85988\/"},"modified":"2025-09-01T12:02:08","modified_gmt":"2025-09-01T12:02:08","slug":"el-primer-sencillo-de-sergio-ramos-desata-criticas-y-el-apoyo-incondicional-de-pilar-rubio","status":"publish","type":"post","link":"https:\/\/www.europesays.com\/es\/85988\/","title":{"rendered":"El primer sencillo de Sergio Ramos desata cr\u00edticas y el apoyo incondicional de Pilar Rubio"},"content":{"rendered":"<p><a href=\"https:\/\/www.libertaddigital.com\/personajes\/sergio-ramos\/\" rel=\"nofollow noopener\" target=\"_blank\">Sergio Ramos<\/a>, <strong>una de las figuras m\u00e1s importantes del madridismo<\/strong>, parece que ha encontrado una<strong> nueva afici\u00f3n lejos del c\u00e9sped<\/strong> que lleva pisando desde que era ni\u00f1o. Ahora, micr\u00f3fono en mano y con una historia que contar, se ha adentrado en el mundo de la m\u00fasica y<a href=\"https:\/\/www.libertaddigital.com\/deportes\/futbol\/2025-08-30\/sergio-ramos-se-mete-a-cantante-y-le-dedica-una-cancion-al-real-madrid-7289882\/\" rel=\"nofollow noopener\" target=\"_blank\"> <strong>ha lanzado su primer sencillo en solitario, \u00abCibeles\u00bb.<\/strong><\/a><\/p>\n<p>Aunque el futbolista, que actualmente se encuentra en el Club Rayados de Monterrey, <strong>ya hab\u00eda realizado algunas colaboraciones<\/strong> con grandes artistas reconocidos en la industria, este es sin duda un gran paso en su carrera musical. El propio Ramos escrib\u00eda a sus seguidores a trav\u00e9s de redes sociales su debut con unas palabras cargadas de emoci\u00f3n: <strong>\u00abEspero que disfrut\u00e9is del tema tanto como yo. Es mi historia, mi m\u00fasica\u00bb.<\/strong><\/p>\n<blockquote class=\"twitter-tweet\"><p>&#13;<\/p>\n<p dir=\"ltr\" lang=\"es\">\ud83c\udfb6 CIBELES YA DISPONIBLE en todas las plataformas.<\/p>\n<p>&#13;<br \/>\n&#13;<\/p>\n<p>\ud83c\udfb6 CIBELES AVAILABLE NOW on all streaming platforms.<\/p>\n<p>&#13;<br \/>\n&#13;<\/p>\n<p>Espero que disfrut\u00e9is del tema tanto como yo.<\/p>\n<p>&#13;<br \/>\n&#13;<\/p>\n<p>I hope you enjoy the song as much as I do. <a href=\"https:\/\/t.co\/SNRKumZMlg\" rel=\"nofollow\">pic.twitter.com\/SNRKumZMlg<\/a><\/p>\n<p>&#13;<br \/>\n\u2014 Sergio Ramos (@SergioRamos) <a href=\"https:\/\/twitter.com\/SergioRamos\/status\/1962204266157756673?ref_src=twsrc%5Etfw\" rel=\"nofollow noopener\" target=\"_blank\">August 31, 2025<\/a><\/p><\/blockquote>\n<p>Las primeras reacciones no han tardado en aparecer. Muchos de sus fans <strong>le felicitan por lanzarse a escribir<\/strong> un tema tan personal y recuerdan su gran etapa en el equipo de sus sue\u00f1os: \u00abmi modelo a seguir, es bueno en todo\u00bb, <strong>\u00abTe queremos capit\u00e1n\u00bb,<\/strong> \u00abTu camiseta aun pesa y ser\u00e1s recordado como el capit\u00e1n blanco\u00bb. Otros en cambio, han comparado su debut con las canciones de Shakira, en especial,<strong> las de despecho cargadas de indirectas a sus ex<\/strong>: \u00abSe ha marcado un Shaira&#8230;llor\u00f3n\u00bb, \u00abA Sergio Ramos a\u00fan le duele&#8230; como a Shakira con Piqu\u00e9&#8230; Es as\u00ed\u00bb, \u00abQue Sergio Ramos es la nueva Shakira, lo tenemos claro, no?\u00bb,<strong> \u00abSergio Ramos es la Shakira de camas\u00bb<\/strong>, escrib\u00edan algunos usuarios a trav\u00e9s de X (antiguo Twitter).<\/p>\n<p>A pesar de las cr\u00edticas, su apoyo incondicional en los buenos momentos y en los malos siempre est\u00e1 presente. <strong>Pilar Rubio publicaba a trav\u00e9s de sus redes sociales<\/strong> la canci\u00f3n de su marido con un \u00abenhorabuena cari\u00f1o\u00bb y un coraz\u00f3n. Esta muestra de cari\u00f1o de forma p\u00fablica ha llamado mucho la atenci\u00f3n de sus seguidores, ya que de nuevo, este verano ha habido<strong> continuos rumores de un distanciamiento entre la parej<\/strong>a, sobre todo despu\u00e9s del viaje en solitario de este verano de Pilar y los ni\u00f1os a Jap\u00f3n, en el que no hubo ni rastro del defensa.<\/p>\n<p><strong>Sus ajetreadas vidas profesionales<\/strong>, los viajes Madrid-Sevilla y una familia de 4 hijos hacen que continuamente se especule de una ruptura de la feliz pareja que ya <strong>llevan 6 a\u00f1os de casados.<\/strong> Ellos, lejos de entrar en la pol\u00e9mica, prefieren mantener su vida privada <strong>apartada de los habituales focos<\/strong> que ven en su d\u00eda a d\u00eda, aunque en los momentos importantes siempre est\u00e1n el uno para el otro,<strong> dejando claro que son un pilar fundamental en sus vidas<\/strong>. Ramos por su parte, contestaba al mensaje de Pilar agradeciendo su apoyo incondicional: <strong>\u00abGracias por estar siempre. Te amo\u00bb.<\/strong><\/p>\n<p>            <script async src=\"https:\/\/platform.twitter.com\/widgets.js\" charset=\"utf-8\"><\/script><\/p>\n","protected":false},"excerpt":{"rendered":"Sergio Ramos, una de las figuras m\u00e1s importantes del madridismo, parece que ha encontrado una nueva afici\u00f3n lejos&hellip;\n","protected":false},"author":2,"featured_media":85989,"comment_status":"","ping_status":"","sticky":false,"template":"","format":"standard","meta":{"footnotes":""},"categories":[174],"tags":[6635,255,6621,146,147,25,24,256,31881,22069,6744,23],"class_list":{"0":"post-85988","1":"post","2":"type-post","3":"status-publish","4":"format-standard","5":"has-post-thumbnail","7":"category-famosos","8":"tag-apoyo","9":"tag-celebrities","10":"tag-criticas","11":"tag-entertainment","12":"tag-entretenimiento","13":"tag-es","14":"tag-espana","15":"tag-famosos","16":"tag-pilar-rubio","17":"tag-sencillo","18":"tag-sergio-ramos","19":"tag-spain"},"share_on_mastodon":{"url":"","error":""},"_links":{"self":[{"href":"https:\/\/www.europesays.com\/es\/wp-json\/wp\/v2\/posts\/85988","targetHints":{"allow":["GET"]}}],"collection":[{"href":"https:\/\/www.europesays.com\/es\/wp-json\/wp\/v2\/posts"}],"about":[{"href":"https:\/\/www.europesays.com\/es\/wp-json\/wp\/v2\/types\/post"}],"author":[{"embeddable":true,"href":"https:\/\/www.europesays.com\/es\/wp-json\/wp\/v2\/users\/2"}],"replies":[{"embeddable":true,"href":"https:\/\/www.europesays.com\/es\/wp-json\/wp\/v2\/comments?post=85988"}],"version-history":[{"count":0,"href":"https:\/\/www.europesays.com\/es\/wp-json\/wp\/v2\/posts\/85988\/revisions"}],"wp:featuredmedia":[{"embeddable":true,"href":"https:\/\/www.europesays.com\/es\/wp-json\/wp\/v2\/media\/85989"}],"wp:attachment":[{"href":"https:\/\/www.europesays.com\/es\/wp-json\/wp\/v2\/media?parent=85988"}],"wp:term":[{"taxonomy":"category","embeddable":true,"href":"https:\/\/www.europesays.com\/es\/wp-json\/wp\/v2\/categories?post=85988"},{"taxonomy":"post_tag","embeddable":true,"href":"https:\/\/www.europesays.com\/es\/wp-json\/wp\/v2\/tags?post=85988"}],"curies":[{"name":"wp","href":"https:\/\/api.w.org\/{rel}","templated":true}]}}