{"id":86077,"date":"2025-09-01T12:52:11","date_gmt":"2025-09-01T12:52:11","guid":{"rendered":"https:\/\/www.europesays.com\/es\/86077\/"},"modified":"2025-09-01T12:52:11","modified_gmt":"2025-09-01T12:52:11","slug":"el-rapero-psy-creador-del-gangnam-style-enfrenta-una-polemica-en-corea-del-sur","status":"publish","type":"post","link":"https:\/\/www.europesays.com\/es\/86077\/","title":{"rendered":"El rapero Psy, creador del &#8216;Gangnam Style&#8217;, enfrenta una pol\u00e9mica en Corea del Sur"},"content":{"rendered":"<p>El rapero surcoreano\u00a0<strong>Psy<\/strong>, famoso en todo el mundo por el \u00e9xito viral\u00a0<strong>\u201cGangnam Style\u201d<\/strong>, enfrenta una investigaci\u00f3n policial en Corea del Sur por presunta\u00a0<strong>violaci\u00f3n de la Ley de Servicios M\u00e9dicos<\/strong>.<\/p>\n<p>M\u00e1s noticias<\/p>\n<p>Seg\u00fan informaron medios locales, las autoridades lo acusan de haber recibido recetas de f\u00e1rmacos psicotr\u00f3picos sin consultas m\u00e9dicas presenciales y de permitir que terceros recogieran los medicamentos en su nombre, algo prohibido por la legislaci\u00f3n vigente.<\/p>\n<p>Los cargos y la investigaci\u00f3n policial<\/p>\n<p>De acuerdo con la\u00a0<strong>Estaci\u00f3n de Polic\u00eda de Seodaemun, en Se\u00fal<\/strong>, Psy -cuyo nombre real es\u00a0<strong>Park Jae-sang<\/strong>\u2013 y un m\u00e9dico de un hospital universitario fueron imputados por cargos relacionados con la prescripci\u00f3n y obtenci\u00f3n de medicamentos controlados de manera irregular. As\u00ed lo publica el portal Infobae. <\/p>\n<p>La polic\u00eda sospecha que, desde 2022 hasta hace poco, el cantante recibi\u00f3 prescripciones de\u00a0<strong>Xanax<\/strong>\u00a0y\u00a0<strong>Stilnox<\/strong>, f\u00e1rmacos utilizados para tratar trastornos de sue\u00f1o, ansiedad y depresi\u00f3n, sin asistir a consultas presenciales.<\/p>\n<p>Adem\u00e1s, el artista habr\u00eda permitido que su m\u00e1nager y otros allegados retiraran los medicamentos en su lugar.<\/p>\n<p>\u201cLa legislaci\u00f3n vigente proh\u00edbe obtener recetas m\u00e9dicas por medio de terceros\u201d, record\u00f3 la agencia Yonhap este jueves. La rigurosidad se debe a que dichos f\u00e1rmacos tienen\u00a0<strong>alto riesgo de dependencia y adicci\u00f3n<\/strong>, lo que hace obligatoria la supervisi\u00f3n directa del paciente por parte de un m\u00e9dico.<\/p>\n<p>La investigaci\u00f3n comenz\u00f3 tras una denuncia an\u00f3nima recibida por la polic\u00eda. Posteriormente, las autoridades realizaron un\u00a0<strong>allanamiento en el hospital universitario<\/strong>\u00a0implicado para obtener los registros m\u00e9dicos.<\/p>\n<p>Seg\u00fan inform\u00f3\u00a0The Korea Herald, los investigadores tambi\u00e9n\u00a0<strong>consideran citar a Psy para un interrogatorio formal<\/strong>\u00a0despu\u00e9s de analizar la documentaci\u00f3n incautada.<\/p>\n<p>La agencia que representa al rapero Psy pidi\u00f3 disculpas<\/p>\n<p>Ante la creciente controversia, la agencia de representaci\u00f3n del artista,\u00a0<strong>P Nation<\/strong>, emiti\u00f3 un comunicado en el que reconoci\u00f3 que \u201chubo algunos casos\u201d en que otra persona retir\u00f3 los medicamentos a nombre del rapero.<\/p>\n<p>En su versi\u00f3n, se trat\u00f3 de \u201cun recojo mediante terceros y no de una prescripci\u00f3n mediante terceros\u201d.<\/p>\n<p>\u201cEs innegablemente un error y una negligencia que un tercero recogiera pastillas para dormir con receta en su nombre\u201d, admiti\u00f3 la compa\u00f1\u00eda.<\/p>\n<p>La agencia pidi\u00f3 disculpas por el esc\u00e1ndalo y explic\u00f3 que Psy padece un\u00a0<strong>trastorno cr\u00f3nico del sue\u00f1o,<\/strong>\u00a0motivo por el que desde hace tiempo consume somn\u00edferos bajo supervisi\u00f3n m\u00e9dica. Adem\u00e1s, insisti\u00f3 en que el artista ha seguido las dosis y lineamientos recetados por su doctor.<\/p>\n<p>Por su parte, el m\u00e9dico involucrado en el caso neg\u00f3 los cargos. \u00c9l asegur\u00f3 que Psy s\u00ed recibi\u00f3 tratamiento mediante\u00a0<strong>consultas remotas<\/strong>, aunque la polic\u00eda a\u00fan eval\u00faa si esa modalidad cumple con lo exigido por la Ley de Servicios M\u00e9dicos de Corea del Sur.<\/p>\n","protected":false},"excerpt":{"rendered":"El rapero surcoreano\u00a0Psy, famoso en todo el mundo por el \u00e9xito viral\u00a0\u201cGangnam Style\u201d, enfrenta una investigaci\u00f3n policial en&hellip;\n","protected":false},"author":2,"featured_media":86078,"comment_status":"","ping_status":"","sticky":false,"template":"","format":"standard","meta":{"footnotes":""},"categories":[170],"tags":[2111,3937,146,147,25,24,31894,5698,184,185,31895,23],"class_list":{"0":"post-86077","1":"post","2":"type-post","3":"status-publish","4":"format-standard","5":"has-post-thumbnail","7":"category-musica","8":"tag-corea-del-sur","9":"tag-dormir","10":"tag-entertainment","11":"tag-entretenimiento","12":"tag-es","13":"tag-espana","14":"tag-gangnam-style","15":"tag-medicamentos","16":"tag-music","17":"tag-musica","18":"tag-rapero-psy","19":"tag-spain"},"share_on_mastodon":{"url":"","error":""},"_links":{"self":[{"href":"https:\/\/www.europesays.com\/es\/wp-json\/wp\/v2\/posts\/86077","targetHints":{"allow":["GET"]}}],"collection":[{"href":"https:\/\/www.europesays.com\/es\/wp-json\/wp\/v2\/posts"}],"about":[{"href":"https:\/\/www.europesays.com\/es\/wp-json\/wp\/v2\/types\/post"}],"author":[{"embeddable":true,"href":"https:\/\/www.europesays.com\/es\/wp-json\/wp\/v2\/users\/2"}],"replies":[{"embeddable":true,"href":"https:\/\/www.europesays.com\/es\/wp-json\/wp\/v2\/comments?post=86077"}],"version-history":[{"count":0,"href":"https:\/\/www.europesays.com\/es\/wp-json\/wp\/v2\/posts\/86077\/revisions"}],"wp:featuredmedia":[{"embeddable":true,"href":"https:\/\/www.europesays.com\/es\/wp-json\/wp\/v2\/media\/86078"}],"wp:attachment":[{"href":"https:\/\/www.europesays.com\/es\/wp-json\/wp\/v2\/media?parent=86077"}],"wp:term":[{"taxonomy":"category","embeddable":true,"href":"https:\/\/www.europesays.com\/es\/wp-json\/wp\/v2\/categories?post=86077"},{"taxonomy":"post_tag","embeddable":true,"href":"https:\/\/www.europesays.com\/es\/wp-json\/wp\/v2\/tags?post=86077"}],"curies":[{"name":"wp","href":"https:\/\/api.w.org\/{rel}","templated":true}]}}