{"id":86081,"date":"2025-09-01T12:54:10","date_gmt":"2025-09-01T12:54:10","guid":{"rendered":"https:\/\/www.europesays.com\/es\/86081\/"},"modified":"2025-09-01T12:54:10","modified_gmt":"2025-09-01T12:54:10","slug":"altas-bajas-y-todos-los-movimientos-del-ultimo-dia","status":"publish","type":"post","link":"https:\/\/www.europesays.com\/es\/86081\/","title":{"rendered":"altas, bajas y todos los movimientos del \u00faltimo d\u00eda"},"content":{"rendered":"<p class=\"mb-4 text-lg md:leading-8 break-words\"><b>Tottenham Hotspur<\/b> lleg\u00f3 a un acuerdo <b>con Paris Saint-Germain<\/b> para el pr\u00e9stamo por una temporada del delantero <b>Randal Kolo Muani. <\/b>Se acordaron los t\u00e9rminos personales con el jugador franc\u00e9s, que ser\u00e1 compa\u00f1ero del argentino Cuti Romero y se dirige a Londres para someterse a un reconocimiento m\u00e9dico. El acuerdo de cesi\u00f3n no incluye la opci\u00f3n ni la obligaci\u00f3n de formalizar la transferencia al final de la temporada. El internacional galo estuvo en la segunda mitad de la temporada 2024-25 cedido a Juventus. El atacante que se perdi\u00f3 el gol sobre la hora ante Dibu Mart\u00ednez en la final del Mundial estaba en conversaciones para regresar a la Vecchia Signora, pero la negociaci\u00f3n se frustr\u00f3 durante el fin de semana, abriendo la puerta para los Spurs.<\/p>\n<p class=\"mb-4 text-lg md:leading-8 break-words\">Seg\u00fan reporta el diario Marca, de Espa\u00f1a, Zaragoza se cans\u00f3<b> de esperar a Dani C\u00e1rdenas<\/b>, un fichaje que segu\u00eda atascado, y activ\u00f3 otro plan: incorpor\u00f3 a <b>Esteban Andrada<\/b>, arquero de 34 a\u00f1os del Monterrey mexicano. El exarquero deBoca recalar\u00e1 en el Ibercaja Estadio a pr\u00e9stamo hasta el final de temporada con <b>compra obligatoria en caso de ascenso <\/b>a Primera divisi\u00f3n, algo improbable hasta hoy.<\/p>\n<p><img alt=\"Esteban Andrada, durante su reciente participaci\u00f3n con Monterrey de M\u00e9xico en el Mundial de Clubes\" loading=\"lazy\" width=\"768\" height=\"512\" decoding=\"async\" data-nimg=\"1\" class=\"rounded-lg\" style=\"color:transparent\" src=\"https:\/\/www.europesays.com\/es\/wp-content\/uploads\/2025\/09\/d8b054a155fb55e00c41c7dcbe7d176d.jpeg\"\/><\/p>\n<p>Esteban Andrada, durante su reciente participaci\u00f3n con Monterrey de M\u00e9xico en el Mundial de Clubes &#8211; Cr\u00e9ditos: @STU FORSTER<\/p>\n<p class=\"mb-4 text-lg md:leading-8 break-words\">Nico Gonz\u00e1lez ya est\u00e1 en Madrid para convertirse de manera oficial en el <b>octavo fichaje de Atl\u00e9tico Madrid<\/b>. El argentino hizo la revisi\u00f3n m\u00e9dica antes de la firma que lo unir\u00e1 con el club colchonero. Pretendido por el Cholo Simeone en otras oportunidades, se sumar\u00e1 a pr\u00e9stamo, con una opci\u00f3n de compra por <b>33 millones de euros <\/b>para <b>Juventus, <\/b>que ser\u00e1 obligatoria en funci\u00f3n de la cantidad de partidos que juegue.<\/p>\n<p><img alt=\"El argentino Nico Gonz\u00e1lez, de la Juventus, festeja luego de anotar ante Cagliari en un partido de la Copa Italia, el jueves 17 de diciembre de 2024 (Fabio Ferrari\/LaPresse via AP)\" loading=\"lazy\" width=\"768\" height=\"512\" decoding=\"async\" data-nimg=\"1\" class=\"rounded-lg\" style=\"color:transparent\" src=\"https:\/\/www.europesays.com\/es\/wp-content\/uploads\/2025\/08\/d2a9deb2d41e8e4b356261fd11afb920.jpeg\"\/><\/p>\n<p>El argentino Nico Gonz\u00e1lez, de la Juventus, festeja luego de anotar ante Cagliari en un partido de la Copa Italia, el jueves 17 de diciembre de 2024 (Fabio Ferrari\/LaPresse via AP) &#8211; Cr\u00e9ditos: @Fabio Ferrari\/undefined<\/p>\n<p class=\"mb-4 text-lg md:leading-8 break-words\">Estaba todo dado para que Emiliano Dibu Mart\u00ednez, arquero de Aston Villa, fuera transferido a Manchester United. Su pase era inminente. Sin embargo, el club ingl\u00e9s opt\u00f3 finalmente por <b>Senne Lammens, proveniente de Amberes, en 21 millones de euros <\/b>m\u00e1s variables. El guardavallas belga firmar\u00e1 un <b>contrato de cinco temporadas y <\/b>responde a las dudas generadas por el rendimiento de <b>Andr\u00e9 Onana y Altay Bayindir<\/b>. De esta forma, se reactiva la posibilidad de que el campe\u00f3n del mundo con la selecci\u00f3n argentina firme con el Galatasaray, del f\u00fatbol turco. Por lo pronto, este domingo, Dibu no form\u00f3 parte de la n\u00f3mina del partido entre Aston Villa y Crystal Palace, por la Premier League.<\/p>\n<p><img alt=\"Emiliano Mart\u00ednez necesita continuidad con miras al Mundial 2026\" loading=\"lazy\" width=\"768\" height=\"576\" decoding=\"async\" data-nimg=\"1\" class=\"rounded-lg\" style=\"color:transparent\" src=\"https:\/\/www.europesays.com\/es\/wp-content\/uploads\/2025\/09\/8f9124581cc51be3be5ca9c3cc60b2bf.jpeg\"\/><\/p>\n<p>Emiliano Mart\u00ednez necesita continuidad con miras al Mundial 2026 &#8211; Cr\u00e9ditos: @Martin Rickett<\/p>\n<p class=\"mb-4 text-lg md:leading-8 break-words\">Bienvenidos al liveblog acerca de los movimientos del \u00faltimo d\u00eda de la ventana de traspasos de verano del f\u00fatbol europeo. Varias operaciones siguen pendientes y podr\u00edan concretarse a lo largo de la jornada de hoy, en donde est\u00e1n involucrados tambi\u00e9n varios futbolistas argentinos.<\/p>\n","protected":false},"excerpt":{"rendered":"Tottenham Hotspur lleg\u00f3 a un acuerdo con Paris Saint-Germain para el pr\u00e9stamo por una temporada del delantero Randal&hellip;\n","protected":false},"author":2,"featured_media":86082,"comment_status":"","ping_status":"","sticky":false,"template":"","format":"standard","meta":{"footnotes":""},"categories":[93],"tags":[23586,15676,31900,31903,18966,168,31897,31901,25,24,31898,31896,15829,2014,1906,96,17688,20114,31899,31902,23,167,11752],"class_list":{"0":"post-86081","1":"post","2":"type-post","3":"status-publish","4":"format-standard","5":"has-post-thumbnail","7":"category-deportes","8":"tag-andre-onana","9":"tag-aston-villa","10":"tag-atletico-madrid","11":"tag-cagliari","12":"tag-crystal-palace","13":"tag-deportes","14":"tag-emiliano-dibu","15":"tag-emiliano-martinez","16":"tag-es","17":"tag-espana","18":"tag-esteban-andrada","19":"tag-final-del-mundial","20":"tag-juventus","21":"tag-manchester-united","22":"tag-mexico","23":"tag-millones-de-euros","24":"tag-mundial-de-clubes","25":"tag-paris-saint-germain","26":"tag-randal-kolo-muani","27":"tag-senne-lammens","28":"tag-spain","29":"tag-sports","30":"tag-tottenham-hotspur"},"share_on_mastodon":{"url":"","error":""},"_links":{"self":[{"href":"https:\/\/www.europesays.com\/es\/wp-json\/wp\/v2\/posts\/86081","targetHints":{"allow":["GET"]}}],"collection":[{"href":"https:\/\/www.europesays.com\/es\/wp-json\/wp\/v2\/posts"}],"about":[{"href":"https:\/\/www.europesays.com\/es\/wp-json\/wp\/v2\/types\/post"}],"author":[{"embeddable":true,"href":"https:\/\/www.europesays.com\/es\/wp-json\/wp\/v2\/users\/2"}],"replies":[{"embeddable":true,"href":"https:\/\/www.europesays.com\/es\/wp-json\/wp\/v2\/comments?post=86081"}],"version-history":[{"count":0,"href":"https:\/\/www.europesays.com\/es\/wp-json\/wp\/v2\/posts\/86081\/revisions"}],"wp:featuredmedia":[{"embeddable":true,"href":"https:\/\/www.europesays.com\/es\/wp-json\/wp\/v2\/media\/86082"}],"wp:attachment":[{"href":"https:\/\/www.europesays.com\/es\/wp-json\/wp\/v2\/media?parent=86081"}],"wp:term":[{"taxonomy":"category","embeddable":true,"href":"https:\/\/www.europesays.com\/es\/wp-json\/wp\/v2\/categories?post=86081"},{"taxonomy":"post_tag","embeddable":true,"href":"https:\/\/www.europesays.com\/es\/wp-json\/wp\/v2\/tags?post=86081"}],"curies":[{"name":"wp","href":"https:\/\/api.w.org\/{rel}","templated":true}]}}