{"id":86132,"date":"2025-09-01T13:22:03","date_gmt":"2025-09-01T13:22:03","guid":{"rendered":"https:\/\/www.europesays.com\/es\/86132\/"},"modified":"2025-09-01T13:22:03","modified_gmt":"2025-09-01T13:22:03","slug":"el-avion-de-ursula-von-der-leyen-obligado-a-un-aterrizaje-forzoso-por-una-presunta-interferencia-rusa","status":"publish","type":"post","link":"https:\/\/www.europesays.com\/es\/86132\/","title":{"rendered":"El avi\u00f3n de Ursula von der Leyen, obligado a un aterrizaje forzoso por una presunta interferencia rusa"},"content":{"rendered":"<p>01\/09\/2025<br \/>\n<br \/><strong><br \/>\nActualizado a las 13:55h.<br \/>\n<\/strong><\/p>\n<p class=\"voc-p\" style=\"\">El avi\u00f3n de la presidenta de la Comisi\u00f3n Europea, Ursula von der Leyen, ha sufrido interferencias rusas que<strong> bloquearon los servicios de GPS de la aeronave cuando se dispon\u00eda a aterrizar en un aeropuerto de Bulgaria <\/strong>este domingo durante su visita a varios pa\u00edses europeos. El organismo europeo ha confirmado la noticia que adelant\u00f3 este lunes el diario &#8216;Financial Times&#8217; y ha informado que el avi\u00f3n aterriz\u00f3 \u00absin incidentes\u00bb en el lugar previsto. <\/p>\n<p class=\"voc-p\" style=\"\">Las autoridades b\u00falgaras han informado a Bruselas de que sospechan que esta flagrante interferencia fue perpetrada por Rusia. \u00abPodemos confirmar que<strong> se produjo una interferencia en el GPS, <\/strong>pero el avi\u00f3n aterriz\u00f3 sin incidentes\u00bb, ha se\u00f1alado la portavoz comunitaria Arianna Podesta, quien ha recalcado que \u00abeste incidente subraya la urgencia del actual viaje de la presidenta\u00bb a los Estados miembro que lindan con Rusia y Bielorrusia. La regi\u00f3n ha experimentado \u00abmuchas de estas actividades de interferencia y suplantaci\u00f3n\u00bb, afirm\u00f3 la Comisi\u00f3n Europea que ha informado de que han sancionado a varias empresas que se cree que est\u00e1n involucradas.<\/p>\n<p class=\"voc-p\" style=\"\">\u00abSomos muy conscientes de que las amenazas y la intimidaci\u00f3n son un componente habitual de las acciones hostiles de Rusia. Esto reforzar\u00e1 a\u00fan m\u00e1s nuestro <strong>compromiso inquebrantable de aumentar nuestras capacidades de defensa y nuestro apoyo a Ucrania<\/strong>\u00bb, ha remachado.<\/p>\n<p class=\"voc-p\" style=\"\">La presidenta de la Comisi\u00f3n Europea inici\u00f3 este viernes un viaje por los siete Estados miembro que lindan con Rusia y Bielorrusia -Bulgaria, Estonia, Finlandia, Letonia, Lituania, Polonia y Ruman\u00eda&#8211; tras el ataque con drones perpetrado el jueves por el Ej\u00e9rcito ruso, que ha causado da\u00f1os materiales en las oficinas de la Delegaci\u00f3n de la UE en Kiev (Ucrania).<\/p>\n<p class=\"voc-p\" style=\"\">La pol\u00edtica alemana quiere trasladar as\u00ed su solidaridad a los pa\u00edses colindantes con Rusia y \u00abcompartir con ellos los avances en la construcci\u00f3n de una industria europea de defensa s\u00f3lida, especialmente a trav\u00e9s del instrumento de defensa conjunta\u00bb.<\/p>\n<p class=\"voc-p\" style=\"\">Durante su gira, que arranc\u00f3 este viernes en Letonia y finalizar\u00e1 el lunes, 1 de septiembre, en Ruman\u00eda, Von der Leyen tiene previsto reunirse con jefes de Estado y de Gobierno, fuerzas de defensa y personal militar para trasladar el apoyo de la UE a los Estados miembro que afrontan los retos de compartir fronteras con Rusia y Bielorrusia.<\/p>\n<p>Reportar un error<\/p>\n","protected":false},"excerpt":{"rendered":"01\/09\/2025 Actualizado a las 13:55h. El avi\u00f3n de la presidenta de la Comisi\u00f3n Europea, Ursula von der Leyen,&hellip;\n","protected":false},"author":2,"featured_media":86133,"comment_status":"","ping_status":"","sticky":false,"template":"","format":"standard","meta":{"footnotes":""},"categories":[42],"tags":[15192,3197,17,18,5787,13,14,31910,11,31911,61,62,63,64,19,20,5788,9,10,15,16,417,28446,23032,12,21,22,29352,5786,65,66,67],"class_list":{"0":"post-86132","1":"post","2":"type-post","3":"status-publish","4":"format-standard","5":"has-post-thumbnail","7":"category-internacional","8":"tag-aterrizaje","9":"tag-avion","10":"tag-breaking-news","11":"tag-breakingnews","12":"tag-der","13":"tag-featured-news","14":"tag-featurednews","15":"tag-forzoso","16":"tag-headlines","17":"tag-interferencia","18":"tag-internacional","19":"tag-international","20":"tag-international-news","21":"tag-internationalnews","22":"tag-latest-news","23":"tag-latestnews","24":"tag-leyen","25":"tag-news","26":"tag-noticias","27":"tag-noticias-destacadas","28":"tag-noticiasdestacadas","29":"tag-obligado","30":"tag-presunta","31":"tag-rusa","32":"tag-titulares","33":"tag-ultimas-noticias","34":"tag-ultimasnoticias","35":"tag-ursula","36":"tag-von","37":"tag-world","38":"tag-world-news","39":"tag-worldnews"},"share_on_mastodon":{"url":"","error":""},"_links":{"self":[{"href":"https:\/\/www.europesays.com\/es\/wp-json\/wp\/v2\/posts\/86132","targetHints":{"allow":["GET"]}}],"collection":[{"href":"https:\/\/www.europesays.com\/es\/wp-json\/wp\/v2\/posts"}],"about":[{"href":"https:\/\/www.europesays.com\/es\/wp-json\/wp\/v2\/types\/post"}],"author":[{"embeddable":true,"href":"https:\/\/www.europesays.com\/es\/wp-json\/wp\/v2\/users\/2"}],"replies":[{"embeddable":true,"href":"https:\/\/www.europesays.com\/es\/wp-json\/wp\/v2\/comments?post=86132"}],"version-history":[{"count":0,"href":"https:\/\/www.europesays.com\/es\/wp-json\/wp\/v2\/posts\/86132\/revisions"}],"wp:featuredmedia":[{"embeddable":true,"href":"https:\/\/www.europesays.com\/es\/wp-json\/wp\/v2\/media\/86133"}],"wp:attachment":[{"href":"https:\/\/www.europesays.com\/es\/wp-json\/wp\/v2\/media?parent=86132"}],"wp:term":[{"taxonomy":"category","embeddable":true,"href":"https:\/\/www.europesays.com\/es\/wp-json\/wp\/v2\/categories?post=86132"},{"taxonomy":"post_tag","embeddable":true,"href":"https:\/\/www.europesays.com\/es\/wp-json\/wp\/v2\/tags?post=86132"}],"curies":[{"name":"wp","href":"https:\/\/api.w.org\/{rel}","templated":true}]}}