{"id":86411,"date":"2025-09-01T16:00:07","date_gmt":"2025-09-01T16:00:07","guid":{"rendered":"https:\/\/www.europesays.com\/es\/86411\/"},"modified":"2025-09-01T16:00:07","modified_gmt":"2025-09-01T16:00:07","slug":"charly-garcia-y-sting-anunciaron-un-proyecto-conjunto","status":"publish","type":"post","link":"https:\/\/www.europesays.com\/es\/86411\/","title":{"rendered":"Charly Garc\u00eda y Sting anunciaron un proyecto conjunto"},"content":{"rendered":"<p>Este lunes, los fan\u00e1ticos del rock recibieron una noticia inesperada que los dej\u00f3 helados. Llegado el mediod\u00eda,<strong> Charly Garc\u00eda y Sting<\/strong> hicieron una publicaci\u00f3n conjunta en Instagram anunciando que <strong>est\u00e1n preparando un proyecto en colaboraci\u00f3n. <\/strong><\/p>\n<p>Aparentemente ser\u00eda una canci\u00f3n, y podr\u00eda llegar a salir el 3 de octubre en formato vinilo. Fuentes de Sony Music confirmaron a <strong>Clar\u00edn <\/strong>que <strong>se viene algo muy grande. <\/strong><\/p>\n<p>Al pie del reel con el que anunciaron su colaboraci\u00f3n, que en 40 minutos super\u00f3 las 177 mil reproducciones, Charly escribi\u00f3 <strong>\u00abI&#8217;m doing it my way\u00bb <\/strong>(Lo estoy haciendo a mi manera, en espa\u00f1ol). A esto, Sting respondi\u00f3 <strong>\u00abHermano\u00bb<\/strong>, junto con un emoji de la Estatua de la Libertad y otro con un coraz\u00f3n.<\/p>\n<p>Video<\/p>\n<p>Charly Garc\u00eda y Sting anunciaron un proyecto conjunto.<\/p>\n<p>Otro que sum\u00f3 un coraz\u00f3n en los comentarios del posteo fue <strong>Fito P\u00e1ez,<\/strong> quien no tard\u00f3 en reaccionar a este notici\u00f3n. Por su parte, <strong>Juan Gigena \u00c1balos<\/strong>, guitarrista de Ciro y los Persas se mostr\u00f3 sorprendido por el anuncio y lo expres\u00f3 al pie del posteo. <\/p>\n<p>Vale la pena destacar que esta no es la primera vez que estos dos \u00eddolos de la m\u00fasica se encuentran, sino que <strong>tuvieron varias interacciones a lo largo de sus carreras<\/strong> y llevan una amistad de larga data. Esta colaboraci\u00f3n ser\u00eda el broche de oro para tantos a\u00f1os de idas y vueltas entre los dos. <\/p>\n<p>Por lo pronto, <strong>a Charly se lo vio girando por la ciudad de Buenos Aires en taxi, filmando un video<\/strong>. Cabe suponer que es para este proyecto en conjunto con el ex bajista de The Police.<\/p>\n","protected":false},"excerpt":{"rendered":"Este lunes, los fan\u00e1ticos del rock recibieron una noticia inesperada que los dej\u00f3 helados. Llegado el mediod\u00eda, Charly&hellip;\n","protected":false},"author":2,"featured_media":86412,"comment_status":"","ping_status":"","sticky":false,"template":"","format":"standard","meta":{"footnotes":""},"categories":[170],"tags":[146,147,25,24,184,185,23],"class_list":{"0":"post-86411","1":"post","2":"type-post","3":"status-publish","4":"format-standard","5":"has-post-thumbnail","7":"category-musica","8":"tag-entertainment","9":"tag-entretenimiento","10":"tag-es","11":"tag-espana","12":"tag-music","13":"tag-musica","14":"tag-spain"},"share_on_mastodon":{"url":"","error":""},"_links":{"self":[{"href":"https:\/\/www.europesays.com\/es\/wp-json\/wp\/v2\/posts\/86411","targetHints":{"allow":["GET"]}}],"collection":[{"href":"https:\/\/www.europesays.com\/es\/wp-json\/wp\/v2\/posts"}],"about":[{"href":"https:\/\/www.europesays.com\/es\/wp-json\/wp\/v2\/types\/post"}],"author":[{"embeddable":true,"href":"https:\/\/www.europesays.com\/es\/wp-json\/wp\/v2\/users\/2"}],"replies":[{"embeddable":true,"href":"https:\/\/www.europesays.com\/es\/wp-json\/wp\/v2\/comments?post=86411"}],"version-history":[{"count":0,"href":"https:\/\/www.europesays.com\/es\/wp-json\/wp\/v2\/posts\/86411\/revisions"}],"wp:featuredmedia":[{"embeddable":true,"href":"https:\/\/www.europesays.com\/es\/wp-json\/wp\/v2\/media\/86412"}],"wp:attachment":[{"href":"https:\/\/www.europesays.com\/es\/wp-json\/wp\/v2\/media?parent=86411"}],"wp:term":[{"taxonomy":"category","embeddable":true,"href":"https:\/\/www.europesays.com\/es\/wp-json\/wp\/v2\/categories?post=86411"},{"taxonomy":"post_tag","embeddable":true,"href":"https:\/\/www.europesays.com\/es\/wp-json\/wp\/v2\/tags?post=86411"}],"curies":[{"name":"wp","href":"https:\/\/api.w.org\/{rel}","templated":true}]}}