{"id":86425,"date":"2025-09-01T16:07:05","date_gmt":"2025-09-01T16:07:05","guid":{"rendered":"https:\/\/www.europesays.com\/es\/86425\/"},"modified":"2025-09-01T16:07:05","modified_gmt":"2025-09-01T16:07:05","slug":"trump-anuncia-un-decreto-para-exigir-la-identificacion-de-los-votantes-y-restringir-el-voto-por-correo-en-un-nuevo-desafio-constitucional","status":"publish","type":"post","link":"https:\/\/www.europesays.com\/es\/86425\/","title":{"rendered":"Trump anuncia un decreto para exigir la identificaci\u00f3n de los votantes y restringir el voto por correo en un nuevo desaf\u00edo constitucional"},"content":{"rendered":"<p class=\"article-text\">\n        El presidente de EEUU, Donald Trump, ha dicho este s\u00e1bado por la noche que emitir\u00eda una orden ejecutiva para exigir la identificaci\u00f3n de los votantes en todas las elecciones estadounidenses. Trump prosigue as\u00ed en sus esfuerzos por reformar las leyes electorales del pa\u00eds, a las que lleva mucho tiempo atacando y culpando falsamente de su derrota electoral en 2020.\n    <\/p>\n<p class=\"article-text\">\n        <a href=\"https:\/\/truthsocial.com\/@realDonaldTrump\/posts\/115120863399877029\" data-mrf-recirculation=\"links-noticia\" class=\"link\" target=\"_blank\" rel=\"nofollow noopener\">En un post en Truth Social, Trump ha dicho:<\/a> \u201cLa identificaci\u00f3n de los votantes debe ser parte de cada voto. \u00a1SIN EXCEPCIONES! \u00a1Firmar\u00e9 una orden ejecutiva con ese fin!\u201d.\n    <\/p>\n<p>            <img decoding=\"async\" class=\"lazy\" loading=\"lazy\" data-src=\"https:\/\/static.eldiario.es\/clip\/da42ee88-a25e-4321-b474-77711ca7e837_source-aspect-ratio_default_0.jpg\" src=\"data:image\/svg+xml,%3Csvg xmlns=\" http:=\"\" viewbox=\"0 0 1086 344\" alt=\"Post de Trump.\"\/><\/p>\n<p class=\"article-text\">\n        Tambi\u00e9n reiter\u00f3 su intenci\u00f3n de restringir el voto por correo, excepto para aquellos que est\u00e9n muy enfermos o presten servicio militar lejos, as\u00ed como su oposici\u00f3n a las m\u00e1quinas de votaci\u00f3n.\n    <\/p>\n<p class=\"article-text\">\n        El anuncio se\u00f1ala el \u00faltimo intento de Trump por influir en las leyes electorales mediante una orden ejecutiva, algo para lo que tiene una autoridad dudosa, <a href=\"https:\/\/www.nytimes.com\/2025\/08\/31\/us\/politics\/trump-voter-id-executive-order.html\" data-mrf-recirculation=\"links-noticia\" class=\"link\" target=\"_blank\" rel=\"nofollow noopener\">explica The New York Times.<\/a>\n    <\/p>\n<p class=\"article-text\">\n        La Constituci\u00f3n no otorga al presidente ninguna autoridad expl\u00edcita para regular las elecciones. M\u00e1s bien, otorga a los estados el poder de decidir las reglas de las elecciones, supervisar la votaci\u00f3n e intentar prevenir el fraude.\n    <\/p>\n<p class=\"article-text\">\n        As\u00ed mismo, la Carta Magna de EEUU concede al Congreso la capacidad de anular las leyes estatales electorales.\n    <\/p>\n<p class=\"article-text\">\n        Es probable que cualquier orden ejecutiva del presidente relativa a las elecciones sea objeto de impugnaciones legales.\n    <\/p>\n<p class=\"article-text\">\n        Trump y sus aliados han iniciado una campa\u00f1a para conseguir ventajas pol\u00edticas antes de las elecciones legislativas de mitad de mandato, previstas para noviembre de 2026.\n    <\/p>\n<p class=\"article-text\">\n        A principios de este mes, Trump afirm\u00f3 que un equipo de abogados estaba preparando una orden ejecutiva para poner fin a todas las papeletas por correo y escribi\u00f3 en las redes sociales que la orden ejecutiva \u201cayudar\u00eda a aportar honestidad a las elecciones de mitad de mandato de 2026\u201d.\n    <\/p>\n<p class=\"article-text\">\n        Trump se ha opuesto durante mucho tiempo al voto por correo y ha afirmado falsamente que era una fuente de fraude despu\u00e9s de perder las elecciones presidenciales de 2020 frente a Joe Biden.\n    <\/p>\n<p class=\"article-text\">\n        En marzo, Trump firm\u00f3 una orden ejecutiva con la que pretend\u00eda exigir a los ciudadanos que presentaran una prueba de ciudadan\u00eda estadounidense emitida por el Gobierno para poder registrarse para votar en las elecciones federales.\n    <\/p>\n<p class=\"article-text\">\n        La orden fue impugnada en los tribunales y, en junio, una jueza federal bloque\u00f3 la mayor parte de ella. La jueza Denise J. Casper, del Tribunal Federal de Distrito para el Distrito de Massachusetts, se puso del lado de los estados que hab\u00edan presentado la demanda y escribi\u00f3 en su sentencia que era probable que los estados lograran demostrar que la orden exced\u00eda la autoridad de Trump y corr\u00eda el riesgo de privar del derecho al voto a una parte del electorado. \u201cLa Constituci\u00f3n no otorga al presidente ning\u00fan poder espec\u00edfico sobre las elecciones\u201d, escribi\u00f3.\n    <\/p>\n","protected":false},"excerpt":{"rendered":"El presidente de EEUU, Donald Trump, ha dicho este s\u00e1bado por la noche que emitir\u00eda una orden ejecutiva&hellip;\n","protected":false},"author":2,"featured_media":86426,"comment_status":"","ping_status":"","sticky":false,"template":"","format":"standard","meta":{"footnotes":""},"categories":[42],"tags":[17,18,9597,8455,5289,10897,6727,18689,13,14,4583,11,31955,61,62,63,64,19,20,9,10,15,16,524,31956,12,936,21,22,5672,23661,65,66,67],"class_list":{"0":"post-86425","1":"post","2":"type-post","3":"status-publish","4":"format-standard","5":"has-post-thumbnail","7":"category-internacional","8":"tag-breaking-news","9":"tag-breakingnews","10":"tag-constitucional","11":"tag-correo","12":"tag-decreto","13":"tag-desafio","14":"tag-dice","15":"tag-exigir","16":"tag-featured-news","17":"tag-featurednews","18":"tag-firmara","19":"tag-headlines","20":"tag-identificacion","21":"tag-internacional","22":"tag-international","23":"tag-international-news","24":"tag-internationalnews","25":"tag-latest-news","26":"tag-latestnews","27":"tag-news","28":"tag-noticias","29":"tag-noticias-destacadas","30":"tag-noticiasdestacadas","31":"tag-nuevo","32":"tag-restringir","33":"tag-titulares","34":"tag-trump","35":"tag-ultimas-noticias","36":"tag-ultimasnoticias","37":"tag-votantes","38":"tag-voto","39":"tag-world","40":"tag-world-news","41":"tag-worldnews"},"share_on_mastodon":{"url":"","error":""},"_links":{"self":[{"href":"https:\/\/www.europesays.com\/es\/wp-json\/wp\/v2\/posts\/86425","targetHints":{"allow":["GET"]}}],"collection":[{"href":"https:\/\/www.europesays.com\/es\/wp-json\/wp\/v2\/posts"}],"about":[{"href":"https:\/\/www.europesays.com\/es\/wp-json\/wp\/v2\/types\/post"}],"author":[{"embeddable":true,"href":"https:\/\/www.europesays.com\/es\/wp-json\/wp\/v2\/users\/2"}],"replies":[{"embeddable":true,"href":"https:\/\/www.europesays.com\/es\/wp-json\/wp\/v2\/comments?post=86425"}],"version-history":[{"count":0,"href":"https:\/\/www.europesays.com\/es\/wp-json\/wp\/v2\/posts\/86425\/revisions"}],"wp:featuredmedia":[{"embeddable":true,"href":"https:\/\/www.europesays.com\/es\/wp-json\/wp\/v2\/media\/86426"}],"wp:attachment":[{"href":"https:\/\/www.europesays.com\/es\/wp-json\/wp\/v2\/media?parent=86425"}],"wp:term":[{"taxonomy":"category","embeddable":true,"href":"https:\/\/www.europesays.com\/es\/wp-json\/wp\/v2\/categories?post=86425"},{"taxonomy":"post_tag","embeddable":true,"href":"https:\/\/www.europesays.com\/es\/wp-json\/wp\/v2\/tags?post=86425"}],"curies":[{"name":"wp","href":"https:\/\/api.w.org\/{rel}","templated":true}]}}