{"id":86427,"date":"2025-09-01T16:08:08","date_gmt":"2025-09-01T16:08:08","guid":{"rendered":"https:\/\/www.europesays.com\/es\/86427\/"},"modified":"2025-09-01T16:08:08","modified_gmt":"2025-09-01T16:08:08","slug":"tenerife-se-prepara-para-el-mayor-simulacro-de-una-erupcion-volcanica-hasta-la-fecha","status":"publish","type":"post","link":"https:\/\/www.europesays.com\/es\/86427\/","title":{"rendered":"Tenerife se prepara para el mayor simulacro de una erupci\u00f3n volc\u00e1nica hasta la fecha"},"content":{"rendered":"<p class=\"article-text\">\n        El Cabildo de Tenerife ultima los preparativos del simulacro que va a realizar en el municipio de Garachico del 22 al 26 de septiembre con el fin de supervisar su estrategia de riesgo volc\u00e1nico en la que est\u00e1n implicadas m\u00e1s de 1.000 personas.\n    <\/p>\n<p>    <a href=\"https:\/\/www.eldiario.es\/canariasahora\/ciencia_y_medio_ambiente\/nuevo-enjambre-sismico-teide-90-terremotos-baja-magnitud_1_12567691.html\" data-mrf-recirculation=\"saber-mas\" data-dl-event=\"saber-mas\" rel=\"nofollow noopener\" target=\"_blank\"><\/p>\n<p class=\"know-more__title\">Involcan registra m\u00e1s de 90 terremotos en Tenerife pero descarta erupci\u00f3n volc\u00e1nica a corto o medio plazo<\/p>\n<p>            <img decoding=\"async\" class=\"lazy\" loading=\"lazy\" data-src=\"https:\/\/static.eldiario.es\/clip\/6891f65f-1ba1-4f1f-b4e6-006a375ae859_16-9-aspect-ratio_default_0.jpg\" src=\"data:image\/svg+xml,%3Csvg xmlns=\" http:=\"\" viewbox=\"0 0 880 495\" alt=\"Involcan registra m\u00e1s de 90 terremotos en Tenerife pero descarta erupci\u00f3n volc\u00e1nica a corto o medio plazo\"\/><\/p>\n<p>                        <\/a><\/p>\n<p class=\"article-text\">\n        As\u00ed lo ha avanzado este lunes en rueda de prensa la presidenta insular, Rosa D\u00e1vila, quien ha estado acompa\u00f1ada por la consejera de Medio Natural, Blanca P\u00e9rez; el director insular de Seguridad y Emergencias, Iv\u00e1n Mart\u00edn; N\u00e9stor Padr\u00f3n, jefe de servicio de Protecci\u00f3n Civil de Tenerife y el vulcan\u00f3logo del Instituto Volcanol\u00f3gico de Canarias (Involcan), Luca D&#8217;Auria.\n    <\/p>\n<p class=\"article-text\">\n        La elecci\u00f3n de Garachico no es casual ya que el noroeste de la isla -que comprende este municipio m\u00e1s El Tanque, Santiago del Teide y Gu\u00eda de Isora- es la zona de mayor riesgo volc\u00e1nico, seg\u00fan las proyecciones de Involcan.\n    <\/p>\n<p class=\"article-text\">\n        D\u00e1vila ha insistido en que no hay una situaci\u00f3n de erupci\u00f3n \u201cinminente\u201d pero entiende que la isla tiene que estar \u201cpreparada para cualquier situaci\u00f3n\u201d aunque \u201clejos de alarmar\u201d, pues de lo que se trata es de tener una estrategia com\u00fan para comunicar a la ciudadn\u00eda lo que se est\u00e1 haciendo\u201c.\n    <\/p>\n<p class=\"article-text\">\n        En ese sentido ha se\u00f1alado que se trabaja de la mano de la ciencia para \u201ctener todas las herramientas\u201d de gesti\u00f3n y an\u00e1lisis y as\u00ed \u201cestar preparados\u201d ya que en caso de un episodio eruptivo \u201clo primero es la protecci\u00f3n de la vida de las personas\u201d.\n    <\/p>\n<p class=\"article-text\">\n        En esa l\u00ednea ha defendido el aumento de los fondos econ\u00f3micos de la corporaci\u00f3n en labores de prevenci\u00f3n y el apoyo y coordinaci\u00f3n a los municipios para que elaboren y desarrollen sus planes de municipales de emergencias -habr\u00e1 una reuni\u00f3n el 15 de septiembre-.\n    <\/p>\n<p class=\"article-text\">\n        Ha defendido tambi\u00e9n que se han creado puntos log\u00edsticos en colaboraci\u00f3n con Cruz Roja y el Colegio de Farmac\u00e9uticos, hay planes formativos con Involcan, el IGN, la Aemet y las universidades y se han dise\u00f1ado puestos de mando de tal forma que cient\u00edficos y ej\u00e9rcito trabajar\u00edan codo con codo.\n    <\/p>\n<p class=\"article-text\">\n        \u201cNo podemos mirar hacia otro lado, esto es lo responsable para que podamos prevenir y estar preparados\u201d, ha indicado, subrayando que este simulacro ser\u00e1 pionero en Espa\u00f1a y estar\u00e1 a la altura de los que se hacen en Hawaii o Sicilia.\n    <\/p>\n<p class=\"article-text\">\n        Aunque habr\u00e1 muchas actividades previas, el punto culminante del simulacro, que forma parte del UE-Modex, Mecanismo de Protecci\u00f3n Civil de la Uni\u00f3n Europea, ser\u00e1 el 26 de septiembre, cuando los residentes en toda la isla recibir\u00e1n un mensaje a las 09.00 horas a trav\u00e9s de la plataforma ES-Alert anunciado la erupci\u00f3n al pasar la isla &#8216;sem\u00e1foro rojo&#8217;.\n    <\/p>\n<p class=\"article-text\">\n        En ese momento se iniciar\u00e1 la evacuaci\u00f3n de los vecinos del muelle viejo de Garachico y arrancar\u00e1 el simulacro.\n    <\/p>\n<p class=\"article-text\">\n        Padr\u00f3n ha aclarado que no se trata de \u201cimprovisar\u201d sino de acometer un \u201cejercicio pedag\u00f3gico\u201d y con un \u201cmismo patr\u00f3n de funcionamiento\u201d para conciencia a la poblaci\u00f3n en que tambi\u00e9n debe \u201cempoderarse\u201d y ser m\u00e1s \u201cresiliente\u201d ante este tipo de eventualidades.\n    <\/p>\n<p class=\"article-text\">\n        As\u00ed, ha apelado a disponer de una \u201cestrategia global\u201d en la que participen todas las \u00e1reas del Cabildo y en coordinaci\u00f3n con los municipios que permita identificar a las personas vulnerables, los animales, fijar la acogida de la poblaci\u00f3n o dar salida tambi\u00e9n a la evacuaci\u00f3n de turistas.\n    <\/p>\n<p>    <strong>Un riesgo \u201ccada vez m\u00e1s complejo\u201d<\/strong><\/p>\n<p class=\"article-text\">\n        Padr\u00f3n ha reconocido que \u201cel riesgo cada vez es m\u00e1s complejo\u201d debido al cambio clim\u00e1tico y por eso entiende que \u201chay que trabajar en anticipaci\u00f3n y prevenci\u00f3n\u201d.\n    <\/p>\n<p class=\"article-text\">\n        D&#8217;Auria ha valorado el \u201ccambio incre\u00edble\u201d que se ha dado en Tenerife en los \u00faltimos 25 a\u00f1os en la \u201ccalidad\u201d del sistema de protecci\u00f3n civil y la vigilancia volc\u00e1nica y ha reivindicado que se va a disponer de un \u201ccuadro de situaci\u00f3n actualizado, minuto por minuto\u201d.\n    <\/p>\n<p class=\"article-text\">\n        En ese sentido ha dicho que se van a adquirir tres calor\u00edmetros para poder \u201cadelantar una futura erupci\u00f3n\u201d ya que es \u201cimportante\u201d poder afinar con los movimientos de magma en profundidad ya que el tiempo de una erupci\u00f3n \u201cpuede ser muy corto, de una semana\u201d.\n    <\/p>\n<p class=\"article-text\">\n        Ha indicado que \u201ctoda la isla tiene que estar preparada\u201d porque la vigilancia volc\u00e1nica \u201cno es f\u00e1cil\u201d, tal y como se demostr\u00f3 en La Palma, admitiendo que Tenerife presenta \u201canomal\u00edas\u201d desde 2016 que en un 80% de los casos, acaban en que la isla \u201cvuelva a dormir\u201d.\n    <\/p>\n<p class=\"article-text\">\n        En esa l\u00ednea ha afirmado que hay &#8216;enjambres s\u00edsmicos&#8217; que se achacan al sistema hidrotermal de la isla pues \u201cno hay evidencia\u201d de movimiento de magma en profundidad\u201c, y conf\u00eda en que la situaci\u00f3n no var\u00ede a corto plazo.\n    <\/p>\n<p class=\"article-text\">\n        \u201cLo que ha ocurrido en los \u00faltimos meses est\u00e1 dentro de la normalidad, el sistema est\u00e1 dormido pero se despertar\u00e1\u201d, ha apuntado, pero puede ser en un a\u00f1o o dentro de un siglo. \u201cTenerife es una isla activa y antes o despu\u00e9s habr\u00e1 otra erupci\u00f3n, tenemos que estar preparados pero ahora estamos en un periodo de tranquilidad\u201d, ha agregado.\n    <\/p>\n<p class=\"article-text\">\n        Seg\u00fan las proyecciones estad\u00edsticas de Involcan, la probabilidad de una erupci\u00f3n en Tenerife es de casi el 40% en los pr\u00f3ximos 50 a\u00f1os y m\u00e1s de un 63% en 100 a\u00f1os.\n    <\/p>\n<p class=\"article-text\">\n        D&#8217;Auria s\u00ed ha comentado que el riesgo volc\u00e1nico en Canarias \u201cest\u00e1 aumentando\u201d debido al desarrollo de infraestructuras y el aumento de la poblaci\u00f3n, que le hace estar m\u00e1s expuesta, y pese a ello entiende que hay que \u201ctrabajar mucho\u201d con la poblaci\u00f3n, pues tiene \u201cpoca percepci\u00f3n\u201d del riesgo.\n    <\/p>\n<p class=\"article-text\">\n        Ha puesto como ejemplo que en las jornadas de prevenci\u00f3n en La Palma meses antes de la erupci\u00f3n la participaci\u00f3n era \u201cbastante escasa\u201d.\n    <\/p>\n","protected":false},"excerpt":{"rendered":"El Cabildo de Tenerife ultima los preparativos del simulacro que va a realizar en el municipio de Garachico&hellip;\n","protected":false},"author":2,"featured_media":86428,"comment_status":"","ping_status":"","sticky":false,"template":"","format":"standard","meta":{"footnotes":""},"categories":[8],"tags":[17,18,16140,25,24,13,14,1151,11,19,20,31,9,10,15,16,5936,31957,23,1370,12,21,22,31958],"class_list":{"0":"post-86427","1":"post","2":"type-post","3":"status-publish","4":"format-standard","5":"has-post-thumbnail","7":"category-espana","8":"tag-breaking-news","9":"tag-breakingnews","10":"tag-erupcion","11":"tag-es","12":"tag-espana","13":"tag-featured-news","14":"tag-featurednews","15":"tag-fecha","16":"tag-headlines","17":"tag-latest-news","18":"tag-latestnews","19":"tag-mayor","20":"tag-news","21":"tag-noticias","22":"tag-noticias-destacadas","23":"tag-noticiasdestacadas","24":"tag-prepara","25":"tag-simulacro","26":"tag-spain","27":"tag-tenerife","28":"tag-titulares","29":"tag-ultimas-noticias","30":"tag-ultimasnoticias","31":"tag-volcanica"},"share_on_mastodon":{"url":"","error":""},"_links":{"self":[{"href":"https:\/\/www.europesays.com\/es\/wp-json\/wp\/v2\/posts\/86427","targetHints":{"allow":["GET"]}}],"collection":[{"href":"https:\/\/www.europesays.com\/es\/wp-json\/wp\/v2\/posts"}],"about":[{"href":"https:\/\/www.europesays.com\/es\/wp-json\/wp\/v2\/types\/post"}],"author":[{"embeddable":true,"href":"https:\/\/www.europesays.com\/es\/wp-json\/wp\/v2\/users\/2"}],"replies":[{"embeddable":true,"href":"https:\/\/www.europesays.com\/es\/wp-json\/wp\/v2\/comments?post=86427"}],"version-history":[{"count":0,"href":"https:\/\/www.europesays.com\/es\/wp-json\/wp\/v2\/posts\/86427\/revisions"}],"wp:featuredmedia":[{"embeddable":true,"href":"https:\/\/www.europesays.com\/es\/wp-json\/wp\/v2\/media\/86428"}],"wp:attachment":[{"href":"https:\/\/www.europesays.com\/es\/wp-json\/wp\/v2\/media?parent=86427"}],"wp:term":[{"taxonomy":"category","embeddable":true,"href":"https:\/\/www.europesays.com\/es\/wp-json\/wp\/v2\/categories?post=86427"},{"taxonomy":"post_tag","embeddable":true,"href":"https:\/\/www.europesays.com\/es\/wp-json\/wp\/v2\/tags?post=86427"}],"curies":[{"name":"wp","href":"https:\/\/api.w.org\/{rel}","templated":true}]}}