{"id":86484,"date":"2025-09-01T16:43:08","date_gmt":"2025-09-01T16:43:08","guid":{"rendered":"https:\/\/www.europesays.com\/es\/86484\/"},"modified":"2025-09-01T16:43:08","modified_gmt":"2025-09-01T16:43:08","slug":"burgos-estrena-una-escultura-del-cid-orando-del-artista-oscar-martin-junto-a-la-catedral","status":"publish","type":"post","link":"https:\/\/www.europesays.com\/es\/86484\/","title":{"rendered":"Burgos estrena una escultura del Cid orando, del artista \u00d3scar Mart\u00edn, junto a la Catedral"},"content":{"rendered":"<p>El exterior de la Catedral de Burgos en la plaza de la Llana de afuera, alberga desde este 1 de septiembre la escultura &#8216;El Cid postrado de hinojos&#8217;, obra del artista burgal\u00e9s Oscar Mart\u00edn.<\/p>\n<p>Seg\u00fan ha explicado el propio artista, \u00abrelaciona el cantar de M\u00edo Cid con la figura de la Virgen Mar\u00eda y el Camino de Santiago\u00bb, ya que la escultura se encuentra frente al templo, honra a la madre de Dios, en pleno Camino de Santiago, y representa a un h\u00e9roe a punto de abandonar su ciudad desterrado. Esta estatua, en peque\u00f1o tama\u00f1o, es la que se otorga a los ganadores de los Premios Ciudad de Burgos desde el a\u00f1o 2011.<\/p>\n<p>El Ayuntamiento de Burgos ha agradecido a Mart\u00edn la escultura para deleite de los propios burgaleses y de los visitantes y turistas porque se exhibe \u00aben un espacio al aire libre\u00bb, como ha expresado la concejala de Cultura, Andrea Ballesteros.<\/p>\n<p>Mart\u00edn ha apuntado que es \u00abfundamental acercar el arte a las personas\u00bb, ya sean ciudadanos burgaleses o for\u00e1neos, y para el artista es \u00abuna alegr\u00eda\u00bb ubicar en un lugar tan emblem\u00e1tico una de sus obras m\u00e1s populares.<\/p>\n<p><strong>Caracter\u00edsticas. <\/strong>La pieza mide 2,30 metros y representa al Cid de rodillas, rezando ante Santa Mar\u00eda antes de partir el destierro. Aunque la talla est\u00e1 en una amplia plaza, por su escala, ha indicado Mart\u00edn, hace que se \u00abreduzca el espacio e invite a tener una intimidad\u00bb a trav\u00e9s de la obra.<\/p>\n<p>El artista ha subrayado la importancia de la \u00ababertura\u00bb discoidal en el troncocono que el espectador se encuentra en primera instancia. A este respecto, ha asegurado que ese troncocono, un hueco dorado, para \u00e9l \u00abes importante que tanto los viajeros del camino del Cid como los de peregrinos del Camino de Santiago encuentren esa resonancia\u00bb con la energ\u00eda del h\u00e9roe castellano e invita \u00aba pasar la mano, a tocar\u00bb para reforzar la \u00abenerg\u00eda\u00bb de la propia ciudad porque adem\u00e1s ha afirmado que tocar y sentir hace que esa escultura \u00absea algo m\u00e1s\u00bb.<\/p>\n<p>Mart\u00edn tambi\u00e9n ha hablado del aspecto \u00abde comunidad y la invitaci\u00f3n a mirar a la Catedral\u00bb en su ubicaci\u00f3n, de frente al templo y la capilla de los Condestables.<\/p>\n<p>El artista ha asegurado que la alcaldesa de Burgos, Cristina Ayala, no ha podido elegir \u00abun sitio mejor para su escultura\u00bb, ubicada en el lugar con la vocaci\u00f3n de permanencia, aunque puede temporalmente ir a otros lugares en funci\u00f3n de que se pida la escultura para alguna exposici\u00f3n temporal.<\/p>\n","protected":false},"excerpt":{"rendered":"El exterior de la Catedral de Burgos en la plaza de la Llana de afuera, alberga desde este&hellip;\n","protected":false},"author":2,"featured_media":86485,"comment_status":"","ping_status":"","sticky":false,"template":"","format":"standard","meta":{"footnotes":""},"categories":[173],"tags":[31987,229,233,231,230,31986,623,22190,30086,31988,3606,31989,232,234,146,147,25,24,30085,23],"class_list":{"0":"post-86484","1":"post","2":"type-post","3":"status-publish","4":"format-standard","5":"has-post-thumbnail","7":"category-arte-y-diseno","8":"tag-andrea-ballesteros","9":"tag-arte","10":"tag-arte-y-diseno","11":"tag-arts","12":"tag-arts-and-design","13":"tag-ayuntamiento-de-burgos","14":"tag-burgos","15":"tag-camino-de-santiago","16":"tag-camino-del-cid","17":"tag-capilla-de-los-condestables","18":"tag-catedral-de-burgos","19":"tag-cristina-ayala","20":"tag-design","21":"tag-diseno","22":"tag-entertainment","23":"tag-entretenimiento","24":"tag-es","25":"tag-espana","26":"tag-llana-de-afuera","27":"tag-spain"},"share_on_mastodon":{"url":"","error":""},"_links":{"self":[{"href":"https:\/\/www.europesays.com\/es\/wp-json\/wp\/v2\/posts\/86484","targetHints":{"allow":["GET"]}}],"collection":[{"href":"https:\/\/www.europesays.com\/es\/wp-json\/wp\/v2\/posts"}],"about":[{"href":"https:\/\/www.europesays.com\/es\/wp-json\/wp\/v2\/types\/post"}],"author":[{"embeddable":true,"href":"https:\/\/www.europesays.com\/es\/wp-json\/wp\/v2\/users\/2"}],"replies":[{"embeddable":true,"href":"https:\/\/www.europesays.com\/es\/wp-json\/wp\/v2\/comments?post=86484"}],"version-history":[{"count":0,"href":"https:\/\/www.europesays.com\/es\/wp-json\/wp\/v2\/posts\/86484\/revisions"}],"wp:featuredmedia":[{"embeddable":true,"href":"https:\/\/www.europesays.com\/es\/wp-json\/wp\/v2\/media\/86485"}],"wp:attachment":[{"href":"https:\/\/www.europesays.com\/es\/wp-json\/wp\/v2\/media?parent=86484"}],"wp:term":[{"taxonomy":"category","embeddable":true,"href":"https:\/\/www.europesays.com\/es\/wp-json\/wp\/v2\/categories?post=86484"},{"taxonomy":"post_tag","embeddable":true,"href":"https:\/\/www.europesays.com\/es\/wp-json\/wp\/v2\/tags?post=86484"}],"curies":[{"name":"wp","href":"https:\/\/api.w.org\/{rel}","templated":true}]}}