{"id":86490,"date":"2025-09-01T16:46:12","date_gmt":"2025-09-01T16:46:12","guid":{"rendered":"https:\/\/www.europesays.com\/es\/86490\/"},"modified":"2025-09-01T16:46:12","modified_gmt":"2025-09-01T16:46:12","slug":"hora-14-estrena-temporada-con-una-apuesta-renovada-por-la-informacion-y-el-analisis-sociedad","status":"publish","type":"post","link":"https:\/\/www.europesays.com\/es\/86490\/","title":{"rendered":"&#8216;Hora 14&#8217; estrena temporada con una apuesta renovada por la informaci\u00f3n y el an\u00e1lisis | Sociedad"},"content":{"rendered":"<p>Hora 14 comienza temporada este lunes con una apuesta redoblada por la informaci\u00f3n y el an\u00e1lisis. Javier Casal y todo su equipo regresan a la SER para contar lo que pasa y lo que importa en todos los temas que preocupan a la sociedad y tambi\u00e9n en los grandes acontecimientos informativos.<\/p>\n<p>Para esta temporada, Hora 14 va a reforzar la opini\u00f3n, ampliando su panel de analistas y va a mejorar su oferta a la carta en la App de la SER, para estar todav\u00eda m\u00e1s cerca de los oyentes.<\/p>\n<p>Adem\u00e1s, estar\u00e1 una temporada m\u00e1s pendiente de la \u00faltima hora en todos las comunidades gracias a la red de emisoras.<\/p>\n<p>Hora 14 consigui\u00f3 su mejor dato con Javier Casal al frente en la \u00faltima oleada del Estudio General de Medios (EGM). El programa lidera en su horario, de 14:00 a 15:00 de la tarde, con 659.000 oyentes.<\/p>\n<p>La SER estrena temporada<\/p>\n<p>Hoy por Hoy, el programa m\u00e1s escuchado de la radio espa\u00f1ola, ha comenzado este lunes su nueva temporada en la Cadena SER desde la frontera de Israel y Gaza. Durante los pr\u00f3ximos d\u00edas, \u00c0ngels Barcel\u00f3, directora y presentadora del espacio, trasladar\u00e1 a los oyentes la \u00faltima hora del conflicto desde el terreno, reafirmando la apuesta de la emisora l\u00edder por el periodismo y la informaci\u00f3n, contando todo lo que sucede desde el lugar de los hechos.<\/p>\n<p><img loading=\"lazy\" decoding=\"async\" src=\"https:\/\/www.europesays.com\/es\/wp-content\/uploads\/2025\/09\/https:\/\/sdmedia.playser.cadenaser.com\/playser\/image\/20259\/01\/1756716908300_1756717670_asset_still.jp.jpeg\" width=\"9\" height=\"16\"\/><\/p>\n<p>No ser\u00e1 el \u00fanico espacio de la Cadena SER que ha preparado una edici\u00f3n especial con motivo del inicio del curso radiof\u00f3nico. Este lunes, a partir de las 16:00 horas, La Ventana se trasladar\u00e1 hasta el C\u00edrculo de Bellas Artes de Madrid de la mano de Carles Francino. El locutor, junto al equipo de &#8216;Todo por la Radio&#8217; y los colaboradores habituales de &#8216;La Ventana&#8217;, realizar\u00e1 el primer programa de la temporada con p\u00fablico en directo desde el famoso centro cultural.<\/p>\n<p>A partir de las 20:00 horas, Aimar Bretos y el equipo de Hora 25 se desplazar\u00e1n hasta Gara\u00f1o, uno de los municipios de Le\u00f3n que se han visto afectados por la ola de incendios que ha obligado a evacuar varias localidades de la zona. El programa abordar\u00e1 la cat\u00e1strofe que ha asolado Espa\u00f1a este verano con la ayuda de varios expertos en la materia y recoger\u00e1 los testimonios de los habitantes de la localidad.<\/p>\n","protected":false},"excerpt":{"rendered":"Hora 14 comienza temporada este lunes con una apuesta redoblada por la informaci\u00f3n y el an\u00e1lisis. Javier Casal&hellip;\n","protected":false},"author":2,"featured_media":86491,"comment_status":"","ping_status":"","sticky":false,"template":"","format":"standard","meta":{"footnotes":""},"categories":[170],"tags":[146,147,25,24,184,185,23],"class_list":{"0":"post-86490","1":"post","2":"type-post","3":"status-publish","4":"format-standard","5":"has-post-thumbnail","7":"category-musica","8":"tag-entertainment","9":"tag-entretenimiento","10":"tag-es","11":"tag-espana","12":"tag-music","13":"tag-musica","14":"tag-spain"},"share_on_mastodon":{"url":"","error":""},"_links":{"self":[{"href":"https:\/\/www.europesays.com\/es\/wp-json\/wp\/v2\/posts\/86490","targetHints":{"allow":["GET"]}}],"collection":[{"href":"https:\/\/www.europesays.com\/es\/wp-json\/wp\/v2\/posts"}],"about":[{"href":"https:\/\/www.europesays.com\/es\/wp-json\/wp\/v2\/types\/post"}],"author":[{"embeddable":true,"href":"https:\/\/www.europesays.com\/es\/wp-json\/wp\/v2\/users\/2"}],"replies":[{"embeddable":true,"href":"https:\/\/www.europesays.com\/es\/wp-json\/wp\/v2\/comments?post=86490"}],"version-history":[{"count":0,"href":"https:\/\/www.europesays.com\/es\/wp-json\/wp\/v2\/posts\/86490\/revisions"}],"wp:featuredmedia":[{"embeddable":true,"href":"https:\/\/www.europesays.com\/es\/wp-json\/wp\/v2\/media\/86491"}],"wp:attachment":[{"href":"https:\/\/www.europesays.com\/es\/wp-json\/wp\/v2\/media?parent=86490"}],"wp:term":[{"taxonomy":"category","embeddable":true,"href":"https:\/\/www.europesays.com\/es\/wp-json\/wp\/v2\/categories?post=86490"},{"taxonomy":"post_tag","embeddable":true,"href":"https:\/\/www.europesays.com\/es\/wp-json\/wp\/v2\/tags?post=86490"}],"curies":[{"name":"wp","href":"https:\/\/api.w.org\/{rel}","templated":true}]}}