{"id":86496,"date":"2025-09-01T16:49:08","date_gmt":"2025-09-01T16:49:08","guid":{"rendered":"https:\/\/www.europesays.com\/es\/86496\/"},"modified":"2025-09-01T16:49:08","modified_gmt":"2025-09-01T16:49:08","slug":"el-30-de-los-enfermos-del-corazon-desarrollan-trastornos-mentales-lo-que-dobla-la-probabilidad-de-muerte","status":"publish","type":"post","link":"https:\/\/www.europesays.com\/es\/86496\/","title":{"rendered":"El 30% de los enfermos del coraz\u00f3n desarrollan trastornos mentales, \u00ablo que dobla la probabilidad de muerte\u00bb"},"content":{"rendered":"<p>Cuando un paciente entra por primera vez en la consulta de un especialista en enfermedades cardiovasculares, el m\u00e9dico le preguntar\u00e1 sin duda si es diab\u00e9tico  &#8230; o si tiene la tensi\u00f3n alta, pero ser\u00e1 m\u00e1s dif\u00edcil que se interese por su salud mental, si ha sufrido alg\u00fan episodio de depresi\u00f3n, tristeza o angustia, si \u00faltimamente se siente m\u00e1s estresado e incluso si arrastra alg\u00fan trauma de la infancia. Y lo cierto es es que plantear estas cuestiones puede salvar vidas. <\/p>\n<p class=\"v-p\">Bajo esta novedosa tesis, la Sociedad Europea de Cardiolog\u00eda (ESC en sus siglas en ingl\u00e9s) ha presentado este lunes en el marco del congreso anual que se acaba de clausurar en Madrid, un documento de consenso sobre la correlaci\u00f3n entre salud mental y salud cardiovascular. El informe, pionero a escala mundial, ha sido liderado por dos cardi\u00f3logos espa\u00f1oles, ambos miembros de la Sociedad Espa\u00f1ola de Cardiolog\u00eda (SEC): H\u00e9ctor Bueno, del Hospital 12 de Octubre de Madrid, y Marta Farrero, jefa de la Unidad de Insuficiencia Card\u00edaca del Hospital Cl\u00ednic de Barcelona y coordinadora del estudio.<\/p>\n<p class=\"v-p\">En declaraciones a este peri\u00f3dico, Farrero (Barcelona, 44 a\u00f1os), ha subrayado la importancia de relacionar la enfermedad cardiovascular (infarto, anginas de pecho, arritmias, insuficiencias card\u00edacas&#8230;) con la mental. Seg\u00fan la doctora, hasta un 30% de estos pacientes acaban desarrollando alg\u00fan problema de salud mental, \u00aby eso puede multiplicar por dos su posibilidad de morir o de tener complicaciones cardiovasculares graves\u00bb. Para Farrero, se trata de un dato \u00abmuy llamativo\u00bb que debe hacer replantear \u00abla forma de tratar a nuestros pacientes\u00bb.<\/p>\n<p class=\"v-p\">La gu\u00eda elaborada por la cardi\u00f3loga del Cl\u00ednic y sus colegas (han participado dos enfermeras del Reino Unido y cuenta con un equipo multidisciplinar de psic\u00f3logos, psiquiatras, m\u00e9dicos de familia&#8230;) es el primer documento cient\u00edfico que subraya la importancia de la salud mental y su \u00abfort\u00edsima\u00bb relaci\u00f3n con las patolog\u00edas cardiovasculares. \u00abLos novedoso es que una sociedad tan importante como la ESC haya puesto su atenci\u00f3n en esto. Nosotros estamos muy ilusionados porque creemos que va a remover la forma en que tratamos a las personas con enfermedad cardiovascular\u00ab, valora la cardi\u00f3loga catalana.<\/p>\n<p>Un riesgo a tener en cuenta<\/p>\n<p class=\"v-p\">Seg\u00fan Farrero, los pacientes con enfermedad mental (\u00abno tienen por qu\u00e9 ser graves puede ser, simplemente, estr\u00e9s o una experiencia traum\u00e1tica en la infancia con impacto en su salud mental) desarrollan una enfermedad cardiovascular con \u00abmucha m\u00e1s frecuencia\u00bb que el resto de la poblaci\u00f3n. \u00abPor eso cuando estamos estimando el riesgo cardiovascular de alguien, tenemos que empezar a tener en cuenta c\u00f3mo est\u00e1 su salud mental\u00ab. Y viceversa. Porque el documento tambi\u00e9n aborda los casos de pacientes que ya sufren una patolog\u00eda cardiovascular y c\u00f3mo ello impacta en su estado ps\u00edquico.<\/p>\n<p class=\"v-p\">Los autores creen que los estigmas que a\u00fan pesan sobre las enfermedades mentales han impedido su abordaje como un factor de riesgo m\u00e1s en los problemas del coraz\u00f3n, como la hipertensi\u00f3n, la obesidad o la diabetes. \u00abA nadie se le ocurrir\u00eda pensar que esos factores no son importantes. Y el caso es que hasta ahora nadie se hab\u00eda fijado tanto en la importancia de la salud mental, seguramente por el estigma que a\u00fan tiene en la sociedad\u00bb.<\/p>\n<p class=\"v-p\">La gu\u00eda incorpora un cap\u00edtulo dedicado espec\u00edficamente a las personas con enfermedades mentales grave, como la esquizofrenia o la depresi\u00f3n mayor. \u00abSon pacientes con un riesgo cardiovascular alt\u00edsimo y muchas veces no est\u00e1n tan bien tratados como el resto, porque su manejo resulta m\u00e1s complejo\u00bb.<\/p>\n<p>Preguntas sencillas<\/p>\n<p class=\"v-p\">Para Farrero, el gran reto ahora es \u00abaterrizar\u00bb el documento para que primero se incorpore a los sistemas de salud de los pa\u00edses y luego se lleve a la pr\u00e1ctica en los hospitales. Han intentado ser muy pr\u00e1cticos y dar pautas muy concretas de qu\u00e9 preguntar: cuestiones sencillas como si el paciente se ha sentido triste o deprimido, o m\u00e1s preocupado de lo normal o si ha perdido ilusi\u00f3n por hacer cosas con las que antes disfrutaba. En caso de responder afirmativamente, lo atender\u00eda un equipo de psicocardiolog\u00eda, que integra a psic\u00f3logos, psiquiatras, terapeutas, trabajadores sociales, cardi\u00f3logos\u2026 \u00abPero el primer objetivo antes de nada\u00bb, subraya la doctora, \u00abes que seamos conscientes todos de que existe esta relaci\u00f3n entre enfermedad mental y enfermedad cardiovascular, porque muchos de nosotros, en nuestro d\u00eda a d\u00eda, no somos conscientes. Si logramos esto ya ser\u00eda un primer reto conseguido\u00bb.<\/p>\n<p class=\"v-p\">En cuanto a qu\u00e9 pesa m\u00e1s si la enfermedad mental en el problema cardiovascular o el problema cardiovascular en la enfermedad mental, la coordinadora del documento opina que todo \u00abes un pez que se muerde la cola\u00bb, y todo \u00abmultiplica el riesgo\u00bb. \u00abHaber sufrido un infarto o una parada cardiaca puede desencadenar una situacion de angustia, depresi\u00f3n o estr\u00e9s postraumatico, que dificulte que el paciente pueda adherirse correctamente el tratamiento, con lo cual se perpetua el c\u00edrculo vicioso entre una mala salud cardiovascular y mental\u00bb, explica.<\/p>\n<p class=\"v-p\">El documento tambi\u00e9n aborda la cara positiva de una buena salud mental, y concluye que las personas con una forma de pensar \u00abpositiva\u00bb, las que destilan buen humor o afrontan la vida con optimismo sufren menor riesgo cardiovascular. \u00abSon factores protectores\u00bb, apostilla Farrero.<\/p>\n","protected":false},"excerpt":{"rendered":"Cuando un paciente entra por primera vez en la consulta de un especialista en enfermedades cardiovasculares, el m\u00e9dico&hellip;\n","protected":false},"author":2,"featured_media":86497,"comment_status":"","ping_status":"","sticky":false,"template":"","format":"standard","meta":{"footnotes":""},"categories":[92],"tags":[17547,15448,31991,2996,25,24,165,4214,4920,1817,27691,166,23],"class_list":{"0":"post-86496","1":"post","2":"type-post","3":"status-publish","4":"format-standard","5":"has-post-thumbnail","7":"category-salud","8":"tag-cardiovasculares","9":"tag-desarrollan","10":"tag-dobla","11":"tag-enfermedad","12":"tag-es","13":"tag-espana","14":"tag-health","15":"tag-mental","16":"tag-muerte","17":"tag-pacientes","18":"tag-probabilidad","19":"tag-salud","20":"tag-spain"},"share_on_mastodon":{"url":"","error":""},"_links":{"self":[{"href":"https:\/\/www.europesays.com\/es\/wp-json\/wp\/v2\/posts\/86496","targetHints":{"allow":["GET"]}}],"collection":[{"href":"https:\/\/www.europesays.com\/es\/wp-json\/wp\/v2\/posts"}],"about":[{"href":"https:\/\/www.europesays.com\/es\/wp-json\/wp\/v2\/types\/post"}],"author":[{"embeddable":true,"href":"https:\/\/www.europesays.com\/es\/wp-json\/wp\/v2\/users\/2"}],"replies":[{"embeddable":true,"href":"https:\/\/www.europesays.com\/es\/wp-json\/wp\/v2\/comments?post=86496"}],"version-history":[{"count":0,"href":"https:\/\/www.europesays.com\/es\/wp-json\/wp\/v2\/posts\/86496\/revisions"}],"wp:featuredmedia":[{"embeddable":true,"href":"https:\/\/www.europesays.com\/es\/wp-json\/wp\/v2\/media\/86497"}],"wp:attachment":[{"href":"https:\/\/www.europesays.com\/es\/wp-json\/wp\/v2\/media?parent=86496"}],"wp:term":[{"taxonomy":"category","embeddable":true,"href":"https:\/\/www.europesays.com\/es\/wp-json\/wp\/v2\/categories?post=86496"},{"taxonomy":"post_tag","embeddable":true,"href":"https:\/\/www.europesays.com\/es\/wp-json\/wp\/v2\/tags?post=86496"}],"curies":[{"name":"wp","href":"https:\/\/api.w.org\/{rel}","templated":true}]}}