{"id":86506,"date":"2025-09-01T16:54:08","date_gmt":"2025-09-01T16:54:08","guid":{"rendered":"https:\/\/www.europesays.com\/es\/86506\/"},"modified":"2025-09-01T16:54:08","modified_gmt":"2025-09-01T16:54:08","slug":"un-juez-ordena-el-internamiento-del-menor-detenido-por-una-violacion-cerca-del-centro-de-acogida-de-hortaleza","status":"publish","type":"post","link":"https:\/\/www.europesays.com\/es\/86506\/","title":{"rendered":"Un juez ordena el internamiento del menor detenido por una violaci\u00f3n cerca del centro de acogida de Hortaleza"},"content":{"rendered":"<p class=\"article-text\">\n        Un juez de Menores de Madrid ha acordado el ingreso en un centro de internamiento en r\u00e9gimen cerrado del menor detenido como presunto autor de una <a href=\"https:\/\/www.eldiario.es\/madrid\/somos\/agresion-tres-migrantes-horas-despues-denuncia-violacion-desata-ofensiva-racista-hortaleza_1_12569087.html\" target=\"_blank\" data-mrf-recirculation=\"links-noticia\" class=\"link\" rel=\"nofollow noopener\">agresi\u00f3n sexual<\/a> cometida cerca del Centro de Primera Acogida de Menores de Hortaleza, han informado a Europa Press fuentes jur\u00eddicas.\n    <\/p>\n<p>    <a href=\"https:\/\/www.eldiario.es\/madrid\/somos\/vox-pierde-cruzada-menores-no-acompanados-hortaleza-asientos-marquesinas-bus_1_11837328.html\" data-mrf-recirculation=\"saber-mas\" data-dl-event=\"saber-mas\" rel=\"nofollow noopener\" target=\"_blank\"><\/p>\n<p class=\"know-more__title\">Vox pierde su cruzada contra los menores no acompa\u00f1ados en la parada del bus al ser tumbada su propuesta en Hortaleza<\/p>\n<p>            <img decoding=\"async\" class=\"lazy\" loading=\"lazy\" data-src=\"https:\/\/static.eldiario.es\/clip\/3590614a-00fd-48e0-9412-88ffed5819e2_16-9-aspect-ratio_default_0.jpg\" src=\"data:image\/svg+xml,%3Csvg xmlns=\" http:=\"\" viewbox=\"0 0 880 495\" alt=\"Vox pierde su cruzada contra los menores no acompa\u00f1ados en la parada del bus al ser tumbada su propuesta en Hortaleza\"\/><\/p>\n<p>                        <\/a><\/p>\n<p class=\"article-text\">\n        El arresto se llev\u00f3 a cabo la madrugada del domingo por unos hechos ocurridos en el parque Isabel Clara Eugenia, pr\u00f3ximo al citado centro de menores. Tras comparecer ante el juez, se ha acordado su internamiento a petici\u00f3n de la Fiscal\u00eda de Menores.\n    <\/p>\n<p class=\"article-text\">\n        El delegado del Gobierno en Madrid, Francisco Mart\u00edn, mostr\u00f3 su rotunda condena a la presunta violaci\u00f3n e hizo un llamamiento a investigar las circunstancias en torno a las que se produjo el suceso y por qu\u00e9 el sospechoso estaba fuera de las instalaciones por la noche.\n    <\/p>\n<p class=\"article-text\">\n        Horas despu\u00e9s de la detenci\u00f3n del menor, dos encapuchados asaltaron y golpearon a tres menores migrantes en las inmediaciones de este centro de acogida. La Delegaci\u00f3n del Gobierno en la Comunidad de Madrid ha relacionado ambos acontecimientos y vinculado a sus protagonistas con el albergue de primera acogida.\n    <\/p>\n<p>    <a href=\"https:\/\/www.eldiario.es\/madrid\/somos\/agresion-tres-migrantes-horas-despues-denuncia-violacion-desata-ofensiva-racista-hortaleza_1_12569087.html\" data-mrf-recirculation=\"saber-mas-abajo\" data-dl-event=\"saber-mas-abajo\" rel=\"nofollow noopener\" target=\"_blank\"><\/p>\n<p class=\"know-more__title\">La agresi\u00f3n a tres migrantes horas despu\u00e9s de una denuncia por violaci\u00f3n desata otra ofensiva racista en Hortaleza\n<\/p>\n<p>            <img decoding=\"async\" class=\"lazy\" loading=\"lazy\" data-src=\"https:\/\/static.eldiario.es\/clip\/9e289152-84b4-4237-925a-781c7176e88c_16-9-aspect-ratio_default_0.jpg\" src=\"data:image\/svg+xml,%3Csvg xmlns=\" http:=\"\" viewbox=\"0 0 880 495\" alt=\"La agresi\u00f3n a tres migrantes horas despu\u00e9s de una denuncia por violaci\u00f3n desata otra ofensiva racista en Hortaleza\"\/><\/p>\n<p>                        <\/a><\/p>\n<p class=\"article-text\">\n        Las autoridades buscan ahora a dos encapuchados e investigan la denuncia por violaci\u00f3n. Uno de los tres j\u00f3venes golpeados tuvo que ser trasladado al hospital: fuentes policiales se\u00f1alan que uno de ellos s\u00ed era mayor de edad, aunque el resto no llegaba a los 18. No obstante, la concatenaci\u00f3n de hechos ha puesto en el punto de mira de nuevo al espacio residencial, dependiente de la Consejer\u00eda de Familia, Juventud y Asuntos Sociales.\n    <\/p>\n","protected":false},"excerpt":{"rendered":"Un juez de Menores de Madrid ha acordado el ingreso en un centro de internamiento en r\u00e9gimen cerrado&hellip;\n","protected":false},"author":2,"featured_media":86507,"comment_status":"","ping_status":"","sticky":false,"template":"","format":"standard","meta":{"footnotes":""},"categories":[8],"tags":[31993,17,18,245,3570,8838,25,24,13,14,11,31601,31992,1664,19,20,2126,9,10,15,16,13375,23,12,21,22,3033],"class_list":{"0":"post-86506","1":"post","2":"type-post","3":"status-publish","4":"format-standard","5":"has-post-thumbnail","7":"category-espana","8":"tag-acogida","9":"tag-breaking-news","10":"tag-breakingnews","11":"tag-centro","12":"tag-cerca","13":"tag-detenido","14":"tag-es","15":"tag-espana","16":"tag-featured-news","17":"tag-featurednews","18":"tag-headlines","19":"tag-hortaleza","20":"tag-internamiento","21":"tag-juez","22":"tag-latest-news","23":"tag-latestnews","24":"tag-menor","25":"tag-news","26":"tag-noticias","27":"tag-noticias-destacadas","28":"tag-noticiasdestacadas","29":"tag-ordena","30":"tag-spain","31":"tag-titulares","32":"tag-ultimas-noticias","33":"tag-ultimasnoticias","34":"tag-violacion"},"share_on_mastodon":{"url":"","error":""},"_links":{"self":[{"href":"https:\/\/www.europesays.com\/es\/wp-json\/wp\/v2\/posts\/86506","targetHints":{"allow":["GET"]}}],"collection":[{"href":"https:\/\/www.europesays.com\/es\/wp-json\/wp\/v2\/posts"}],"about":[{"href":"https:\/\/www.europesays.com\/es\/wp-json\/wp\/v2\/types\/post"}],"author":[{"embeddable":true,"href":"https:\/\/www.europesays.com\/es\/wp-json\/wp\/v2\/users\/2"}],"replies":[{"embeddable":true,"href":"https:\/\/www.europesays.com\/es\/wp-json\/wp\/v2\/comments?post=86506"}],"version-history":[{"count":0,"href":"https:\/\/www.europesays.com\/es\/wp-json\/wp\/v2\/posts\/86506\/revisions"}],"wp:featuredmedia":[{"embeddable":true,"href":"https:\/\/www.europesays.com\/es\/wp-json\/wp\/v2\/media\/86507"}],"wp:attachment":[{"href":"https:\/\/www.europesays.com\/es\/wp-json\/wp\/v2\/media?parent=86506"}],"wp:term":[{"taxonomy":"category","embeddable":true,"href":"https:\/\/www.europesays.com\/es\/wp-json\/wp\/v2\/categories?post=86506"},{"taxonomy":"post_tag","embeddable":true,"href":"https:\/\/www.europesays.com\/es\/wp-json\/wp\/v2\/tags?post=86506"}],"curies":[{"name":"wp","href":"https:\/\/api.w.org\/{rel}","templated":true}]}}