{"id":86516,"date":"2025-09-01T17:01:08","date_gmt":"2025-09-01T17:01:08","guid":{"rendered":"https:\/\/www.europesays.com\/es\/86516\/"},"modified":"2025-09-01T17:01:08","modified_gmt":"2025-09-01T17:01:08","slug":"evenepoel-thomas-y-alaphilippe-encabezan-un-tour-de-gran-bretana-de-alto-nivel-esciclismo","status":"publish","type":"post","link":"https:\/\/www.europesays.com\/es\/86516\/","title":{"rendered":"Evenepoel, Thomas y Alaphilippe encabezan un Tour de Gran Breta\u00f1a de alto nivel &#8211; Esciclismo"},"content":{"rendered":"<ol>\n<li><a href=\"https:\/\/news.google.com\/rss\/articles\/CBMiakFVX3lxTFA4YXNTM19mUnp1Z3JjTFNkVUJHMWVfTTNxYXc0NHljNGx2WmxtcUlTTmc2NV9Ea01wbWRXU0RaSElmVXY4OVRfN2VmSG9VU2d2SU5uakRhUlJTaG5tTWRYWW1MNXdoZWhJeEE?oc=5\" target=\"_blank\" rel=\"nofollow noopener\">Evenepoel, Thomas y Alaphilippe encabezan un Tour de Gran Breta\u00f1a de alto nivel<\/a>&nbsp;&nbsp;Esciclismo<\/li>\n<li><a href=\"https:\/\/news.google.com\/rss\/articles\/CBMisAFBVV95cUxOT2M0S2J4OUVxQmU0RXcxdUpTSmVqUGRISkFYUTFzOEJleEJZVzRzMXotOTVyZ1hRSnlaNlBqRmVnNkFxa3VPeGZ3Y3RsTzQ3YTRWNFhjZlZSc0JrcjUwQkVxMDhJWWJacEwzYXlPQW1INlBxZTE4UF8xdlpmanA0d0N4TjNIY1hLNmp5T3l4WEFEbE5GUW1yUXA1TXhBZUQxSmFOMVpLSml2eS1uWVV3MtIBsAFBVV95cUxNU3J0ZGgzbmw1RGhxNllwWDA2WjdNY196LVpCejNPc2pidHpMcERudzI4RE1GYkVrU3cybVp5aFFxWk5mdWQ3MDZZTnZ5N19PM1pzNy0wdEZRWnlYZ1gtZjk1c3RlNTlmUHZMSTdLOFhkVWVOMzJoVkhUQlZTRzM1VVZmaVBOcW8xWnpqUjBWdU5UdEhMQnZ1cUhVRW9aZXEtRGVURTFYSzlRS3NFN3dfMw?oc=5\" target=\"_blank\" rel=\"nofollow noopener\">Tour de Gran Breta\u00f1a: etapas, horarios, startlist y todo lo que tienes que saber sobre la carrera<\/a>&nbsp;&nbsp;MARCA<\/li>\n<li><a href=\"https:\/\/news.google.com\/rss\/articles\/CBMi5AFBVV95cUxQSGJFcmdPa090OGdNNXY3MExXSFY1ZG14bWdYaE1qYW9PNGtBN2VaWEF4N0VEZGJLWGVBbi1jTkpFMzdjSWtHbk5sdVRBempiNExTdEt4eGYtUHRsRzU2YVB1dGhWOVBUaWF5aS1naHZZZXBLWGFlY2gwSjlpYlBLMmVyM0lULTVZWFNIM1BTVVo1X0RpVURXNUNBQnFFdHM5NEdxRFFLNmFOc1JRYklEZXhvM1FscXJSN2Y1NzNLa2Zhc2R4VUlNc0htNHdVM0hFc3E1N1BQVXFyR1dMSkFoaXR3bE0?oc=5\" target=\"_blank\" rel=\"nofollow noopener\">PREVIA Y FAVORITOS | Etapa 1 Tour de Gran Breta\u00f1a 2025: Brennan buscar\u00e1 ser profeta en su tierra con el enemigo en casa<\/a>&nbsp;&nbsp;Ciclismoaldia.es<\/li>\n<li><a href=\"https:\/\/news.google.com\/rss\/articles\/CBMiggFBVV95cUxONXlsTXpUYlc4LXI5aEY3cThoNEVnNnFKaG1FRFpzMlpwLUJwOWthSERLa2tibWFlSFlXUjNrM3doYUZYNWYxZzVZcXpZb1VfNzUzV1lTZ0YzLUx6VGgwYVQzaV91MkhDYlhpMWtmT2VPaE43RUI2UGxZTk80RFI1LU53?oc=5\" target=\"_blank\" rel=\"nofollow noopener\">Tour Gran Breta\u00f1a 2025: Recorrido y dorsales oficiales<\/a>&nbsp;&nbsp;Ciclo21<\/li>\n<li><a href=\"https:\/\/news.google.com\/rss\/articles\/CBMiakFVX3lxTFBzZ2RwMFZiZDlWZy1mdFNJNXdYRjBUdDZOR1ZLQ3lkX2tFWU5iSV81dVliWXJQMG9ISzFYbXFMdFNJT1hlV1d6emV6WGp2S1pWdG9oV0lNdWFmbGFQcjFhNi11Zk4wa1ItMVE?oc=5\" target=\"_blank\" rel=\"nofollow noopener\">TV, horarios de emisi\u00f3n y d\u00f3nde ver en directo el Tour de Gran Breta\u00f1a 2025<\/a>&nbsp;&nbsp;Esciclismo<\/li>\n<\/ol>\n","protected":false},"excerpt":{"rendered":"Evenepoel, Thomas y Alaphilippe encabezan un Tour de Gran Breta\u00f1a de alto nivel&nbsp;&nbsp;Esciclismo Tour de Gran Breta\u00f1a: etapas,&hellip;\n","protected":false},"author":2,"featured_media":86517,"comment_status":"","ping_status":"","sticky":false,"template":"","format":"standard","meta":{"footnotes":""},"categories":[273],"tags":[31997,14036,31999,2230,313,32000,312,168,2197,158,25,24,3956,31996,1531,31998,2599,1786,1971,23,167,316,32001],"class_list":{"0":"post-86516","1":"post","2":"type-post","3":"status-publish","4":"format-standard","5":"has-post-thumbnail","7":"category-ciclismo","8":"tag-bank","9":"tag-bretana","10":"tag-britain","11":"tag-celebrara","12":"tag-ciclismo","13":"tag-compacto","14":"tag-cycling","15":"tag-deportes","16":"tag-edicion","17":"tag-el","18":"tag-es","19":"tag-espana","20":"tag-gran","21":"tag-lloyds","22":"tag-lujo","23":"tag-of","24":"tag-participacion","25":"tag-recorrido","26":"tag-septiembre","27":"tag-spain","28":"tag-sports","29":"tag-tour","30":"tag-variado"},"share_on_mastodon":{"url":"","error":""},"_links":{"self":[{"href":"https:\/\/www.europesays.com\/es\/wp-json\/wp\/v2\/posts\/86516","targetHints":{"allow":["GET"]}}],"collection":[{"href":"https:\/\/www.europesays.com\/es\/wp-json\/wp\/v2\/posts"}],"about":[{"href":"https:\/\/www.europesays.com\/es\/wp-json\/wp\/v2\/types\/post"}],"author":[{"embeddable":true,"href":"https:\/\/www.europesays.com\/es\/wp-json\/wp\/v2\/users\/2"}],"replies":[{"embeddable":true,"href":"https:\/\/www.europesays.com\/es\/wp-json\/wp\/v2\/comments?post=86516"}],"version-history":[{"count":0,"href":"https:\/\/www.europesays.com\/es\/wp-json\/wp\/v2\/posts\/86516\/revisions"}],"wp:featuredmedia":[{"embeddable":true,"href":"https:\/\/www.europesays.com\/es\/wp-json\/wp\/v2\/media\/86517"}],"wp:attachment":[{"href":"https:\/\/www.europesays.com\/es\/wp-json\/wp\/v2\/media?parent=86516"}],"wp:term":[{"taxonomy":"category","embeddable":true,"href":"https:\/\/www.europesays.com\/es\/wp-json\/wp\/v2\/categories?post=86516"},{"taxonomy":"post_tag","embeddable":true,"href":"https:\/\/www.europesays.com\/es\/wp-json\/wp\/v2\/tags?post=86516"}],"curies":[{"name":"wp","href":"https:\/\/api.w.org\/{rel}","templated":true}]}}