{"id":86526,"date":"2025-09-01T17:06:17","date_gmt":"2025-09-01T17:06:17","guid":{"rendered":"https:\/\/www.europesays.com\/es\/86526\/"},"modified":"2025-09-01T17:06:17","modified_gmt":"2025-09-01T17:06:17","slug":"belen-r-castano-expone-casas-de-pueblo-y-paisajes-de-mar-en-sabaris","status":"publish","type":"post","link":"https:\/\/www.europesays.com\/es\/86526\/","title":{"rendered":"Bel\u00e9n R. Casta\u00f1o expone \u201cCasas de Pueblo y Paisajes de Mar\u201d en Sabar\u00eds"},"content":{"rendered":"<p>            <a href=\"https:\/\/telemarinas.com\/wp-content\/uploads\/2025\/08\/belen-r-castano-pintora.jpg\" data-caption=\"Bel\u00e9n R. Casta\u00f1o\" rel=\"nofollow noopener\" target=\"_blank\"><img loading=\"lazy\" width=\"696\" height=\"438\" class=\"entry-thumb td-modal-image lazyload\" alt=\"\" title=\"Bele\u0301n R. Castan\u0303o-Pintora\" src=\"https:\/\/www.europesays.com\/es\/wp-content\/uploads\/2025\/09\/belen-r-castano-pintora-696x438.jpg\" decoding=\"async\"  data- data-eio-rwidth=\"696\" data-eio-rheight=\"438\"\/><\/a>Bel\u00e9n R. Casta\u00f1o<\/p>\n<p><strong>Del 1 al 15 de septiembre, el Mercado Multiusos de Sabar\u00eds se llenar\u00e1 de color y encanto con la exposici\u00f3n de la pintora Bel\u00e9n R. Casta\u00f1o, titulada \u201cCasas de Pueblo y Paisajes de Mar\u201d, que podr\u00e1 visitarse los viernes de 18:00 a 21:00 horas, y los s\u00e1bados y domingos en horario: de 12:00 a 14:00 y de 18:00 a 22:00 horas.<\/strong><\/p>\n<p>Bel\u00e9n es una vecina con una historia muy cercana, que ha encontrado en la pintura una forma de expresarse y conectar con los dem\u00e1s. Hija del pintor Pedro Rodr\u00edguez, quien desde ni\u00f1o ya destacaba por su esp\u00edritu cr\u00edtico, hasta el punto de casi ser detenido con solo 11 a\u00f1os, por hacer caricaturas de Hitler y Mussolini que estaban colgadas en el Consulado Ingl\u00e9s. Bel\u00e9n creci\u00f3 entre lienzos y pinceles, aunque tard\u00f3, se decidi\u00f3 a seguir ese camino.<\/p>\n<p>Con mucho entusiasmo y creatividad, comenz\u00f3 a pintar por su cuenta. Primero mostr\u00f3 sus cuadros a familiares y amigos, y como gustaron tanto, se anim\u00f3 a abrir una cuenta de Instagram. Ah\u00ed lleg\u00f3 su primera venta: una mujer americana se enamor\u00f3 de una de sus obras y la compr\u00f3. As\u00ed empez\u00f3 esta aventura que hoy la lleva a exponer sus trabajos en su propia tierra.<\/p>\n<p>Con pinturas alegres, variadas, llenas de color y de una sensibilidad que llega f\u00e1cil al coraz\u00f3n. \u201cCasas de Pueblo y Paisajes de Mar\u201d es una colecci\u00f3n pensada para disfrutar, para todos los gustos y para todos los p\u00fablicos. Una oportunidad perfecta para descubrir o redescubrir el talento local y dejarse llevar por los paisajes que tanto nos recuerdan a casa.<\/p>\n<p>\u201cLo que m\u00e1s me enorgullece es que a alguien le guste mi obra la compre y la cuelgue en su casa, es lo que m\u00e1s me importa, mucho m\u00e1s que el dinero porque entonces s\u00e9 que lo que estoy haciendo lo estoy haciendo bien y que gusta\u201d, nos dice muy ilusionada Bel\u00e9n.<\/p>\n<p>Una cita para disfrutar del arte sin pretensiones, con alma y mucho cari\u00f1o. La entrada es gratuita.<\/p>\n<p>\u00a0<\/p>\n","protected":false},"excerpt":{"rendered":"Bel\u00e9n R. Casta\u00f1o Del 1 al 15 de septiembre, el Mercado Multiusos de Sabar\u00eds se llenar\u00e1 de color&hellip;\n","protected":false},"author":2,"featured_media":86527,"comment_status":"","ping_status":"","sticky":false,"template":"","format":"standard","meta":{"footnotes":""},"categories":[173],"tags":[229,233,231,230,25823,32002,32003,232,234,146,147,25,24,32004,23],"class_list":{"0":"post-86526","1":"post","2":"type-post","3":"status-publish","4":"format-standard","5":"has-post-thumbnail","7":"category-arte-y-diseno","8":"tag-arte","9":"tag-arte-y-diseno","10":"tag-arts","11":"tag-arts-and-design","12":"tag-baiona","13":"tag-belen-r-castano","14":"tag-casas-de-pueblo-y-paisajes-de-mar","15":"tag-design","16":"tag-diseno","17":"tag-entertainment","18":"tag-entretenimiento","19":"tag-es","20":"tag-espana","21":"tag-mercado-multiusos-de-sabaris","22":"tag-spain"},"share_on_mastodon":{"url":"","error":""},"_links":{"self":[{"href":"https:\/\/www.europesays.com\/es\/wp-json\/wp\/v2\/posts\/86526","targetHints":{"allow":["GET"]}}],"collection":[{"href":"https:\/\/www.europesays.com\/es\/wp-json\/wp\/v2\/posts"}],"about":[{"href":"https:\/\/www.europesays.com\/es\/wp-json\/wp\/v2\/types\/post"}],"author":[{"embeddable":true,"href":"https:\/\/www.europesays.com\/es\/wp-json\/wp\/v2\/users\/2"}],"replies":[{"embeddable":true,"href":"https:\/\/www.europesays.com\/es\/wp-json\/wp\/v2\/comments?post=86526"}],"version-history":[{"count":0,"href":"https:\/\/www.europesays.com\/es\/wp-json\/wp\/v2\/posts\/86526\/revisions"}],"wp:featuredmedia":[{"embeddable":true,"href":"https:\/\/www.europesays.com\/es\/wp-json\/wp\/v2\/media\/86527"}],"wp:attachment":[{"href":"https:\/\/www.europesays.com\/es\/wp-json\/wp\/v2\/media?parent=86526"}],"wp:term":[{"taxonomy":"category","embeddable":true,"href":"https:\/\/www.europesays.com\/es\/wp-json\/wp\/v2\/categories?post=86526"},{"taxonomy":"post_tag","embeddable":true,"href":"https:\/\/www.europesays.com\/es\/wp-json\/wp\/v2\/tags?post=86526"}],"curies":[{"name":"wp","href":"https:\/\/api.w.org\/{rel}","templated":true}]}}