{"id":86529,"date":"2025-09-01T17:08:09","date_gmt":"2025-09-01T17:08:09","guid":{"rendered":"https:\/\/www.europesays.com\/es\/86529\/"},"modified":"2025-09-01T17:08:09","modified_gmt":"2025-09-01T17:08:09","slug":"tve-esta-mostrando-el-cambio-del-gobierno-a-una-estrategia-mas-ofensiva","status":"publish","type":"post","link":"https:\/\/www.europesays.com\/es\/86529\/","title":{"rendered":"TVE est\u00e1 mostrando el cambio del Gobierno a una estrategia m\u00e1s ofensiva"},"content":{"rendered":"<p class=\"c-paragraph\">Las declaraciones de Marta Nebot este lunes en el programa En boca de todos\u00a0no han tardado en viralizarse, pues ha llamado la atenci\u00f3n que dijera que TVE \u00abest\u00e1 representando el cambio de estrategia del Gobierno\u00bb, <b>una estrategia \u00abm\u00e1s a la ofensiva\u00bb.<\/b><\/p>\n<p class=\"c-paragraph\">El programa de <a href=\"https:\/\/www.20minutos.es\/tags\/instituciones-empresas\/cuatro.html\" title=\"Cuatro\" rel=\"nofollow noopener\" target=\"_blank\">Cuatro<\/a> estaba debatiendo sobre la <a href=\"https:\/\/www.20minutos.es\/noticia\/5240688\/0\/pedro-sanchez-concede-esta-noche-una-entrevista-rtve\/\" title=\"El presidente acude este lunes a RTVE con Fortes y Carazo y este martes ir\u00e1 a la SER tras evitar preguntas en Moncloa\" rel=\"nofollow noopener\" target=\"_blank\">entrevista que conceder\u00e1 el presidente del Gobierno<\/a> este lunes a las 21 horas en La 1, donde ser\u00e1 preguntado por Pepa Bueno, y mostraron las palabras de <a href=\"https:\/\/www.20minutos.es\/tags\/personas\/isabel-diaz-ayuso.html\" title=\"Isabel D\u00edaz Ayuso\" rel=\"nofollow noopener\" target=\"_blank\"><b>Isabel D\u00edaz Ayuso<\/b><\/a>, que opin\u00f3 que \u00ab<b>RTVE<\/b>, que lo pagamos todos, <b>se va a arrodillar ante Pedro S\u00e1nchez de una manera pornogr\u00e1fica<\/b>\u00ab.<\/p>\n<p class=\"c-paragraph\">En este contexto,\u00a0la periodista <b>Marta Nebot<\/b> sostuvo que las declaraciones de la presidenta de la Comunidad de Madrid le parec\u00edan \u00abinsultantes\u00bb y consider\u00f3 que \u00ab<b>se est\u00e1 haciendo una campa\u00f1a contra Televisi\u00f3n Espa\u00f1ola<\/b>\u00ab, para la cual <a href=\"https:\/\/www.20minutos.es\/television\/presidente-rtve-defiende-television-publica-ataques-sarah-santaolalla_6240463_0.html\" title=\"El presidente de RTVE defiende la televisi\u00f3n p\u00fablica tras los ataques a Sarah Santaolalla\" rel=\"nofollow noopener\" target=\"_blank\">\u00abse est\u00e1 utilizando\u00bb a Sarah Santaolalla<\/a>, que, adem\u00e1s de ser colaboradora de La 1, lo es de En boca de todos.<\/p>\n<p class=\"c-paragraph\">Nebot a\u00f1adi\u00f3 tambi\u00e9n que Televisi\u00f3n Espa\u00f1ola \u00abest\u00e1 subiendo la audiencia, cosa que no pasaba desde hac\u00eda mucho tiempo\u00bb, y destac\u00f3 que <b>es una cadena que debe \u00abrepresentarnos a todos\u00bb<\/b>, algo que cree que \u00abest\u00e1 haciendo\u00bb bien.<\/p>\n<p class=\"c-paragraph\">Pero, adem\u00e1s, afirm\u00f3 que \u00abest\u00e1 representando el cambio de estrategia del Gobierno, que pas\u00f3 de tener a un tipo como (Juan) Lobato en la Comunidad de Madrid a tener a un tipo como \u00d3scar L\u00f3pez. O sea, <b>ir m\u00e1s a la ofensiva<\/b>\u00ab.<\/p>\n<blockquote class=\"twitter-tweet\" data-media-max-width=\"560\">\n<p lang=\"es\" dir=\"ltr\">Marta Nebot nos aclara que el cambio producido en RTVE se debe a un cambio de estrategia del Gobierno, que quiere ir \u00abm\u00e1s a la ofensiva\u00bb. Algo hab\u00edamos notado, s\u00ed. <a href=\"https:\/\/t.co\/Xx1RDSJG05\" rel=\"nofollow\">pic.twitter.com\/Xx1RDSJG05<\/a><\/p>\n<p>\u2014 Dios (@diostuitero) <a href=\"https:\/\/twitter.com\/diostuitero\/status\/1962505304358162843?ref_src=twsrc%5Etfw\" rel=\"nofollow noopener\" target=\"_blank\">September 1, 2025<\/a><\/p><\/blockquote>\n<p class=\"c-paragraph\">\u00abEsto tambi\u00e9n se est\u00e1 viendo en Televisi\u00f3n Espa\u00f1ola, pues s\u00ed, porque <b>ha habido un cambio en la comunicaci\u00f3n del Gobierno y sobre eso tambi\u00e9n se informa<\/b>\u00ab, justific\u00f3 Marta Nebot, mientras Noelia N\u00fa\u00f1ez, pol\u00edtica del PP y colaboradora del formato de Cuatro, contestaba indignada.<\/p>\n<p class=\"c-paragraph\">\u00abO sea, que Televisi\u00f3n Espa\u00f1ola es la comunicaci\u00f3n del Gobierno, gracias por dejarlo claro, es una manera muy buena de ver c\u00f3mo es un servicio p\u00fablico de todos los espa\u00f1oles\u00bb, respondi\u00f3 N\u00fa\u00f1ez.<\/p>\n<p class=\"c-paragraph\">Sin embargo, Nebot insisti\u00f3 en que lo que hace TVE es\u00a0informar \u00absobre lo que ocurre\u00bb. \u00abPor si alguien no se hab\u00eda enterado, <b>el Gobierno ha dejado de agachar la cabeza<\/b> para defenderse en los mismos t\u00e9rminos que, por ejemplo, D\u00edaz Ayuso\u00bb, opin\u00f3 la colaboradora.<\/p>\n<p><script async src=\"https:\/\/platform.twitter.com\/widgets.js\" charset=\"utf-8\"><\/script><\/p>\n","protected":false},"excerpt":{"rendered":"Las declaraciones de Marta Nebot este lunes en el programa En boca de todos\u00a0no han tardado en viralizarse,&hellip;\n","protected":false},"author":2,"featured_media":86530,"comment_status":"","ping_status":"","sticky":false,"template":"","format":"standard","meta":{"footnotes":""},"categories":[171],"tags":[8601,146,147,25,24,14494,32005,1298,644,23,214],"class_list":{"0":"post-86529","1":"post","2":"type-post","3":"status-publish","4":"format-standard","5":"has-post-thumbnail","7":"category-tv","8":"tag-boca","9":"tag-entertainment","10":"tag-entretenimiento","11":"tag-es","12":"tag-espana","13":"tag-marta","14":"tag-nebot","15":"tag-palabras","16":"tag-polemicas","17":"tag-spain","18":"tag-tv"},"share_on_mastodon":{"url":"","error":""},"_links":{"self":[{"href":"https:\/\/www.europesays.com\/es\/wp-json\/wp\/v2\/posts\/86529","targetHints":{"allow":["GET"]}}],"collection":[{"href":"https:\/\/www.europesays.com\/es\/wp-json\/wp\/v2\/posts"}],"about":[{"href":"https:\/\/www.europesays.com\/es\/wp-json\/wp\/v2\/types\/post"}],"author":[{"embeddable":true,"href":"https:\/\/www.europesays.com\/es\/wp-json\/wp\/v2\/users\/2"}],"replies":[{"embeddable":true,"href":"https:\/\/www.europesays.com\/es\/wp-json\/wp\/v2\/comments?post=86529"}],"version-history":[{"count":0,"href":"https:\/\/www.europesays.com\/es\/wp-json\/wp\/v2\/posts\/86529\/revisions"}],"wp:featuredmedia":[{"embeddable":true,"href":"https:\/\/www.europesays.com\/es\/wp-json\/wp\/v2\/media\/86530"}],"wp:attachment":[{"href":"https:\/\/www.europesays.com\/es\/wp-json\/wp\/v2\/media?parent=86529"}],"wp:term":[{"taxonomy":"category","embeddable":true,"href":"https:\/\/www.europesays.com\/es\/wp-json\/wp\/v2\/categories?post=86529"},{"taxonomy":"post_tag","embeddable":true,"href":"https:\/\/www.europesays.com\/es\/wp-json\/wp\/v2\/tags?post=86529"}],"curies":[{"name":"wp","href":"https:\/\/api.w.org\/{rel}","templated":true}]}}