{"id":86548,"date":"2025-09-01T17:19:17","date_gmt":"2025-09-01T17:19:17","guid":{"rendered":"https:\/\/www.europesays.com\/es\/86548\/"},"modified":"2025-09-01T17:19:17","modified_gmt":"2025-09-01T17:19:17","slug":"bidasoa-irun-encarrila-su-clasificacion-europea-y-defendera-9-goles-en-portugal-35-26-balonmano","status":"publish","type":"post","link":"https:\/\/www.europesays.com\/es\/86548\/","title":{"rendered":"Bidasoa-Irun encarrila su clasificaci\u00f3n europea y defender\u00e1 9 goles en Portugal (35-26) | Balonmano"},"content":{"rendered":"<p>        <img decoding=\"async\" alt=\"Bidasoa-Irun ha encarrilado su clasificaci\u00f3n europea ante el Braga.\" height=\"828\" loading=\"lazy\"  src=\"https:\/\/www.europesays.com\/es\/wp-content\/uploads\/2025\/09\/bidasoa_ona.jpg\"  width=\"1200\"\/>Bidasoa-Irun ha encarrilado su clasificaci\u00f3n europea ante el Braga. (Andoni CANELLADA | FOKU)<\/p>\n<p>El equipo de \u00c1lex Mozas ha salido como un cohete y con Mario Nevado como estilete, en un parpadeo se ha puesto 5-1 arriba gracias tambi\u00e9n a una gran defensa y a una porter\u00eda inexpugnable con el argentino Leo Maciel bajo palos.<\/p>\n<p>Las cosas se han torcido para Bidasoa mediada la primera parte cuando una doble exclusi\u00f3n, adem\u00e1s de ser la segunda para Mario Nevado que compromet\u00eda su continuidad en el partido si volv\u00eda a ser excluido, ha permitido a los portugueses acercarse a solo dos tantos (8-6) y poner de los nervios a los locales.<\/p>\n<p>La suerte, sin embargo, ha sonre\u00eddo a Bidasoa-Irun, porque un mal cambio de los lusos le ha otorgado una ventaja sustanciosa que ha empleado para irse a cinco goles aprovechando que su rival hab\u00eda tenido que vaciar porter\u00eda (12-7).<\/p>\n<p>Ten\u00eda una jugosa renta al descanso y una pretensi\u00f3n de prolongarla al m\u00e1ximo para cubrirse todo lo posible las espaldas para la vuelta y a la salida de vestuarios, ha vuelto en modo tornado, con el zurdo Mujika haciendo estragos en su zona hasta alcanzar los siete goles.<\/p>\n<p>Bidasoa ha hecho un postrero esfuerzo en el \u00faltimo cuarto para ampliar todav\u00eda m\u00e1s las distancias, ahora con Nacho Valles como l\u00edder absoluto de sus ataques, asistiendo, convirtiendo desde los siete metros y marcando sobre la bocina el gol 35 para convertir la incertidumbre en alborozo en las nutridas gradas de Artaleku.<\/p>\n<p><strong>FICHA T\u00c9CNICA<\/strong><\/p>\n<p><strong>35- Irudek Bidasoa-Irun:<\/strong> Maciel (1), Skrzyniarz- porteros- Dariel Garc\u00eda (2), Nevado (3), Gorka Nieto (3, 1 de pen.), Rodrigo Salinas (5), Xabi Gonz\u00e1lez (3), Peci\u00f1a, Jevtic, Furundarena (1), Mujika (6), Esteban Salinas (2), Mielczarski (1), Xabi Tu\u00e1 (2), Nacho Valles (5, 3 de pen.), Tito D\u00edaz (1).<\/p>\n<p><strong>26 &#8211; ABC Braga:<\/strong> Humberto Gomes, Tiago Ferreira- porteros- Tom\u00e1s Ferreira, De Campos (1), Gonzalo Gomes, Meireles (9, 6 de pen.), Gamboa (4), Martins (1), Pando Vieira (2), Manso, Molis (1), Neves, Magalhaes (5), Vasconcelos (3).<\/p>\n<p><strong>Arbitraje:<\/strong> Bozhinovski y Nachevski (Macedonia del Norte). Han excluido a Nevado (2), Dariel Garc\u00eda (2), Tito D\u00edaz, Jevtic, Molis, Gamboa (2), Manso y Pando Vieira.<\/p>\n<p><strong>Marcadores cada cinco minutos:<\/strong> 3-1; 6-3; 9-6; 10-7; 14-10; 16-11- descanso- 19-13; 22-17; 24-19; 26-20; 30-22; 35-26.<\/p>\n<p><strong>Incidencias:<\/strong> Encuentro de ida de la ronda preliminar para el acceso a la fase de grupos de la Liga Europea, disputado en el polideportivo Artaleku de Irun ante unos 1.500 aficionados.<\/p>\n","protected":false},"excerpt":{"rendered":"Bidasoa-Irun ha encarrilado su clasificaci\u00f3n europea ante el Braga. (Andoni CANELLADA | FOKU) El equipo de \u00c1lex Mozas&hellip;\n","protected":false},"author":2,"featured_media":86549,"comment_status":"","ping_status":"","sticky":false,"template":"","format":"standard","meta":{"footnotes":""},"categories":[278],"tags":[13238,18103,5588,376,2645,4616,16211,168,32012,25,24,2080,5815,375,7600,1462,23,167,1511],"class_list":{"0":"post-86548","1":"post","2":"type-post","3":"status-publish","4":"format-standard","5":"has-post-thumbnail","7":"category-balonmano","8":"tag-13238","9":"tag-18103","10":"tag-5588","11":"tag-balonmano","12":"tag-bidasoa","13":"tag-clasificacion","14":"tag-defendera","15":"tag-deportes","16":"tag-encarrila","17":"tag-es","18":"tag-espana","19":"tag-europea","20":"tag-goles","21":"tag-handball","22":"tag-irun","23":"tag-portugal","24":"tag-spain","25":"tag-sports","26":"tag-y"},"share_on_mastodon":{"url":"","error":""},"_links":{"self":[{"href":"https:\/\/www.europesays.com\/es\/wp-json\/wp\/v2\/posts\/86548","targetHints":{"allow":["GET"]}}],"collection":[{"href":"https:\/\/www.europesays.com\/es\/wp-json\/wp\/v2\/posts"}],"about":[{"href":"https:\/\/www.europesays.com\/es\/wp-json\/wp\/v2\/types\/post"}],"author":[{"embeddable":true,"href":"https:\/\/www.europesays.com\/es\/wp-json\/wp\/v2\/users\/2"}],"replies":[{"embeddable":true,"href":"https:\/\/www.europesays.com\/es\/wp-json\/wp\/v2\/comments?post=86548"}],"version-history":[{"count":0,"href":"https:\/\/www.europesays.com\/es\/wp-json\/wp\/v2\/posts\/86548\/revisions"}],"wp:featuredmedia":[{"embeddable":true,"href":"https:\/\/www.europesays.com\/es\/wp-json\/wp\/v2\/media\/86549"}],"wp:attachment":[{"href":"https:\/\/www.europesays.com\/es\/wp-json\/wp\/v2\/media?parent=86548"}],"wp:term":[{"taxonomy":"category","embeddable":true,"href":"https:\/\/www.europesays.com\/es\/wp-json\/wp\/v2\/categories?post=86548"},{"taxonomy":"post_tag","embeddable":true,"href":"https:\/\/www.europesays.com\/es\/wp-json\/wp\/v2\/tags?post=86548"}],"curies":[{"name":"wp","href":"https:\/\/api.w.org\/{rel}","templated":true}]}}