{"id":86550,"date":"2025-09-01T17:20:09","date_gmt":"2025-09-01T17:20:09","guid":{"rendered":"https:\/\/www.europesays.com\/es\/86550\/"},"modified":"2025-09-01T17:20:09","modified_gmt":"2025-09-01T17:20:09","slug":"asi-fue-el-primer-encierro-campero-de-torres-torres","status":"publish","type":"post","link":"https:\/\/www.europesays.com\/es\/86550\/","title":{"rendered":"As\u00ed fue el primer encierro campero de Torres Torres"},"content":{"rendered":"<p class=\"ft-text ft-helper-closenews\"><strong>El encierro campero realizado <\/strong><a href=\"https:\/\/www.levante-emv.com\/morvedre\/2025\/08\/29\/encierro-caballos-sera-novedad-semana-121056002.html\" class=\"ft-link ft-link--decoration\" rel=\"nofollow noopener\" target=\"_blank\"><strong>por primera vez en la semana taurina <\/strong><\/a><strong>de<\/strong><a href=\"https:\/\/www.levante-emv.com\/tags\/torres-torres\/\" class=\"ft-link ft-link--decoration\" rel=\"nofollow noopener\" target=\"_blank\"><strong>\u00a0Torres Torres<\/strong><\/a>\u00a0reuni\u00f3 a un buen n\u00famero de caballistas y a numerosos aficionados de toda la comarca pues el calor no rest\u00f3 afluencia a un acto realizado a mediod\u00eda.<\/p>\n<p class=\"ft-text\">Los mansos fueron guiados por los<strong>\u00a0<\/strong><a href=\"https:\/\/www.levante-emv.com\/tags\/caballos\/\" class=\"ft-link ft-link--decoration\" rel=\"nofollow noopener\" target=\"_blank\"><strong>caballos<\/strong><\/a><strong>\u00a0por una ruta perimetral del pueblo<\/strong> que \u00abfue muy esperada y dej\u00f3 momentos vistosos\u00bb, seg\u00fan varios aficionados.<\/p>\n<p class=\"ft-text\">Los toros embolados tampoco faltaron en una semana taurina que <strong>concluy\u00f3 sin incidentes<\/strong>, como han explicado fuentes pr\u00f3ximas a la comisi\u00f3n organizadora.<\/p>\n<p class=\"ft-text\">Ahora, la localidad vivir\u00e1 este martes el inicio de las fiestas patronales que se prolongar\u00e1n<strong> hasta el 10 de septiembre<\/strong>. En ellas habr\u00e1 desde juegos infantiles a magia, <strong>cabalgata, noche de play backs y otra de DJs. <\/strong><\/p>\n<p class=\"ft-text\"><strong>No faltar\u00e1n celebraciones religiosas como la<\/strong>\u00a0<strong>ofrenda de flores\u00a0o la procesi\u00f3n <\/strong>en honor a la patrona, la <strong>Mare de D\u00e9u de la Llet,<\/strong> y el tradicional baile del mant\u00f3n.<\/p>\n<p data-close=\"closedContent\" class=\"subscribeHideForDisplay\">Suscr\u00edbete para seguir leyendo<\/p>\n","protected":false},"excerpt":{"rendered":"El encierro campero realizado por primera vez en la semana taurina de\u00a0Torres Torres\u00a0reuni\u00f3 a un buen n\u00famero de&hellip;\n","protected":false},"author":2,"featured_media":86551,"comment_status":"","ping_status":"","sticky":false,"template":"","format":"standard","meta":{"footnotes":""},"categories":[277],"tags":[373,14367,27368,168,10382,1309,25,24,707,977,773,23,167,600,374,444,4655,32013],"class_list":{"0":"post-86550","1":"post","2":"type-post","3":"status-publish","4":"format-standard","5":"has-post-thumbnail","7":"category-toreo","8":"tag-bullfighting","9":"tag-caballos","10":"tag-campero","11":"tag-deportes","12":"tag-el-camp-de-morvedre","13":"tag-encierro","14":"tag-es","15":"tag-espana","16":"tag-levante-emv","17":"tag-primer","18":"tag-semana","19":"tag-spain","20":"tag-sports","21":"tag-taurina","22":"tag-toreo","23":"tag-toros","24":"tag-torres","25":"tag-torres-torres"},"share_on_mastodon":{"url":"","error":""},"_links":{"self":[{"href":"https:\/\/www.europesays.com\/es\/wp-json\/wp\/v2\/posts\/86550","targetHints":{"allow":["GET"]}}],"collection":[{"href":"https:\/\/www.europesays.com\/es\/wp-json\/wp\/v2\/posts"}],"about":[{"href":"https:\/\/www.europesays.com\/es\/wp-json\/wp\/v2\/types\/post"}],"author":[{"embeddable":true,"href":"https:\/\/www.europesays.com\/es\/wp-json\/wp\/v2\/users\/2"}],"replies":[{"embeddable":true,"href":"https:\/\/www.europesays.com\/es\/wp-json\/wp\/v2\/comments?post=86550"}],"version-history":[{"count":0,"href":"https:\/\/www.europesays.com\/es\/wp-json\/wp\/v2\/posts\/86550\/revisions"}],"wp:featuredmedia":[{"embeddable":true,"href":"https:\/\/www.europesays.com\/es\/wp-json\/wp\/v2\/media\/86551"}],"wp:attachment":[{"href":"https:\/\/www.europesays.com\/es\/wp-json\/wp\/v2\/media?parent=86550"}],"wp:term":[{"taxonomy":"category","embeddable":true,"href":"https:\/\/www.europesays.com\/es\/wp-json\/wp\/v2\/categories?post=86550"},{"taxonomy":"post_tag","embeddable":true,"href":"https:\/\/www.europesays.com\/es\/wp-json\/wp\/v2\/tags?post=86550"}],"curies":[{"name":"wp","href":"https:\/\/api.w.org\/{rel}","templated":true}]}}