{"id":86562,"date":"2025-09-01T17:31:15","date_gmt":"2025-09-01T17:31:15","guid":{"rendered":"https:\/\/www.europesays.com\/es\/86562\/"},"modified":"2025-09-01T17:31:15","modified_gmt":"2025-09-01T17:31:15","slug":"llevo-tiempo-sufriendo-acoso-y-violencia","status":"publish","type":"post","link":"https:\/\/www.europesays.com\/es\/86562\/","title":{"rendered":"Llevo tiempo sufriendo acoso y violencia"},"content":{"rendered":"<p class=\"article-text\">\n        <strong>Pedro Piqueras<\/strong> ha debutado este lunes, a todos los efectos, como nuevo colaborador de <strong>Ma\u00f1aneros 360<\/strong>. Dec\u00edamos &#8216;a todos los efectos&#8217; porque el expresentador de Informativos Telecinco ya se dej\u00f3 ver en el magac\u00edn de <strong>La 1<\/strong> <a href=\"https:\/\/www.eldiario.es\/vertele\/noticias\/pedro-piqueras-reaparece-rtve-analista-mananeros-360-inmigracion-llamo-virus-odio_1_12518699.html\" target=\"_blank\" data-mrf-recirculation=\"links-noticia\" class=\"link\" rel=\"nofollow noopener\">a principios de agosto<\/a>, aunque ha sido este 1 de septiembre cuando lo ha hecho por primera vez como miembro de pleno derecho del programa conducido por <strong>Javier Ruiz<\/strong>. \u201cSe incorpora a este equipo <strong>el hombre del sosiego<\/strong>, la reflexi\u00f3n y la calma\u201d, ha dicho el conductor para presentar a Piqueras, que ha esbozado una peque\u00f1a sonrisa al escuchar semejante presentaci\u00f3n: \u201cYa quisiera ser yo el hombre del sosiego\u201d.\n    <\/p>\n<p>    <a href=\"https:\/\/www.eldiario.es\/noticias\/susanna-griso-sincera-estreno-temporada-20-espejo-publico-cuesta-separar-programa-historia_1_12569024.html\" data-mrf-recirculation=\"saber-mas\" data-dl-event=\"saber-mas\" rel=\"nofollow noopener\" target=\"_blank\"><\/p>\n<p class=\"know-more__title\">Susanna Griso se sincera en el estreno de la temporada 20 de &#8216;Espejo P\u00fablico&#8217;: \u00abMe cuesta separar el programa de mi propia historia\u00bb<\/p>\n<p>            <img decoding=\"async\" class=\"lazy\" loading=\"lazy\" data-src=\"https:\/\/static.eldiario.es\/clip\/bb1b7013-3316-4b5b-bd59-ef5799552cdc_16-9-aspect-ratio_default_0.jpg\" src=\"data:image\/svg+xml,%3Csvg xmlns=\" http:=\"\" viewbox=\"0 0 880 495\" alt=\"Susanna Griso se sincera en el estreno de la temporada 20 de 'Espejo P\u00fablico': &quot;Me cuesta separar el programa de mi propia historia&quot;\"\/><\/p>\n<p>                        <\/a><\/p>\n<p class=\"article-text\">\n        Durante su conversaci\u00f3n, Ruiz y Piqueras han abordado varios temas de actualidad. Por ejemplo, la posibilidad de que haya un pacto de Estado sobre el cambio clim\u00e1tico. \u201cEs muy dif\u00edcil por muchas circunstancias. Estamos viviendo un momento muy especial de polarizaci\u00f3n pol\u00edtica\u201d, ha dicho el albacete\u00f1o, que se ha definido a s\u00ed mismo como <strong>\u201cpactista\u201d<\/strong>, pues \u00e9l siempre aboga por \u201cpactar y no llegar a la confrontaci\u00f3n\u201d.\n    <\/p>\n<blockquote class=\"twitter-tweet\" data-lang=\"es\"><p><a href=\"https:\/\/twitter.com\/X\/status\/1962480684460597681?ref_src=twsrc%5Etfw\" rel=\"nofollow noopener\" target=\"_blank\"><\/p><\/blockquote>\n<p class=\"article-text\">\n        Sin embargo, asume que \u201cse est\u00e1n normalizando posturas extremas que hasta ahora no consider\u00e1bamos normales\u201d. \u201cEl problema es que entre todos, de alg\u00fan modo, <strong>estamos blanqueando<\/strong> la existencia de estas posiciones\u201d, ha a\u00f1adido Piqueras, que cree que falta reivindicar \u201cque el acuerdo es posible entre posturas diferentes\u201d. \u201cAlg\u00fan d\u00eda nos arrepentiremos de no seguir por la v\u00eda de la cordura y la tranquilidad\u201d, ha vaticinado sobre la polarizaci\u00f3n y la crispaci\u00f3n que existe actualmente en nuestro pa\u00eds.\n    <\/p>\n<blockquote class=\"twitter-tweet\" data-lang=\"es\"><p><a href=\"https:\/\/twitter.com\/X\/status\/1962482130014883888?ref_src=twsrc%5Etfw\" rel=\"nofollow noopener\" target=\"_blank\"><\/p><\/blockquote>\n<p>    Santaolalla: \u201cLlevo tiempo sufriendo acoso y violencia\u201d<\/p>\n<p class=\"article-text\">\n        Antes de la conexi\u00f3n con Pedro Piqueras, Javier Ruiz ha hablado con y de <strong>Sarah Santaolalla<\/strong>, tertuliana de su programa que lleva siendo noticia desde que, hace unos d\u00edas, dijera precisamente en Ma\u00f1aneros 360 que hay que ser \u201cmuy idiota\u201d para seguir creyendo en el Partido Popular. Desde las filas populares interpretaron sus palabras como un insulto a sus votantes, de ah\u00ed que salieran p\u00fablicamente a pedir a <strong>RTVE<\/strong> que <a href=\"https:\/\/www.eldiario.es\/vertele\/noticias\/sarah-santaolalla-responde-pp-exigir-rtve-prescinda-no-acosen-prensa-independiente_1_12561364.html\" target=\"_blank\" data-mrf-recirculation=\"links-noticia\" class=\"link\" rel=\"nofollow noopener\">prescinda de ella<\/a>.\n    <\/p>\n<p class=\"article-text\">\n        El PP lo hizo a trav\u00e9s de su vicesecretario de Educaci\u00f3n e Igualdad, <strong>Jaime de los Santos<\/strong>, que caus\u00f3 controversia por decir lo siguiente: \u201cEn el Gobierno de Pedro S\u00e1nchez estamos acostumbrados a que, incluso a mujeres prostituidas, se las pague del erario p\u00fablico y se las enchufe a empresas p\u00fablicas, pero que ahora el ente p\u00fablico tenga que aguantar que esta se\u00f1orita se permita insultar a m\u00e1s de 11 millones de ciudadanos pues es, como poco, para que dimita. Pero ya que no dimite, para que el ente la eche de manera inmediata\u201d.\n    <\/p>\n<p class=\"article-text\">\n        \u201cAqu\u00ed no se premia, pero desde luego,<strong> no se castiga<\/strong> a los colaboradores de este programa se siente quien se siente en esta silla, la m\u00eda. Los colaboradores de los que se est\u00e1 hablando estaban en este programa estaban antes de que llegara yo (&#8230;) El orden rompe todo el relato. <strong>No es verdad<\/strong> que nadie haya tra\u00eddo a, lo que se ha hecho es no castigar a. Hay gente en esta mesa con m\u00e1s antig\u00fcedad que yo en esta mesa\u201d, ha dicho Ruiz para negar cualquier tipo de enchufismo por su parte.\n    <\/p>\n<p class=\"article-text\">\n        \u201cNo voy a permitir manipulaciones del tipo de insultar a una poblaci\u00f3n o a 11 millones de personas, porque jam\u00e1s ha sido eso. Yo defino las pol\u00edticas del PP y Vox, como hago con las de otras fuerzas pol\u00edticas, pero en ese caso fue del PP y Vox. Jam\u00e1s a los espa\u00f1oles, a los que tengo much\u00edsimo m\u00e1s respeto que quienes les ningunea\u201d, ha se\u00f1alado, por su parte, Santaolalla, que ya contest\u00f3 hace unos d\u00edas a De los Santos <a href=\"https:\/\/www.eldiario.es\/vertele\/noticias\/sarah-santaolalla-contesta-malas-lenguas-jaime-santos-pp-profundamente-dolida-sorprendida_1_12566767.html\" target=\"_blank\" data-mrf-recirculation=\"links-noticia\" class=\"link\" rel=\"nofollow noopener\">en Malas lenguas<\/a> y que ha aprovechado su presencia en Ma\u00f1aneros para denunciar que lleva <strong>\u201csufriendo mucho tiempo acoso y violencia\u201d<\/strong> y \u201csiendo perseguida en las redes sociales y en la calle\u201d.\n    <\/p>\n<p class=\"article-text\">\n        \u201cLlevo mucho tiempo denunciando a gente como Desokupa, a partidos de extrema derecha, a tuiteros de extrema derecha y el acoso en todas partes. Y estoy empezando a tener miedo cuando no veo diferencias en los discursos de un cargo p\u00fablico, al cual pagamos todos, y de un youtuber. Tengo mucho miedo de que podamos permitir que, sea quien sea, un ciudadano que nos est\u00e9 viendo o un miembro de esta mesa, a mi derecha, pueda ser insultada prostituta\u201d, ha continuado la colaboradora, que tambi\u00e9n ha sido protagonista de <a href=\"https:\/\/www.eldiario.es\/vertele\/noticias\/en-boca-de-todos-abre-curso-cambios-debut-noelia-nunez-debate-tertuliana-sarah-santaolalla_1_12569230.html\" target=\"_blank\" data-mrf-recirculation=\"links-noticia\" class=\"link\" rel=\"nofollow noopener\">un debate en En boca de todos<\/a> (Cuatro), otro de los programas de televisi\u00f3n en los que participa habitualmente.\n    <\/p>\n<p>    <a href=\"https:\/\/www.eldiario.es\/vertele\/series\/series-septiembre-2025-destacadas-mejores-estrenos-dexter-caza-refugio-atomico-netflix-amazon-prime-video-movistar_1_12560951.html\" data-mrf-recirculation=\"saber-mas-abajo\" data-dl-event=\"saber-mas-abajo\" rel=\"nofollow noopener\" target=\"_blank\"><\/p>\n<p class=\"know-more__title\">Las series m\u00e1s destacadas de septiembre de 2025: hasta 47 estrenos con &#8216;Dexter&#8217;, &#8216;La Caza&#8217; y &#8216;El refugio at\u00f3mico&#8217; a la cabeza\n<\/p>\n<p>            <img decoding=\"async\" class=\"lazy\" loading=\"lazy\" data-src=\"https:\/\/static.eldiario.es\/clip\/1c865d6c-d20b-4a8f-85c3-6e6e41505ed4_16-9-aspect-ratio_default_0.jpg\" src=\"data:image\/svg+xml,%3Csvg xmlns=\" http:=\"\" viewbox=\"0 0 880 495\" alt=\"Las series m\u00e1s destacadas de septiembre de 2025: hasta 47 estrenos con 'Dexter', 'La Caza' y 'El refugio at\u00f3mico' a la cabeza\"\/><\/p>\n<p>                        <\/a><\/p>\n<p class=\"article-text\">\n        \u201cCreo que estamos llegando a un punto muy peligroso que no se puede permitir nuestra democracia. Y yo no puedo ser utilizada como arma arrojadiza <strong>para llegar a La Moncloa<\/strong> o pisar una moqueta. Creo que hay que dejar en paz a la prensa, a los profesionales y a los ciudadanos, porque nadie merece ser perseguido ni insultado\u201d, ha dicho, por \u00faltimo, la analista pol\u00edtica.\n    <\/p>\n<p>                                    <script async src=\"https:\/\/platform.twitter.com\/widgets.js\" charset=\"utf-8\"><\/script><\/p>\n","protected":false},"excerpt":{"rendered":"Pedro Piqueras ha debutado este lunes, a todos los efectos, como nuevo colaborador de Ma\u00f1aneros 360. Dec\u00edamos &#8216;a&hellip;\n","protected":false},"author":2,"featured_media":86563,"comment_status":"","ping_status":"","sticky":false,"template":"","format":"standard","meta":{"footnotes":""},"categories":[171],"tags":[19530,10633,146,147,25,24,13331,14695,1689,4047,6382,31836,23,23570,159,214,432],"class_list":{"0":"post-86562","1":"post","2":"type-post","3":"status-publish","4":"format-standard","5":"has-post-thumbnail","7":"category-tv","8":"tag-acoso","9":"tag-analista","10":"tag-entertainment","11":"tag-entretenimiento","12":"tag-es","13":"tag-espana","14":"tag-hablo","15":"tag-javier-ruiz","16":"tag-llevo","17":"tag-pedro-piqueras","18":"tag-recibio","19":"tag-sarah-santaolalla","20":"tag-spain","21":"tag-sufriendo","22":"tag-tiempo","23":"tag-tv","24":"tag-violencia"},"share_on_mastodon":{"url":"","error":""},"_links":{"self":[{"href":"https:\/\/www.europesays.com\/es\/wp-json\/wp\/v2\/posts\/86562","targetHints":{"allow":["GET"]}}],"collection":[{"href":"https:\/\/www.europesays.com\/es\/wp-json\/wp\/v2\/posts"}],"about":[{"href":"https:\/\/www.europesays.com\/es\/wp-json\/wp\/v2\/types\/post"}],"author":[{"embeddable":true,"href":"https:\/\/www.europesays.com\/es\/wp-json\/wp\/v2\/users\/2"}],"replies":[{"embeddable":true,"href":"https:\/\/www.europesays.com\/es\/wp-json\/wp\/v2\/comments?post=86562"}],"version-history":[{"count":0,"href":"https:\/\/www.europesays.com\/es\/wp-json\/wp\/v2\/posts\/86562\/revisions"}],"wp:featuredmedia":[{"embeddable":true,"href":"https:\/\/www.europesays.com\/es\/wp-json\/wp\/v2\/media\/86563"}],"wp:attachment":[{"href":"https:\/\/www.europesays.com\/es\/wp-json\/wp\/v2\/media?parent=86562"}],"wp:term":[{"taxonomy":"category","embeddable":true,"href":"https:\/\/www.europesays.com\/es\/wp-json\/wp\/v2\/categories?post=86562"},{"taxonomy":"post_tag","embeddable":true,"href":"https:\/\/www.europesays.com\/es\/wp-json\/wp\/v2\/tags?post=86562"}],"curies":[{"name":"wp","href":"https:\/\/api.w.org\/{rel}","templated":true}]}}