{"id":86564,"date":"2025-09-01T17:32:10","date_gmt":"2025-09-01T17:32:10","guid":{"rendered":"https:\/\/www.europesays.com\/es\/86564\/"},"modified":"2025-09-01T17:32:10","modified_gmt":"2025-09-01T17:32:10","slug":"el-proximo-8-de-octubre-publicaremos-la-entrevista-completa-con-par-sundstrom-sobre-legends-y-mas","status":"publish","type":"post","link":"https:\/\/www.europesays.com\/es\/86564\/","title":{"rendered":"El pr\u00f3ximo 8 de octubre publicaremos la entrevista completa con P\u00e4r Sundstr\u00f6m sobre \u201cLegends\u201d y m\u00e1s&#8230;"},"content":{"rendered":"<p>\u00a0<\/p>\n<p>\u00a0<\/p>\n<p><strong>SABATON \u2013 El pr\u00f3ximo 8 de octubre publicaremos la entrevista completa con P\u00e4r Sundstr\u00f6m sobre \u201cLegends\u201d y m\u00e1s\u2026<\/strong><br \/>\n<img fetchpriority=\"high\" decoding=\"async\" src=\"https:\/\/www.europesays.com\/es\/wp-content\/uploads\/2025\/09\/par45_500x267.jpg\" alt=\"SABATON\" width=\"500\" height=\"267\"\/><\/p>\n<p>Hace semanas, entrevistamos a <strong>P\u00e4r Sundstr\u00f6m <\/strong>sobre \u201cLegends\u201d y m\u00e1s\u2026<\/p>\n<p>Publicaremos la entrevista completa el 8 de octubre.<\/p>\n<p>Como anticipo:<\/p>\n<p><strong>\u2013 Por lo que s\u00e9, este es el primer \u00e1lbum en el que todos los miembros actuales de la banda han contribuido al proceso de composici\u00f3n. \u00bfC\u00f3mo he sido el proceso?<\/strong><\/p>\n<p><strong>P\u00e4r Sundstr\u00f6m.- <\/strong> S\u00ed, esta es la primera vez que tenemos un disco en el que todo el mundo aparece en los cr\u00e9ditos de composici\u00f3n. Me gusta. Es un poco m\u00e1s f\u00e1cil.<\/p>\n<p>Todo el mundo sabe que SABATON es sobre todo Joakim, nuestro cantante, que es quien aporta m\u00e1s a nivel musical. Y aqu\u00ed ha sido lo mismo, pero tambi\u00e9n encajamos una canci\u00f3n en la que ha participado Hannes. Se pusieron y ha quedado un gran tema, as\u00ed que lo metimos en el disco.<\/p>\n<p>La verdad es que ha surgido as\u00ed, de repente todo el mundo estaba ah\u00ed. Y lo curioso es que, \u201cLightning At The Gates\u201d, el tema que Thobbe hizo con Joakim, es un tema que compuso Thobbe antes de saber de que iba a volver.<\/p>\n<p><a href=\"https:\/\/www.rafabasa.com\/2025\/07\/27\/sabaton-enuff-z-nuff-beyond-the-black\/#SABATON\" target=\"_blank\" rel=\"noopener nofollow\">Como ya dijimos, <\/a> el nuevo disco de <strong><a href=\"https:\/\/www.sabaton.net\/\" target=\"_blank\" rel=\"noopener nofollow\">SABATON<\/a><\/strong> \u201cLegends\u201d ver\u00e1 la el 17 de octubre a trav\u00e9s de Better Noise Music.<\/p>\n<p>Estos son los temas que incluye:<\/p>\n<ol>\n<li>Templars<\/li>\n<li>Hordes of Khan<\/li>\n<li>A Tiger Among Dragons<\/li>\n<li>Crossing the Rubicon<\/li>\n<li>I, Emperor<\/li>\n<li>Maid of Steel<\/li>\n<li>Impaler<\/li>\n<li>Lightning at the Gates<\/li>\n<li>The Duelist<\/li>\n<li>The Cycle of Songs<\/li>\n<li>Till Seger<\/li>\n<\/ol>\n<p>\u00a0<\/p>\n<p><img loading=\"lazy\" decoding=\"async\" src=\"https:\/\/www.europesays.com\/es\/wp-content\/uploads\/2025\/09\/SabatonLegends.jpg\" alt=\"SABATON\" width=\"300\" height=\"300\"\/><\/p>\n<p>\u00a0<\/p>\n<p>A continuaci\u00f3n ten\u00e9is sus nuevos singles \u201cThe Duelist\u201d y \u201cLightning At The Gates\u201d.<\/p>\n<p>\u00a0<\/p>\n<p>\u00a0<\/p>\n<p>Sus anteriores singles en esta <a href=\"https:\/\/www.rafabasa.com\/2025\/06\/13\/sabaton-alcatrazz-agent-steel\/#SABATON\" rel=\"nofollow noopener\" target=\"_blank\">noticia<\/a>.<\/p>\n<p>El \u00e1lbum estar\u00e1 disponible en CD, doble CD digibook, doble CD earbook (ambos con la edici\u00f3n cuentacuentos), vinilo en 11 formatos diferentes cada uno con un dise\u00f1o exclusivo y una caja con otro vinilo exclusivo, el earbook y un casete exclusivo.<\/p>\n<p>Los dise\u00f1os han corrido a cargo de Peter Sallai y el material ha sido producido por Jonas Kjellgren en los estudios suecos Black Lounge.<\/p>\n<p><img loading=\"lazy\" decoding=\"async\" src=\"https:\/\/www.europesays.com\/es\/wp-content\/uploads\/2025\/09\/SabatonLegends_formatos.jpg\" alt=\"SABATON\" width=\"500\" height=\"267\"\/><\/p>\n<p>\u00a0<\/p>\n<p>\u00a0<\/p>\n<p>\u00a0<\/p>\n","protected":false},"excerpt":{"rendered":"\u00a0 \u00a0 SABATON \u2013 El pr\u00f3ximo 8 de octubre publicaremos la entrevista completa con P\u00e4r Sundstr\u00f6m sobre \u201cLegends\u201d&hellip;\n","protected":false},"author":2,"featured_media":86565,"comment_status":"","ping_status":"","sticky":false,"template":"","format":"standard","meta":{"footnotes":""},"categories":[170],"tags":[146,147,25,24,184,185,32019,23],"class_list":{"0":"post-86564","1":"post","2":"type-post","3":"status-publish","4":"format-standard","5":"has-post-thumbnail","7":"category-musica","8":"tag-entertainment","9":"tag-entretenimiento","10":"tag-es","11":"tag-espana","12":"tag-music","13":"tag-musica","14":"tag-sabaton","15":"tag-spain"},"share_on_mastodon":{"url":"","error":""},"_links":{"self":[{"href":"https:\/\/www.europesays.com\/es\/wp-json\/wp\/v2\/posts\/86564","targetHints":{"allow":["GET"]}}],"collection":[{"href":"https:\/\/www.europesays.com\/es\/wp-json\/wp\/v2\/posts"}],"about":[{"href":"https:\/\/www.europesays.com\/es\/wp-json\/wp\/v2\/types\/post"}],"author":[{"embeddable":true,"href":"https:\/\/www.europesays.com\/es\/wp-json\/wp\/v2\/users\/2"}],"replies":[{"embeddable":true,"href":"https:\/\/www.europesays.com\/es\/wp-json\/wp\/v2\/comments?post=86564"}],"version-history":[{"count":0,"href":"https:\/\/www.europesays.com\/es\/wp-json\/wp\/v2\/posts\/86564\/revisions"}],"wp:featuredmedia":[{"embeddable":true,"href":"https:\/\/www.europesays.com\/es\/wp-json\/wp\/v2\/media\/86565"}],"wp:attachment":[{"href":"https:\/\/www.europesays.com\/es\/wp-json\/wp\/v2\/media?parent=86564"}],"wp:term":[{"taxonomy":"category","embeddable":true,"href":"https:\/\/www.europesays.com\/es\/wp-json\/wp\/v2\/categories?post=86564"},{"taxonomy":"post_tag","embeddable":true,"href":"https:\/\/www.europesays.com\/es\/wp-json\/wp\/v2\/tags?post=86564"}],"curies":[{"name":"wp","href":"https:\/\/api.w.org\/{rel}","templated":true}]}}