{"id":86566,"date":"2025-09-01T17:33:09","date_gmt":"2025-09-01T17:33:09","guid":{"rendered":"https:\/\/www.europesays.com\/es\/86566\/"},"modified":"2025-09-01T17:33:09","modified_gmt":"2025-09-01T17:33:09","slug":"chris-columbus-revelo-el-motivo-de-su-abrupta-salida-de-los-4-fantasticos-me-dijeron-que-opinaba-demasiado","status":"publish","type":"post","link":"https:\/\/www.europesays.com\/es\/86566\/","title":{"rendered":"Chris Columbus revel\u00f3 el motivo de su abrupta salida de \u2018Los 4 Fant\u00e1sticos\u2019: \u201cMe dijeron que opinaba demasiado\u201d"},"content":{"rendered":"<p>Trailer de \u00abLos 4 fant\u00e1sticos\u00bb (2005)<\/p>\n<p class=\"paragraph\">La historia detr\u00e1s de \u2018<a rel=\"noopener noreferrer nofollow\" href=\"https:\/\/www.infobae.com\/entretenimiento\/2025\/08\/14\/los-4-fantasticos-20-anos-despues-asi-cambiaron-las-vidas-y-carreras-de-los-protagonistas-de-la-pelicula-que-inicio-el-reinado-de-marvel\/\" target=\"_blank\" title=\"https:\/\/www.infobae.com\/entretenimiento\/2025\/08\/14\/los-4-fantasticos-20-anos-despues-asi-cambiaron-las-vidas-y-carreras-de-los-protagonistas-de-la-pelicula-que-inicio-el-reinado-de-marvel\/\"><b>Los 4 Fant\u00e1sticos<\/b><\/a>\u2019 (2005) incluye un episodio poco conocido que afect\u00f3 de manera directa el rumbo del proyecto: el despido de <a rel=\"noopener noreferrer nofollow\" href=\"https:\/\/www.infobae.com\/tag\/chris-columbus\/\" target=\"_blank\" title=\"https:\/\/www.infobae.com\/tag\/chris-columbus\/\"><b>Chris Columbus<\/b><\/a>. Reconocido por su trabajo en franquicias como \u2018Harry Potter\u2019, Columbus <b>fue inicialmente uno de los productores ejecutivos de la cinta y trabaj\u00f3 en el guion de la primera adaptaci\u00f3n <\/b>cinematogr\u00e1fica sobre la ic\u00f3nica familia de superh\u00e9roes de <a rel=\"noopener noreferrer nofollow\" href=\"https:\/\/www.infobae.com\/tag\/marvel\/\" target=\"_blank\" title=\"https:\/\/www.infobae.com\/tag\/marvel\/\"><b>Marvel<\/b><\/a>. Si bien fue acreditado formalmente en el filme dirigido por Tim Story, <b>Columbus ha dejado claro que su implicaci\u00f3n real en la obra fue m\u00ednima, debido a un conflicto con la direcci\u00f3n del estudio.<\/b><\/p>\n<p class=\"paragraph\">El cineasta relat\u00f3 en el p\u00f3dcast \u2018Fade to Black\u2019 c\u00f3mo acab\u00f3 fuera del proyecto tras mostrar un exceso de iniciativa creativa. Seg\u00fan su testimonio, Columbus se reuni\u00f3 con el director para compartir ideas que, a su juicio, mejorar\u00edan el filme. Entre ellas, sugiri\u00f3 que los \u2018concept art\u2019 tuvieran una est\u00e9tica m\u00e1s cercana a las ilustraciones originales de Jack Kirby, padre creativo de Los Cuatro Fant\u00e1sticos y referente de la Edad de Plata de Marvel. Sin embargo, esta propuesta no cay\u00f3 en gracia. Camino de regreso a casa despu\u00e9s de la reuni\u00f3n, <b>Columbus recibi\u00f3 una llamada del jefe de 20th Century Fox para informarle que estaba despedido, precisamente porque \u201copinaba demasiado\u201d.<\/b> As\u00ed, una visi\u00f3n m\u00e1s fiel a los c\u00f3mics fue descartada en favor de las decisiones del estudio, que no se mostr\u00f3 dispuesto a negociar con una figura tan influyente como Columbus.<\/p>\n<p><img alt=\"Chris Columbus fue despedido de\" class=\"global-image\" decoding=\"async\" fetchpriority=\"low\" height=\"1080\" loading=\"lazy\" src=\"https:\/\/www.europesays.com\/es\/wp-content\/uploads\/2025\/09\/QP7NEOPB7RBRVEM4425KZD7GTA.JPG\" width=\"1920\"\/>Chris Columbus fue despedido de &#8216;Los 4 Fant\u00e1sticos&#8217; tras sugerir cambios creativos en la pel\u00edcula (Photo By Sthanlee B. Mirador\/Sipa USA)<\/p>\n<p class=\"paragraph\">En el momento de su despido, Chris Columbus manten\u00eda un vivo inter\u00e9s en el g\u00e9nero de superh\u00e9roes. Adem\u00e1s de su implicaci\u00f3n inicial en \u2018Los 4 Fant\u00e1sticos\u2019, estuvo cerca de colaborar en el \u2018Spider-Man\u2019 que finalmente recay\u00f3 en manos de Sam Raimi y tambi\u00e9n escribi\u00f3 un guion para una versi\u00f3n de \u2018Daredevil\u2019. <b>Su salida de la pel\u00edcula de Marvel lo dej\u00f3 marcado<\/b> y, seg\u00fan reconoci\u00f3, le rest\u00f3 motivaci\u00f3n para continuar explorando este tipo de historias. Admiti\u00f3 que la experiencia result\u00f3 amargante y lo llev\u00f3 a alejarse del cine de superh\u00e9roes. Con el paso del tiempo, y tras el \u00e9xito de otros cineastas en el g\u00e9nero, Columbus lleg\u00f3 a la conclusi\u00f3n de que carec\u00eda de inter\u00e9s por competir en esa categor\u00eda. Espec\u00edficamente, tras ver \u2018Spider-Man 2\u2019 de Sam Raimi y \u2018The Batman\u2019 de Matt Reeves, el director expres\u00f3 que su entusiasmo por dirigir una cinta de superh\u00e9roes desapareci\u00f3, ya que, a su juicio, los referentes contempor\u00e1neos hab\u00edan dejado el list\u00f3n muy alto.<\/p>\n<p class=\"paragraph\">Actualmente, <b>Columbus considera que no tiene motivaci\u00f3n para volver a ese tipo de proyectos<\/b>, en parte porque el g\u00e9nero ha evolucionado considerablemente y porque muchos de sus colegas han realizado pel\u00edculas sobresalientes que, en su opini\u00f3n, dif\u00edcilmente podr\u00eda superar en la etapa actual de su carrera.<\/p>\n<p><img alt=\"'Los 4 Fant\u00e1sticos' (2005) fue\" class=\"global-image\" decoding=\"async\" fetchpriority=\"low\" height=\"1080\" loading=\"lazy\" src=\"https:\/\/www.europesays.com\/es\/wp-content\/uploads\/2025\/09\/H6FS3DDQRNBE3D7KKWFCDPCNME.jpg\" width=\"1920\"\/>&#8216;Los 4 Fant\u00e1sticos&#8217; (2005) fue un \u00e9xito de taquilla, pero recibi\u00f3 cr\u00edticas mixtas y careci\u00f3 de reconocimiento art\u00edstico (Disney Plus)<\/p>\n<p class=\"paragraph\"><b>La trayectoria financiera y cr\u00edtica de \u2018Los 4 Fant\u00e1sticos\u2019 y sus secuelas ha sido dispareja<\/b>. La primera entrega, estrenada en 2005 y protagonizada por Jessica Alba, Ioan Gruffudd, Chris Evans y Michael Chiklis, recaud\u00f3 333,5 millones de d\u00f3lares en todo el mundo, con un presupuesto de 100 millones de d\u00f3lares. Esta cifra la convirti\u00f3 en un \u00e9xito de taquilla a pesar de las cr\u00edticas mixtas y el descontento por parte de algunos fans de los c\u00f3mics.<\/p>\n<p class=\"paragraph\">La secuela, \u2018Los 4 Fant\u00e1sticos y Silver Surfer\u2019 (2007), tambi\u00e9n se benefici\u00f3 del auge del cine de superh\u00e9roes, sumando 301,9 millones de d\u00f3lares a nivel global por un coste de 130 millones de d\u00f3lares. Sin embargo, aunque ambas pel\u00edculas lograron buenos n\u00fameros en recaudaci\u00f3n, compartieron la misma suerte en lo referente a las valoraciones de la cr\u00edtica: fueron percibidas como productos funcionales pero carentes de profundidad y trasfondo, lejos del impacto dejado por otras franquicias del g\u00e9nero. La recepci\u00f3n tibia motiv\u00f3 al estudio a reconsiderar el desarrollo de futuros proyectos.<\/p>\n<p class=\"paragraph\">Pese a los buenos resultados en taquilla, la saga qued\u00f3 marcada por la falta de reconocimiento art\u00edstico, lo que trunc\u00f3 las expectativas depositadas en la marca.<\/p>\n<p><img alt=\"'Los 4 Fant\u00e1sticos: Primeros pasos'\" class=\"global-image\" decoding=\"async\" fetchpriority=\"low\" height=\"675\" loading=\"lazy\" src=\"https:\/\/www.europesays.com\/es\/wp-content\/uploads\/2025\/09\/CTCMGEVLZJFNPERU2RTF5W5HFU.webp\" width=\"1200\"\/>&#8216;Los 4 Fant\u00e1sticos: Primeros pasos&#8217; (2025) logr\u00f3 \u00e9xito de taquilla y cr\u00edtica, consolidando al grupo en el MCU<\/p>\n<p class=\"paragraph\">El plan inicial contemplaba la realizaci\u00f3n de una trilog\u00eda, una estrategia habitual para franquicias de superh\u00e9roes. Sin embargo, esta tercera entrega nunca vio la luz. Las declaraciones de Ioan Gruffudd confirmaron que, a pesar de los deseos del elenco y del estudio, la falta de entusiasmo cr\u00edtico y creativo propici\u00f3 que el proyecto quedara en suspenso.<\/p>\n<p class=\"paragraph\">Tras varios a\u00f1os, Fox intent\u00f3 renovar la franquicia con \u2018Cuatro Fant\u00e1sticos\u2019 (2015), un reboot que se propuso actualizar la historia y captar a una nueva generaci\u00f3n de espectadores. El resultado fue desastroso: el filme fue duramente criticado y est\u00e1 considerado entre los peores productos cinematogr\u00e1ficos de Marvel. Este fracaso termin\u00f3 por sepultar a la marca bajo la administraci\u00f3n de Fox y cerr\u00f3 el ciclo iniciado en 2005.<\/p>\n<p class=\"paragraph\">La compra de Fox por parte de Disney supuso un cambio de rumbo y la integraci\u00f3n de los personajes en el Universo Cinematogr\u00e1fico de Marvel (MCU). \u2018Los 4 Fant\u00e1sticos: Primeros pasos\u2019 (2025) inaugur\u00f3 la Fase 6 del MCU contando con un elenco renovado \u2014Pedro Pascal, Vanessa Kirby, Ebon Moss-Bachrach y Joseph Quinn\u2014 y alcanzando 491,9 millones de d\u00f3lares en recaudaci\u00f3n, adem\u00e1s de una recepci\u00f3n positiva tanto por la cr\u00edtica como por el p\u00fablico. El grupo ya ha debutado formalmente en el MCU y se anunci\u00f3 su participaci\u00f3n en \u2018Vengadores: Doomsday\u2019, confirmando as\u00ed la plena incorporaci\u00f3n de la primera familia Marvel al universo cinematogr\u00e1fico m\u00e1s ambicioso del momento.<\/p>\n","protected":false},"excerpt":{"rendered":"Trailer de \u00abLos 4 fant\u00e1sticos\u00bb (2005) La historia detr\u00e1s de \u2018Los 4 Fant\u00e1sticos\u2019 (2005) incluye un episodio poco&hellip;\n","protected":false},"author":2,"featured_media":86567,"comment_status":"","ping_status":"","sticky":false,"template":"","format":"standard","meta":{"footnotes":""},"categories":[169],"tags":[32020,15073,17091,10109,32021,177,5797,146,147,25,24,32022,9375,32023,176,21214,30541,32024,1505,3691,175,9,32025,30146,14174,32026,23,32027,4450,32028],"class_list":{"0":"post-86566","1":"post","2":"type-post","3":"status-publish","4":"format-standard","5":"has-post-thumbnail","7":"category-cine","8":"tag-arrivals","9":"tag-art","10":"tag-ca","11":"tag-celebrity","12":"tag-chris-columbus","13":"tag-cine","14":"tag-culture","15":"tag-entertainment","16":"tag-entretenimiento","17":"tag-es","18":"tag-espana","19":"tag-eye-contact","20":"tag-fashion","21":"tag-features","22":"tag-film","23":"tag-focus","24":"tag-full-length","25":"tag-head-shot","26":"tag-hollywood","27":"tag-los-angeles","28":"tag-movies","29":"tag-news","30":"tag-nosferatu","31":"tag-premiere","32":"tag-red-carpet","33":"tag-sipausawire","34":"tag-spain","35":"tag-tcl-chinese-theatre","36":"tag-usa","37":"tag-xxsipa_usa_owned"},"share_on_mastodon":{"url":"","error":""},"_links":{"self":[{"href":"https:\/\/www.europesays.com\/es\/wp-json\/wp\/v2\/posts\/86566","targetHints":{"allow":["GET"]}}],"collection":[{"href":"https:\/\/www.europesays.com\/es\/wp-json\/wp\/v2\/posts"}],"about":[{"href":"https:\/\/www.europesays.com\/es\/wp-json\/wp\/v2\/types\/post"}],"author":[{"embeddable":true,"href":"https:\/\/www.europesays.com\/es\/wp-json\/wp\/v2\/users\/2"}],"replies":[{"embeddable":true,"href":"https:\/\/www.europesays.com\/es\/wp-json\/wp\/v2\/comments?post=86566"}],"version-history":[{"count":0,"href":"https:\/\/www.europesays.com\/es\/wp-json\/wp\/v2\/posts\/86566\/revisions"}],"wp:featuredmedia":[{"embeddable":true,"href":"https:\/\/www.europesays.com\/es\/wp-json\/wp\/v2\/media\/86567"}],"wp:attachment":[{"href":"https:\/\/www.europesays.com\/es\/wp-json\/wp\/v2\/media?parent=86566"}],"wp:term":[{"taxonomy":"category","embeddable":true,"href":"https:\/\/www.europesays.com\/es\/wp-json\/wp\/v2\/categories?post=86566"},{"taxonomy":"post_tag","embeddable":true,"href":"https:\/\/www.europesays.com\/es\/wp-json\/wp\/v2\/tags?post=86566"}],"curies":[{"name":"wp","href":"https:\/\/api.w.org\/{rel}","templated":true}]}}