{"id":86578,"date":"2025-09-01T17:39:07","date_gmt":"2025-09-01T17:39:07","guid":{"rendered":"https:\/\/www.europesays.com\/es\/86578\/"},"modified":"2025-09-01T17:39:07","modified_gmt":"2025-09-01T17:39:07","slug":"alemania-declara-insostenible-el-actual-estado-de-bienestar","status":"publish","type":"post","link":"https:\/\/www.europesays.com\/es\/86578\/","title":{"rendered":"Alemania declara insostenible el actual estado de bienestar"},"content":{"rendered":"<p style=\"\">Una Comisi\u00f3n Social Estatal formada por representantes de los dos partidos que forman la coalici\u00f3n de gobierno alem\u00e1n, la Uni\u00f3n Cristianodem\u00f3crata (CDU) y el Partido Socialdem\u00f3crata (SPD), <strong>ha comenzado hoy su trabajo para formular antes de fin de a\u00f1o propuestas de financiaci\u00f3n para beneficios sociales<\/strong> &#8230;  como la prestaci\u00f3n de ciudadan\u00eda, la prestaci\u00f3n de vivienda y la prestaci\u00f3n por hijos. Se supone que sus conclusiones ser\u00e1n implementadas desde principios de 2026 por el Ministerio de Asuntos Sociales. \u00abEl estado del bienestar tal como lo tenemos hoy ya no es financieramente viable con los actuales logros econ\u00f3micos\u00bb, ha dado el tono de la reuni\u00f3n el canciller alem\u00e1n, Friedrich Merz, en una conferencia de su partido en Osnabr\u00fcck. \u00abNo me permitir\u00e9 irritar a nadie con palabras como ajustes sociales, recortes dr\u00e1sticos y dem\u00e1s\u00bb, se dirigi\u00f3 a sus socios socialdem\u00f3cratas, \u00abpero el llamamiento es para todos nosotros:<strong> demostremos juntos que el cambio es posible,<\/strong> que las reformas son posibles\u00bb.<\/p>\n<p class=\"voc-p\" style=\"\">Su n\u00famero dos en el gobierno, el vicecanciller socialdem\u00f3crata y ministro de finanzas Lars Klingbeil, ha garantizado que las pymes est\u00e1n blindadas, aunque no descartaba un aumento de impuestos para las personas con los m\u00e1s altos ingresos y elevado patrimonio.<strong> \u00abNinguna opci\u00f3n est\u00e1 descartada\u00bb<\/strong>, ha adelantado sobre la forma de cubrir el d\u00e9ficit presupuestario de 30.000 millones de euros que debe resolver su oficina. Klingbeil apoya las reformas, pero advierte que \u00abnecesitamos reformas estructurales para que las cotizaciones sociales sean sostenibles a largo plazo\u00bb y <strong>reclama que todas las reformas se ci\u00f1an a que \u00abseguimos siendo un pa\u00eds que ayuda a quienes lo necesitan<\/strong>, a quienes enferman y a quienes necesitan ayuda\u00bb.<\/p>\n<p class=\"voc-p\" style=\"\">El canciller Merz, sin embargo, <strong>descarta subidas de impuestos y apuesta por la tijera de podar<\/strong>, hasta hacer del Estado alem\u00e1n un ente sostenible. En lo que la prensa alemana llama ya el \u00abOto\u00f1o de las reformas\u00bb, la coalici\u00f3n cuenta con el principio de acuerdo para que a principios de 2026 entre en vigor la \u00abjubilaci\u00f3n activa\u00bb, que permitir\u00e1 a los jubilados seguir trabajando sin perder la pensi\u00f3n y sin pagar impuestos por hasta 2.000 euros mensuales. Pero es s\u00f3lo el principio.<\/p>\n<p class=\"voc-p\" style=\"\">Actualmente, <strong>Alemania gasta 50.000 millones de euros al a\u00f1o solamente en el subsidio al ciudadano<\/strong>, la mitad de los cuales se destina a personas sin ciudadan\u00eda alemana. El 31,5% de su PIB anual se va en pensiones de jubilaci\u00f3n y, en 2024, el gasto en complementos de ingresos, <a href=\"https:\/\/www.abc.es\/recreo\/espanol-alemania-alucina-bajas-pais-dan-20250827145405-nt.html\" data-voc-vtm-id=\"in-text-traffic\" title=\"salud\" rel=\"nofollow noopener\" target=\"_blank\">salud<\/a>, cuidados de larga duraci\u00f3n y prestaciones por desempleo ascendi\u00f3 a 47.000 millones de euros.<\/p>\n<p class=\"voc-p\" style=\"\">Por primera vez en unos diez a\u00f1os, por otra parte, <strong>el n\u00famero de desempleados ha superado la marca de los tres millones<\/strong>. El sistema requiere inyecciones constantes de fondos p\u00fablicos para evitar su colapso y el envejecimiento de la poblaci\u00f3n a\u00f1ade una brecha estructural entre cotizantes y receptores. Y todo esto sucede en una <a href=\"https:\/\/www.abc.es\/economia\/sabios-alemanes-vuelven-rebajar-prevision-crecimiento-economia-20250521135103-nt.html\" data-voc-vtm-id=\"in-text-traffic\" title=\"situaci\u00f3n prolongada de estancamiento econ\u00f3mico\" rel=\"nofollow noopener\" target=\"_blank\">situaci\u00f3n prolongada de estancamiento econ\u00f3mico<\/a>, en la que Alemania no ha logrado todav\u00eda volver a los niveles previos a la pandemia. \u00abHemos estado viviendo por encima de nuestras posibilidades durante a\u00f1os\u00bb, sentencia Merz. Y aunque la ministra Bas ha calificado este enfoque como \u00abuna mierda\u00bb, el acuerdo de coalici\u00f3n establece severos recortes que tomar\u00e1n cuerpo en los pr\u00f3ximos meses.<\/p>\n<p class=\"voc-p\" style=\"\">Merz cuenta con el apoyo del secretario general de la CDU, Carsten Linnemann, <strong>dispuesto a un cambio de paradigma en cuanto a las prestaciones sociales<\/strong> (B\u00fcrgergeld). \u00abAlemania est\u00e1 entre la espada y la pared porque el Estado del bienestar se ha vuelto inasequible\u00bb, ha dicho. El partido hermano b\u00e1varo de la CDU, la Uni\u00f3n socialcristiana (CSU), apremia con declaraciones del presidente regional de Baviera, Markus S\u00f6der, que insiste en que \u00abel Estado de bienestar necesita una actualizaci\u00f3n fundamental\u00bb y exige a \u00abreformas duras, lo que significa menos beneficios sociales y m\u00e1s incentivos para trabajar\u00bb. \u00abLa regla de razonabilidad para las ofertas de trabajo debe endurecerse y se necesitan reglas m\u00e1s estrictas para el beneficio de vivienda y los activos de protecci\u00f3n, que ahorren muchos miles de millones\u00bb, propone.<\/p>\n<p class=\"voc-p\" style=\"\"><strong>Los partidos pol\u00edticos alemanes echan la vista atr\u00e1s, en busca de soporte hist\u00f3rico para sus posiciones<\/strong>. El presidente regional de Renania-Palatinado, el socialdem\u00f3crata Alexander Schweitzer, recuerda a la CDU la \u00e9poca del \u00abcanciller de la unidad\u00bb y anima a que el partido deber\u00eda \u00abatreverse a ser m\u00e1s como Helmut Kohl\u00bb. \u00abA mediados de la d\u00e9cada de 1990, el tipo impositivo m\u00e1ximo era del 56%, y tambi\u00e9n exist\u00eda un impuesto sobre el patrimonio. Nadie ten\u00eda entonces la impresi\u00f3n de que el socialismo reinara en Alemania. Es un bien para la democracia exigir responsabilidades a quienes son tan ricos que nunca volver\u00e1n a tener problemas\u00bb, defiende Schweitzer.<\/p>\n<p class=\"voc-p\" style=\"\">Y a nadie escapa que el primer paso para desmontar el Estado de bienestar alem\u00e1n lo dio el socialdem\u00f3crata<strong> Gerhard Schr\u00f6der, con su \u00abAgenda 2010\u00bb<\/strong>, un programa de recortes sociales implementado a partir del a\u00f1o 2000 que termin\u00f3 con una escisi\u00f3n de la que el SPD todav\u00eda no se ha recuperado y que augura para el gobierno que retome esa direcci\u00f3n un resultado similar.<\/p>\n","protected":false},"excerpt":{"rendered":"Una Comisi\u00f3n Social Estatal formada por representantes de los dos partidos que forman la coalici\u00f3n de gobierno alem\u00e1n,&hellip;\n","protected":false},"author":2,"featured_media":86579,"comment_status":"","ping_status":"","sticky":false,"template":"","format":"standard","meta":{"footnotes":""},"categories":[42],"tags":[3586,1660,4251,17,18,2797,693,13,14,11,32029,61,62,63,64,19,20,9,10,15,16,12,21,22,65,66,67],"class_list":{"0":"post-86578","1":"post","2":"type-post","3":"status-publish","4":"format-standard","5":"has-post-thumbnail","7":"category-internacional","8":"tag-actual","9":"tag-alemania","10":"tag-bienestar","11":"tag-breaking-news","12":"tag-breakingnews","13":"tag-declara","14":"tag-estado","15":"tag-featured-news","16":"tag-featurednews","17":"tag-headlines","18":"tag-insostenible","19":"tag-internacional","20":"tag-international","21":"tag-international-news","22":"tag-internationalnews","23":"tag-latest-news","24":"tag-latestnews","25":"tag-news","26":"tag-noticias","27":"tag-noticias-destacadas","28":"tag-noticiasdestacadas","29":"tag-titulares","30":"tag-ultimas-noticias","31":"tag-ultimasnoticias","32":"tag-world","33":"tag-world-news","34":"tag-worldnews"},"share_on_mastodon":{"url":"","error":""},"_links":{"self":[{"href":"https:\/\/www.europesays.com\/es\/wp-json\/wp\/v2\/posts\/86578","targetHints":{"allow":["GET"]}}],"collection":[{"href":"https:\/\/www.europesays.com\/es\/wp-json\/wp\/v2\/posts"}],"about":[{"href":"https:\/\/www.europesays.com\/es\/wp-json\/wp\/v2\/types\/post"}],"author":[{"embeddable":true,"href":"https:\/\/www.europesays.com\/es\/wp-json\/wp\/v2\/users\/2"}],"replies":[{"embeddable":true,"href":"https:\/\/www.europesays.com\/es\/wp-json\/wp\/v2\/comments?post=86578"}],"version-history":[{"count":0,"href":"https:\/\/www.europesays.com\/es\/wp-json\/wp\/v2\/posts\/86578\/revisions"}],"wp:featuredmedia":[{"embeddable":true,"href":"https:\/\/www.europesays.com\/es\/wp-json\/wp\/v2\/media\/86579"}],"wp:attachment":[{"href":"https:\/\/www.europesays.com\/es\/wp-json\/wp\/v2\/media?parent=86578"}],"wp:term":[{"taxonomy":"category","embeddable":true,"href":"https:\/\/www.europesays.com\/es\/wp-json\/wp\/v2\/categories?post=86578"},{"taxonomy":"post_tag","embeddable":true,"href":"https:\/\/www.europesays.com\/es\/wp-json\/wp\/v2\/tags?post=86578"}],"curies":[{"name":"wp","href":"https:\/\/api.w.org\/{rel}","templated":true}]}}