{"id":86582,"date":"2025-09-01T17:42:02","date_gmt":"2025-09-01T17:42:02","guid":{"rendered":"https:\/\/www.europesays.com\/es\/86582\/"},"modified":"2025-09-01T17:42:02","modified_gmt":"2025-09-01T17:42:02","slug":"arranca-en-la-uimp-el-39-encuentro-de-la-economia-digital-y-las-telecomunicaciones-de-ametic","status":"publish","type":"post","link":"https:\/\/www.europesays.com\/es\/86582\/","title":{"rendered":"Arranca en la UIMP el 39 Encuentro de la Econom\u00eda Digital y las Telecomunicaciones de AMETIC"},"content":{"rendered":"<p style=\"text-align: justify;\"><img loading=\"lazy\" decoding=\"async\" src=\"https:\/\/www.europesays.com\/es\/wp-content\/uploads\/2025\/09\/AMETIC.jpg\" alt=\"AMETIC\" width=\"700\" height=\"506\" style=\"display: block; margin-left: auto; margin-right: auto;\"\/><\/p>\n<p><strong>Santander, 1 de septiembre<\/strong>. \u2013 La Universidad Internacional Men\u00e9ndez Pelayo (UIMP) acoge el <strong>39 Encuentro de la Econom\u00eda Digital y las Telecomunicaciones (AMETIC) <\/strong>que esta edici\u00f3n se centra en la \u2018Digitalizaci\u00f3n, Competitividad e Impacto Social. La gran ecuaci\u00f3n\u2019. Desde hoy y hasta el mi\u00e9rcoles, el encuentro re\u00fane a administraciones p\u00fablicas, empresas, academia y sociedad para debatir los grandes retos y oportunidades de la transformaci\u00f3n digital.<\/p>\n<p>En la inauguraci\u00f3n del evento, que ha tenido lugar este ma\u00f1ana en el Paraninfo de la Magdalena, ha participado el rector de la UIMP, <strong>Carlos Andradas<\/strong>, que ha destacado que este curso encaja en los valores de la Universidad, ya que es <strong>\u201cun espacio de convivencia intergeneracional y multidisciplinar donde se exponen diferentes puntos de vista con el fin de avanzar de manera conjunta\u201d<\/strong>. \u201cGracias por confiar en la UIMP, que es el entorno id\u00f3neo por ser una universidad estatal y singular que apuesta por soluciones y la colaboraci\u00f3n p\u00fablico-privada\u201d, ha se\u00f1alado el rector.<\/p>\n<p>El presidente de AMETIC, <strong>Francisco Hortig\u00fcela<\/strong>, ha dado la bienvenida a los asistentes resaltando que es \u201cun encuentro donde se debatir\u00e1 sobre el presente y futuro de un sector estrat\u00e9gico para el pa\u00eds\u201d. De este modo, se ha referido a que <strong>\u201chay que aprovechar la competitividad para reducir brechas, ya que Espa\u00f1a es un pa\u00eds que cuenta con gran talento, creatividad y compromiso con lo que hace\u201d.<\/strong><\/p>\n<p>En el acto, tambi\u00e9n ha intervenido el CEO del Banco Santander Espa\u00f1a,<strong> Ignacio Juli\u00e1<\/strong>, que ha subrayado que \u201cvivimos en un momento de transformaci\u00f3n acelerada y Europa necesita actuar con catalizadores de inversi\u00f3n privada, por lo que hay que afrontar los retos con valent\u00eda y ambici\u00f3n\u201d.<\/p>\n<p>Por su parte, la presidenta de Cantabria, <strong>Mar\u00eda Jos\u00e9 S\u00e1enz de Buruaga<\/strong>, ha hecho hincapi\u00e9 en \u201cla magn\u00edfica ocasi\u00f3n de este evento para conocer la regi\u00f3n que ofrece oportunidades y la mano tendida a la inversi\u00f3n\u201d. <strong>\u201cLa innovaci\u00f3n y la digitalizaci\u00f3n juegan un papel fundamental, pero el mayor capital es el talento y hay que hacerlo crecer\u201d, <\/strong>ha recalcado.<\/p>\n<p>En la misma l\u00ednea se ha expresado la alcaldesa de Santander, <strong>Gema Igual<\/strong>, que ha reconocido \u201cel empuj\u00f3n que nos dan estas empresas y las sendas que nos marcan en la innovaci\u00f3n\u201d. <strong>\u201cSois quienes nos hac\u00e9is avanzar y el m\u00e1ximo exponente en vuestro sector\u201d<\/strong>, ha a\u00f1adido.<\/p>\n<p>Tras la inauguraci\u00f3n, la secretaria de Estado de Digitalizaci\u00f3n e Inteligencia Artificial, <strong>Mar\u00eda Gonz\u00e1lez Veracruz<\/strong>, ha realizado la intervenci\u00f3n institucional donde ha asegurado que <strong>\u201cjuntos estamos construyendo la Espa\u00f1a digital\u201d.<\/strong> En este sentido, ha puesto en valor \u201cla reindustrializaci\u00f3n del pa\u00eds y la revoluci\u00f3n digital que es clave para el momento econ\u00f3mico\u201d.<\/p>\n","protected":false},"excerpt":{"rendered":"Santander, 1 de septiembre. \u2013 La Universidad Internacional Men\u00e9ndez Pelayo (UIMP) acoge el 39 Encuentro de la Econom\u00eda&hellip;\n","protected":false},"author":2,"featured_media":86583,"comment_status":"","ping_status":"","sticky":false,"template":"","format":"standard","meta":{"footnotes":""},"categories":[5],"tags":[7825,14149,17,18,14151,25,24,14153,13,14,11,14152,19,20,10320,9,10,15,16,14150,23,12,14148,21,22,14147],"class_list":{"0":"post-86582","1":"post","2":"type-post","3":"status-publish","4":"format-standard","5":"has-post-thumbnail","7":"category-titulares","8":"tag-actividades","9":"tag-actividades-academicas","10":"tag-breaking-news","11":"tag-breakingnews","12":"tag-cursos","13":"tag-es","14":"tag-espana","15":"tag-espanol-extranjeros","16":"tag-featured-news","17":"tag-featurednews","18":"tag-headlines","19":"tag-inmersion-ingles","20":"tag-latest-news","21":"tag-latestnews","22":"tag-master","23":"tag-news","24":"tag-noticias","25":"tag-noticias-destacadas","26":"tag-noticiasdestacadas","27":"tag-postgrado","28":"tag-spain","29":"tag-titulares","30":"tag-uimp","31":"tag-ultimas-noticias","32":"tag-ultimasnoticias","33":"tag-universidad-internacional-menendez-pelayo"},"share_on_mastodon":{"url":"","error":""},"_links":{"self":[{"href":"https:\/\/www.europesays.com\/es\/wp-json\/wp\/v2\/posts\/86582","targetHints":{"allow":["GET"]}}],"collection":[{"href":"https:\/\/www.europesays.com\/es\/wp-json\/wp\/v2\/posts"}],"about":[{"href":"https:\/\/www.europesays.com\/es\/wp-json\/wp\/v2\/types\/post"}],"author":[{"embeddable":true,"href":"https:\/\/www.europesays.com\/es\/wp-json\/wp\/v2\/users\/2"}],"replies":[{"embeddable":true,"href":"https:\/\/www.europesays.com\/es\/wp-json\/wp\/v2\/comments?post=86582"}],"version-history":[{"count":0,"href":"https:\/\/www.europesays.com\/es\/wp-json\/wp\/v2\/posts\/86582\/revisions"}],"wp:featuredmedia":[{"embeddable":true,"href":"https:\/\/www.europesays.com\/es\/wp-json\/wp\/v2\/media\/86583"}],"wp:attachment":[{"href":"https:\/\/www.europesays.com\/es\/wp-json\/wp\/v2\/media?parent=86582"}],"wp:term":[{"taxonomy":"category","embeddable":true,"href":"https:\/\/www.europesays.com\/es\/wp-json\/wp\/v2\/categories?post=86582"},{"taxonomy":"post_tag","embeddable":true,"href":"https:\/\/www.europesays.com\/es\/wp-json\/wp\/v2\/tags?post=86582"}],"curies":[{"name":"wp","href":"https:\/\/api.w.org\/{rel}","templated":true}]}}