{"id":86584,"date":"2025-09-01T17:44:09","date_gmt":"2025-09-01T17:44:09","guid":{"rendered":"https:\/\/www.europesays.com\/es\/86584\/"},"modified":"2025-09-01T17:44:09","modified_gmt":"2025-09-01T17:44:09","slug":"triunfo-de-victor-acebo-a-las-puertas-de-murcia","status":"publish","type":"post","link":"https:\/\/www.europesays.com\/es\/86584\/","title":{"rendered":"Triunfo de Vi\u0301ctor Acebo a las puertas de Murcia"},"content":{"rendered":"<p class=\"ft-text\">El mundo en verano es un lugar disparatado. Hay pueblos que parecen perder la cabeza, pero solo celebran. <strong>Solanillos del Extremo, Guadalajara: <\/strong>piscina municipal, front\u00f3n y plaza de toros de obra. 88 habitantes 88. La central nuclear de <strong>Trillo <\/strong>riega los campos con billetes y se organizan unas fiestas patronales con una programaci\u00f3n apretad\u00edsima.<\/p>\n<p class=\"ft-text\">Se lidi\u00f3 este s\u00e1bado una novillada con picadores mixta bastante concurrida. Aunque no se agot\u00f3 el papel, se multiplic\u00f3 (al menos por cinco) la poblaci\u00f3n en los tendidos. Los <strong>toros <\/strong>y los <strong>peces<\/strong>.<\/p>\n<p class=\"ft-text\">V\u00edctor Acebo lleg\u00f3 mediante la v\u00eda de la sustituci\u00f3n tras la cornada sufrida por Tom\u00e1s Gonz\u00e1lez. Junto al murciano se anunciaban Cristian Gonz\u00e1lez y Jaime Torija, este \u00faltimo novillero sin picadores y lugare\u00f1o.<\/p>\n<p class=\"ft-text\">Con la vista puesta en su compromiso del 14 de septiembre en la <strong>Feria de Murcia<\/strong>, el torero de <a class=\"ft-link ft-link--decoration\" href=\"https:\/\/www.laopiniondemurcia.es\/municipios\/torre-pacheco\/\" rel=\"nofollow noopener\" target=\"_blank\">Torre Pacheco<\/a> abri\u00f3 la tarde ante un descastado manso al que consigui\u00f3 arrancar meritorias tandas por ambos pitones. Ven\u00eda el toro col\u00e1ndose ya dese el capote y <strong>Acebo <\/strong>estuvo siempre, manch\u00e1ndose el vestido y rozando la voltereta, que pudo llegar en cualquier momento ante la imprevisibilidad del astado. Pese a todo, la mansedumbre impidi\u00f3 la rotundidad en una faena con m\u00e1s m\u00e9rito y oficio que premio por el mal uso del los aceros. Se esfum\u00f3 la oreja, pedida y no otorgada por la presidencia.<\/p>\n<p class=\"ft-text\">Lleg\u00f3 la merienda. Se ve que algo cay\u00f3 por los chiqueros. El cuarto, sin llegar a mesa completa con caf\u00e9 copa y puro, algo hubo de comer, porque se emple\u00f3 con mejor condici\u00f3n, m\u00e1s fuerza y m\u00e1s casta que su hermano, aunque sin llegar a ser un toro notable. Lo vio claro Acebo con la capa y regal\u00f3 un ramillete de ver\u00f3nicas deliciosas rematadas con una elegant\u00edsima media. Con la muleta, se emple\u00f3 con por doblones para abrir los caminos al animal.<\/p>\n<p class=\"ft-text\">Con la mano derecha, Acebo hilvan\u00f3 templado dos tandas ligadas llenas de empaque que metieron al p\u00fablico en la faena. La tarde entr\u00f3 en ebullici\u00f3n cuando tom\u00f3 la tela con la zurda. Al natural, el <strong>pachequero <\/strong>se coloc\u00f3 donde queman los pies para torear realmente despacio. Dej\u00f3 varios naturales de cartel, destacando el \u00faltimo, a c\u00e1mara lenta, insultantemente torero, perfectamente redondo y enroscado. Todo fue jalonado por vistosas trincheras y molinetes, cerrando la faena con unas manoletinas ce\u00f1id\u00edsimas. Los pa\u00f1uelos deseaban florecer hasta pedir el rabo, pero tras pinchazo y estocada, recibi\u00f3 dos orejas muy celebradas.<\/p>\n<p class=\"ft-text\">El coleta del<strong> Campo de <\/strong><a class=\"ft-link ft-link--decoration\" href=\"https:\/\/www.laopiniondemurcia.es\/cartagena\/\" rel=\"nofollow noopener\" target=\"_blank\"><strong>Cartagena<\/strong><\/a> sali\u00f3 a hombros dejando constancia del buen momento que atraviesa. Con \u00e9l, Parrita y Zulueta, echar\u00e1 a andar la<strong> Feria de Septiembre. <\/strong>Acebo busca reivindicarse en la plaza m\u00e1s importante de la Regi\u00f3n y anda contando los d\u00edas so\u00f1ando con el triunfo.<\/p>\n","protected":false},"excerpt":{"rendered":"El mundo en verano es un lugar disparatado. Hay pueblos que parecen perder la cabeza, pero solo celebran.&hellip;\n","protected":false},"author":2,"featured_media":86585,"comment_status":"","ping_status":"","sticky":false,"template":"","format":"standard","meta":{"footnotes":""},"categories":[277],"tags":[32032,373,32031,209,168,25,24,5748,23,167,374,913,2886,32030],"class_list":{"0":"post-86584","1":"post","2":"type-post","3":"status-publish","4":"format-standard","5":"has-post-thumbnail","7":"category-toreo","8":"tag-acebo","9":"tag-bullfighting","10":"tag-ctor","11":"tag-cultura","12":"tag-deportes","13":"tag-es","14":"tag-espana","15":"tag-puertas","16":"tag-spain","17":"tag-sports","18":"tag-toreo","19":"tag-toro","20":"tag-triunfo","21":"tag-vi"},"share_on_mastodon":{"url":"","error":""},"_links":{"self":[{"href":"https:\/\/www.europesays.com\/es\/wp-json\/wp\/v2\/posts\/86584","targetHints":{"allow":["GET"]}}],"collection":[{"href":"https:\/\/www.europesays.com\/es\/wp-json\/wp\/v2\/posts"}],"about":[{"href":"https:\/\/www.europesays.com\/es\/wp-json\/wp\/v2\/types\/post"}],"author":[{"embeddable":true,"href":"https:\/\/www.europesays.com\/es\/wp-json\/wp\/v2\/users\/2"}],"replies":[{"embeddable":true,"href":"https:\/\/www.europesays.com\/es\/wp-json\/wp\/v2\/comments?post=86584"}],"version-history":[{"count":0,"href":"https:\/\/www.europesays.com\/es\/wp-json\/wp\/v2\/posts\/86584\/revisions"}],"wp:featuredmedia":[{"embeddable":true,"href":"https:\/\/www.europesays.com\/es\/wp-json\/wp\/v2\/media\/86585"}],"wp:attachment":[{"href":"https:\/\/www.europesays.com\/es\/wp-json\/wp\/v2\/media?parent=86584"}],"wp:term":[{"taxonomy":"category","embeddable":true,"href":"https:\/\/www.europesays.com\/es\/wp-json\/wp\/v2\/categories?post=86584"},{"taxonomy":"post_tag","embeddable":true,"href":"https:\/\/www.europesays.com\/es\/wp-json\/wp\/v2\/tags?post=86584"}],"curies":[{"name":"wp","href":"https:\/\/api.w.org\/{rel}","templated":true}]}}