{"id":86588,"date":"2025-09-01T17:48:08","date_gmt":"2025-09-01T17:48:08","guid":{"rendered":"https:\/\/www.europesays.com\/es\/86588\/"},"modified":"2025-09-01T17:48:08","modified_gmt":"2025-09-01T17:48:08","slug":"bombazo-en-el-ciclismo-espanol-juan-ayuso-dejara-el-uae-y-ficha-por-el-lidl-trek","status":"publish","type":"post","link":"https:\/\/www.europesays.com\/es\/86588\/","title":{"rendered":"Bombazo en el ciclismo espa\u00f1ol: Juan Ayuso dejar\u00e1 el UAE y ficha por el Lidl-Trek"},"content":{"rendered":"<p><strong>Bombazo informativo en plena Vuelta a Espa\u00f1a. Juan Ayuso<\/strong>, el ciclista espa\u00f1ol m\u00e1s prometedor, cambiar\u00e1 de equipo al finalizar la presente temporada. Dejar\u00e1 el<strong> UAE<\/strong> -mucho gallo en el corral- para firmar por <strong>Lidl-Trek<\/strong>, donde se convertir\u00e1 en el gran l\u00edder de la escuadra estadounidense. Lo ha adelantado en exclusiva <strong><a href=\"https:\/\/www.youtube.com\/watch?v=jrIHkXsZCWM&amp;t=9s\" rel=\"nofollow noopener\" target=\"_blank\">@JavierAresoficial<\/a><\/strong> y lo ha podido confirmar Libertad Digital.<\/p>\n<p>Ayuso, por el que apost\u00f3 UAE all\u00e1 por 2021 con tan solo 18 a\u00f1os, aunque estaba en cartera mucho antes gracias al buen ojo de <strong>Matxin, Team Manager <\/strong>del equipo de los Emiratos \u00c1rabes Unidos, ten\u00eda contrato hasta 2028 pero deseaba salir a un equipo donde se apostara realmente por \u00e9l. No hay que olvidar que en UAE, adem\u00e1s de Tadej Pogacar, est\u00e1n ciclistas del talento del luso <strong>Jo\u00e3o Almeida<\/strong> o el mexicano<strong> Isaac Del Toro<\/strong>.<\/p>\n<p>No estaba c\u00f3modo Ayuso en un equipo que le llam\u00f3 a \u00faltima hora, era el primer reserva, para disputar la Vuelta a Espa\u00f1a por la baja de Pogacar: \u00ab<strong>No pude preparar esta Vuelta como hubiese querido. Me llam\u00f3 el equipo, le expliqu\u00e9 c\u00f3mo estaba y fuimos para adelante\u00bb.<\/strong><\/p>\n<p>A sus 22 a\u00f1os, el ciclista nacido en Barcelona decide dar un giro de 180 grados a su carrera para intentar luchar por ganar una gran vuelta y <strong>firmar\u00e1 por cuatro temporadas con Lidl-Trek, un equipazo emergente que tiene mucho talento en sus filas como <\/strong>Mattias<strong> Skjelmose<\/strong>, Giulio <strong>Ciccone, Mads Pedersen<\/strong> o los espa\u00f1oles<strong> Carlos Verona <\/strong>y la joven promesa <strong>H\u00e9ctor \u00c1lvarez. Les faltaba la figura de un gran l\u00edder que cubrir\u00e1 Ayuso. <\/strong><\/p>\n","protected":false},"excerpt":{"rendered":"Bombazo informativo en plena Vuelta a Espa\u00f1a. Juan Ayuso, el ciclista espa\u00f1ol m\u00e1s prometedor, cambiar\u00e1 de equipo al&hellip;\n","protected":false},"author":2,"featured_media":86589,"comment_status":"","ping_status":"","sticky":false,"template":"","format":"standard","meta":{"footnotes":""},"categories":[273],"tags":[313,22186,312,168,25,24,4657,11482,23,167,550],"class_list":{"0":"post-86588","1":"post","2":"type-post","3":"status-publish","4":"format-standard","5":"has-post-thumbnail","7":"category-ciclismo","8":"tag-ciclismo","9":"tag-ciclismo-espanol","10":"tag-cycling","11":"tag-deportes","12":"tag-es","13":"tag-espana","14":"tag-juan-ayuso","15":"tag-lidl-trek","16":"tag-spain","17":"tag-sports","18":"tag-uae"},"share_on_mastodon":{"url":"","error":""},"_links":{"self":[{"href":"https:\/\/www.europesays.com\/es\/wp-json\/wp\/v2\/posts\/86588","targetHints":{"allow":["GET"]}}],"collection":[{"href":"https:\/\/www.europesays.com\/es\/wp-json\/wp\/v2\/posts"}],"about":[{"href":"https:\/\/www.europesays.com\/es\/wp-json\/wp\/v2\/types\/post"}],"author":[{"embeddable":true,"href":"https:\/\/www.europesays.com\/es\/wp-json\/wp\/v2\/users\/2"}],"replies":[{"embeddable":true,"href":"https:\/\/www.europesays.com\/es\/wp-json\/wp\/v2\/comments?post=86588"}],"version-history":[{"count":0,"href":"https:\/\/www.europesays.com\/es\/wp-json\/wp\/v2\/posts\/86588\/revisions"}],"wp:featuredmedia":[{"embeddable":true,"href":"https:\/\/www.europesays.com\/es\/wp-json\/wp\/v2\/media\/86589"}],"wp:attachment":[{"href":"https:\/\/www.europesays.com\/es\/wp-json\/wp\/v2\/media?parent=86588"}],"wp:term":[{"taxonomy":"category","embeddable":true,"href":"https:\/\/www.europesays.com\/es\/wp-json\/wp\/v2\/categories?post=86588"},{"taxonomy":"post_tag","embeddable":true,"href":"https:\/\/www.europesays.com\/es\/wp-json\/wp\/v2\/tags?post=86588"}],"curies":[{"name":"wp","href":"https:\/\/api.w.org\/{rel}","templated":true}]}}