{"id":86592,"date":"2025-09-01T17:54:08","date_gmt":"2025-09-01T17:54:08","guid":{"rendered":"https:\/\/www.europesays.com\/es\/86592\/"},"modified":"2025-09-01T17:54:08","modified_gmt":"2025-09-01T17:54:08","slug":"erika-paula-curbelo-debuta-con-me-gusta-asi-su-primer-libro-de-cuentos-noticias","status":"publish","type":"post","link":"https:\/\/www.europesays.com\/es\/86592\/","title":{"rendered":"Erika Paula Curbelo debuta con \u00abMe gusta as\u00ed\u00bb, su primer libro de cuentos &#8211; Noticias"},"content":{"rendered":"<p>La editorial Sigilo anunci\u00f3 la publicaci\u00f3n de Me gusta as\u00ed, primer libro de cuentos de la escritora uruguaya Erika Paula Curbelo, una joven autora que irrumpe en la narrativa contempor\u00e1nea con relatos de gran frescura y mirada generacional.<\/p>\n<p>\u201cEntonces decid\u00ed por fin qu\u00e9 quer\u00eda para mi futuro: un mundo dominado por mujeres como yo\u201d, afirma una de las protagonistas de estas historias, condensando el tono desinhibido que atraviesa el volumen.<\/p>\n<p>\/Inicio C\u00f3digo Embebido\/<\/p>\n<p>\t\t\t\t\t<a class=\"enlace-absoluto\" aria-label=\"&quot;Efecto Paloma&quot;: el libro que cuenta el camino superador de una ni\u00f1a con c\u00e1ncer\" href=\"https:\/\/www.cadena3.com\/noticia\/radioinforme-3\/efecto-paloma-el-libro-que-cuenta-el-camino-superador-de-una-nina-con-cancer_457823\" rel=\"nofollow noopener\" target=\"_blank\">\t\t\t\t\t\t\t\t\t\t\t<a href=\"https:\/\/www.cadena3.com\/seccion\/radioinforme-3\/3\/radioinforme-3\/73\" rel=\"nofollow noopener\" target=\"_blank\">Radioinforme 3<\/a>\t\t\t\t\t\t\t\t\t\t<\/p>\n<p class=\"bajada\">El relato comienza con el diagn\u00f3stico de ceguera que afect\u00f3 a la peque\u00f1a en 2018, cuando en ese entonces ella ten\u00eda apenas tres a\u00f1os. La publicaci\u00f3n ya est\u00e1 en todas las librer\u00edas del pa\u00eds.<\/p>\n<p>\/Fin C\u00f3digo Embebido\/<\/p>\n<p>Los relatos despliegan un escenario de trabajos precarios, habitaciones fr\u00edas y derivas callejeras donde las protagonistas \u2013curiosas, arriesgadas y entra\u00f1ables\u2013 se enfrentan a obst\u00e1culos, amores, p\u00e9rdidas, amistades y nuevas vocaciones, narr\u00e1ndose a s\u00ed mismas como hero\u00ednas de sus propias aventuras.<\/p>\n<p><strong>Curbelo<\/strong>, nacida en <strong>Fray Bentos<\/strong> en <strong>2000<\/strong> y residente en <strong>Montevideo<\/strong>, <strong>combina una escritura vibrante, a medio camino entre la picaresca y el realismo sucio, con la construcci\u00f3n de personajes inolvidables.<\/strong><\/p>\n<p>En <strong>2023<\/strong> obtuvo una menci\u00f3n en los <strong>Premios Juan Carlos Onetti de Literatura<\/strong> por un conjunto de cuentos, varios de los cuales integran este debut editorial.<\/p>\n<p>Lectura r\u00e1pida<\/p>\n<p>\u00bfQui\u00e9n es Erika Paula Curbelo? <br \/>Es una escritora uruguaya de <strong>24 a\u00f1os<\/strong> que debuta con su primer libro de cuentos titulado Me gusta as\u00ed.<\/p>\n<p>\u00bfQu\u00e9 tem\u00e1tica abordan sus relatos? <br \/>Los relatos abordan situaciones de trabajos precarios, relaciones y desaf\u00edos que enfrentan las protagonistas en un mundo incierto.<\/p>\n<p>\u00bfCu\u00e1l es el tono de su escritura? <br \/>La escritura de <strong>Curbelo<\/strong> es vibrante y combina la picaresca con el realismo sucio, reflejando una mirada generacional.<\/p>\n<p>\u00bfQu\u00e9 reconocimientos ha recibido? <br \/>En <strong>2023<\/strong> obtuvo una menci\u00f3n en los <strong>Premios Juan Carlos Onetti<\/strong> por un conjunto de cuentos relacionados a su obra.<\/p>\n<p>\u00bfD\u00f3nde naci\u00f3 y d\u00f3nde vive actualmente? <br \/>Naci\u00f3 en <strong>Fray Bentos<\/strong> y actualmente reside en <strong>Montevideo<\/strong>.<\/p>\n","protected":false},"excerpt":{"rendered":"La editorial Sigilo anunci\u00f3 la publicaci\u00f3n de Me gusta as\u00ed, primer libro de cuentos de la escritora uruguaya&hellip;\n","protected":false},"author":2,"featured_media":86593,"comment_status":"","ping_status":"","sticky":false,"template":"","format":"standard","meta":{"footnotes":""},"categories":[172],"tags":[224,3825,146,147,32033,25,24,225,671,32034,23,13862],"class_list":{"0":"post-86592","1":"post","2":"type-post","3":"status-publish","4":"format-standard","5":"has-post-thumbnail","7":"category-libros","8":"tag-books","9":"tag-cuentos","10":"tag-entertainment","11":"tag-entretenimiento","12":"tag-erika-paula-curbelo","13":"tag-es","14":"tag-espana","15":"tag-libros","16":"tag-literatura","17":"tag-sigilo","18":"tag-spain","19":"tag-uruguay"},"share_on_mastodon":{"url":"","error":""},"_links":{"self":[{"href":"https:\/\/www.europesays.com\/es\/wp-json\/wp\/v2\/posts\/86592","targetHints":{"allow":["GET"]}}],"collection":[{"href":"https:\/\/www.europesays.com\/es\/wp-json\/wp\/v2\/posts"}],"about":[{"href":"https:\/\/www.europesays.com\/es\/wp-json\/wp\/v2\/types\/post"}],"author":[{"embeddable":true,"href":"https:\/\/www.europesays.com\/es\/wp-json\/wp\/v2\/users\/2"}],"replies":[{"embeddable":true,"href":"https:\/\/www.europesays.com\/es\/wp-json\/wp\/v2\/comments?post=86592"}],"version-history":[{"count":0,"href":"https:\/\/www.europesays.com\/es\/wp-json\/wp\/v2\/posts\/86592\/revisions"}],"wp:featuredmedia":[{"embeddable":true,"href":"https:\/\/www.europesays.com\/es\/wp-json\/wp\/v2\/media\/86593"}],"wp:attachment":[{"href":"https:\/\/www.europesays.com\/es\/wp-json\/wp\/v2\/media?parent=86592"}],"wp:term":[{"taxonomy":"category","embeddable":true,"href":"https:\/\/www.europesays.com\/es\/wp-json\/wp\/v2\/categories?post=86592"},{"taxonomy":"post_tag","embeddable":true,"href":"https:\/\/www.europesays.com\/es\/wp-json\/wp\/v2\/tags?post=86592"}],"curies":[{"name":"wp","href":"https:\/\/api.w.org\/{rel}","templated":true}]}}