{"id":86598,"date":"2025-09-01T17:57:09","date_gmt":"2025-09-01T17:57:09","guid":{"rendered":"https:\/\/www.europesays.com\/es\/86598\/"},"modified":"2025-09-01T17:57:09","modified_gmt":"2025-09-01T17:57:09","slug":"con-j-k-rowling-un-reencuentro-de-harry-potter-es-imposible-nunca-va-a-suceder-segun-el-director-chris-columbus","status":"publish","type":"post","link":"https:\/\/www.europesays.com\/es\/86598\/","title":{"rendered":"\u00abCon J.K. Rowling un reencuentro de &#8216;Harry Potter&#8217; es imposible, nunca va a suceder\u00bb, seg\u00fan el director Chris Columbus"},"content":{"rendered":"<p class=\"c-paragraph\">Mientras se espera el estreno de la nueva serie de la franquicia en <b><a href=\"https:\/\/www.20minutos.es\/cinemania\/series\/serie-harry-potter-presenta-hermanos-weasley-ron_6237405_0.html\" rel=\"nofollow noopener\" target=\"_blank\">HBO Max<\/a><\/b>, muchos fans se preguntan si habr\u00e1 una reuni\u00f3n del elenco original. Sin embargo, <b><a href=\"https:\/\/www.20minutos.es\/cinemania\/series\/harry-potter-serie-hbo-chris-columbus-sentencia_6239908_0.html\" rel=\"nofollow noopener\" target=\"_blank\">Chris Columbus<\/a><\/b>, director de las dos primeras pel\u00edculas\u00a0ha afirmado que nunca ser\u00e1 posible por las posturas anti-trans de la autora de los libros,<b> J.K. Rowling<\/b>.<\/p>\n<p class=\"c-paragraph\">El cineasta incluso hab\u00eda expresado inter\u00e9s en hacer una adaptaci\u00f3n cinematogr\u00e1fica de la obra de Broadway <b><a href=\"https:\/\/www.20minutos.es\/cinemania\/noticias\/chris-columbus-quiere-dirigir-harry-potter-y-el-legado-maldito-con-su-trio-protagonista-original-4879919\/\" rel=\"nofollow noopener\" target=\"_blank\">Harry Potter y el legado maldito<\/a> <\/b>con los actores originales, pero ha desechado la idea porque creen que todo se ha vuelto <b>demasiado \u00abcomplicado\u00bb.<\/b><\/p>\n<p class=\"c-paragraph\"><b>\u00abNunca va a suceder\u00bb<\/b>, declar\u00f3 Columbus recientemente a <a href=\"https:\/\/www.thetimes.com\/culture\/film\/article\/chris-columbus-i-still-have-a-great-relationship-with-all-the-harry-potter-kids-fmgbf3zhj\" rel=\"nofollow noreferrer noopener\" target=\"_blank\">The Times U.K.<\/a> \u00abSe ha vuelto muy complicado con todas las cuestiones pol\u00edticas. <b>Todo el reparto tiene su propia opini\u00f3n<\/b>, que es diferente de la opini\u00f3n de ella [de Rowling], lo que lo hace imposible\u00bb. La \u00faltima vez que los actores coincidieron en un rodaje fue para la grabaci\u00f3n del documental Harry Potter 20 aniversario: Regreso a Hogwarts.<\/p>\n<p class=\"c-paragraph\">Rowling <b><a href=\"https:\/\/www.20minutos.es\/cinemania\/noticias\/que-ha-pasado-con-j-k-rowling-esta-es-la-polemica-en-torno-a-la-creadora-de-harry-potter-4901215\/\" rel=\"nofollow noopener\" target=\"_blank\">ha sido criticada<\/a> <\/b>durante los \u00faltimos a\u00f1os por expresar abiertamente su transfobia, sobre todo en redes sociales. Recientemente celebraba que el Tribunal Supremo de Reino Unido estableciese que las mujeres trans <b>no deber\u00edan de ser reconocidas como \u00abmujeres\u00bb<\/b> y que la denominaci\u00f3n se basa en el sexo biol\u00f3gico.<\/p>\n<p class=\"c-paragraph\">Columbus, quien dirigi\u00f3 en 2001<a href=\"https:\/\/www.20minutos.es\/cinemania\/noticias\/10-curiosidades-de-harry-potter-y-la-piedra-filosofal-que-posiblemente-desconocias-4887442\/\" rel=\"nofollow noopener\" target=\"_blank\">\u00a0Harry Potter y la piedra filosofal<\/a>\u00a0y\u00a0en 2002\u00a0Harry Potter y la c\u00e1mara secreta, ya coment\u00f3 que est\u00e1 en contra de las opiniones de la autora. Incluso mencion\u00f3 a The Times U.K.: <b>\u00abNo he hablado con Rowling en una d\u00e9cada<\/b> m\u00e1s o menos, as\u00ed que no tengo ni idea de lo que hace\u00bb.<\/p>\n<p class=\"c-paragraph\">Con respecto al cast original, que incluye a los protagonistas<b> <a href=\"https:\/\/www.20minutos.es\/cinemania\/noticias\/asi-audiciones-daniel-radcliffe-emma-watson-rupert-grint-harry-potter_5725036_0.html\" rel=\"nofollow noopener\" target=\"_blank\">Daniel Radcliffe<\/a> <\/b>(Harry Potter), <b>Rupert Grint <\/b>(Ron Weasley) y <b>Emma Watson<\/b> (Hermione Granger), el director cuenta que sigue estando en contacto con ellos. \u00abSigo teniendo una relaci\u00f3n cercana con Daniel Radcliffe y justo acabo de hablar con \u00e9l hace unos d\u00edas. <b>Sigo teniendo una buena relaci\u00f3n<\/b> con todos los chicos del reparto\u00bb, afirm\u00f3.<\/p>\n<p class=\"c-paragraph\">Rowling<b> no puede decir lo mismo<\/b>, ya que la escritora afirm\u00f3 hace poco que \u00abno perdonar\u00eda a quienes han apoyado la atenci\u00f3n m\u00e9dica a las personas trans\u00bb. Y esto incluye a Radcliffe, Grint y Watson.\u00a0<\/p>\n<p class=\"c-paragraph\">En 2020,\u00a0Radcliffe respondi\u00f3\u00a0a un tuit de Rowling sobre el tema: <b>\u00abLas mujeres transg\u00e9nero son mujeres<\/b> [&#8230;] Est\u00e1 claro que debemos hacer m\u00e1s para apoyar a las personas transg\u00e9nero y no binarias, no invalidar sus identidades y no causar m\u00e1s da\u00f1o\u00bb. El actor hasta lleg\u00f3 a confesar en <a href=\"https:\/\/www.theatlantic.com\/magazine\/archive\/2024\/06\/daniel-radcliffe-merrily-we-roll-along-jk-rowling\/678219\/\" rel=\"nofollow noreferrer noopener\" target=\"_blank\">The Atlantic<\/a> que los comentarios de la autora <b>\u00able entristec\u00edan mucho\u00bb.<\/b><\/p>\n<p class=\"c-paragraph\">Por su parte, Watson tuite\u00f3: <b>\u00abLas personas trans son quienes dicen ser<\/b> y merecen vivir sus vidas sin ser cuestionadas constantemente o decirles que no son quienes dicen ser. Quiero que mis seguidores trans sepan que yo y muchas otras personas en todo el mundo te vemos, te respetamos y te amamos por lo que eres\u00bb.<\/p>\n<p class=\"c-paragraph\">Grint tambi\u00e9n se uni\u00f3 a sus ex coprotagonistas: <b>\u00abApoyo firmemente a la poblaci\u00f3n trans<\/b> y me hago eco de los sentimientos expresados por muchos de mis compa\u00f1eros. Las mujeres trans son mujeres. Los hombres trans son hombres. Todos deber\u00edamos tener derecho a vivir con amor y sin ser juzgados\u00bb.<\/p>\n","protected":false},"excerpt":{"rendered":"Mientras se espera el estreno de la nueva serie de la franquicia en HBO Max, muchos fans se&hellip;\n","protected":false},"author":2,"featured_media":86599,"comment_status":"","ping_status":"","sticky":false,"template":"","format":"standard","meta":{"footnotes":""},"categories":[169],"tags":[2242,177,32037,146,147,25,24,176,175,2397,7458,57,23],"class_list":{"0":"post-86598","1":"post","2":"type-post","3":"status-publish","4":"format-standard","5":"has-post-thumbnail","7":"category-cine","8":"tag-chris","9":"tag-cine","10":"tag-columbus","11":"tag-entertainment","12":"tag-entretenimiento","13":"tag-es","14":"tag-espana","15":"tag-film","16":"tag-movies","17":"tag-posible","18":"tag-reunion","19":"tag-sobre","20":"tag-spain"},"share_on_mastodon":{"url":"","error":""},"_links":{"self":[{"href":"https:\/\/www.europesays.com\/es\/wp-json\/wp\/v2\/posts\/86598","targetHints":{"allow":["GET"]}}],"collection":[{"href":"https:\/\/www.europesays.com\/es\/wp-json\/wp\/v2\/posts"}],"about":[{"href":"https:\/\/www.europesays.com\/es\/wp-json\/wp\/v2\/types\/post"}],"author":[{"embeddable":true,"href":"https:\/\/www.europesays.com\/es\/wp-json\/wp\/v2\/users\/2"}],"replies":[{"embeddable":true,"href":"https:\/\/www.europesays.com\/es\/wp-json\/wp\/v2\/comments?post=86598"}],"version-history":[{"count":0,"href":"https:\/\/www.europesays.com\/es\/wp-json\/wp\/v2\/posts\/86598\/revisions"}],"wp:featuredmedia":[{"embeddable":true,"href":"https:\/\/www.europesays.com\/es\/wp-json\/wp\/v2\/media\/86599"}],"wp:attachment":[{"href":"https:\/\/www.europesays.com\/es\/wp-json\/wp\/v2\/media?parent=86598"}],"wp:term":[{"taxonomy":"category","embeddable":true,"href":"https:\/\/www.europesays.com\/es\/wp-json\/wp\/v2\/categories?post=86598"},{"taxonomy":"post_tag","embeddable":true,"href":"https:\/\/www.europesays.com\/es\/wp-json\/wp\/v2\/tags?post=86598"}],"curies":[{"name":"wp","href":"https:\/\/api.w.org\/{rel}","templated":true}]}}