{"id":86612,"date":"2025-09-01T18:05:18","date_gmt":"2025-09-01T18:05:18","guid":{"rendered":"https:\/\/www.europesays.com\/es\/86612\/"},"modified":"2025-09-01T18:05:18","modified_gmt":"2025-09-01T18:05:18","slug":"cierre-del-mercado-de-fichajes-en-directo-altas-bajas-rumores-y-ultima-hora-sobre-nico-gonzalez-isak-akanji-y-la-locura-del-chelsea-y-aston-villa-el-espanol","status":"publish","type":"post","link":"https:\/\/www.europesays.com\/es\/86612\/","title":{"rendered":"Cierre del mercado de fichajes, en directo: altas, bajas, rumores y \u00faltima hora sobre Nico Gonz\u00e1lez, Isak, Akanji y la locura del Chelsea y Aston Villa &#8211; El Espa\u00f1ol"},"content":{"rendered":"<ol>\n<li><a href=\"https:\/\/news.google.com\/rss\/articles\/CBMijwJBVV95cUxQZndTNjNsMWZQcTVEM1N3ZGtJSVhwZlZnTGE3bTI3ZV8xNXAyOVRNLU95Z2QtMzNkMUpfMjZHblJsNjJwcW5TczlMSjY0RHVMMWktR1VmUnBWLUhqLXNtTkh6cGcxbjZRQXdDLV92amUtMHFPS2VlTzEwUXFHbkEwVHVtcFE4RjlIbzJOeEk5OFMyU0o3TG0xV29jTmFPOXZsUzZ0d3g0QnhnaTRNUXRJUHBXOWVsbmRYVm0tYUhfcFdlZFV1RFFNS3Rpd0dHQXlfZTRuU1Z4VUZJN2pWUkpNdlp5WVVtNm1YSWo5cm85T3cyNjcwczB3eU1zRFlCNzNJeXdERTJ3WkJ4Y0lkM0tV?oc=5\" target=\"_blank\" rel=\"nofollow noopener\">Cierre del mercado de fichajes, en directo: altas, bajas, rumores y \u00faltima hora sobre Nico Gonz\u00e1lez, Isak, Akanji y la locura del Chelsea y Aston Villa<\/a>&nbsp;&nbsp;El Espa\u00f1ol<\/li>\n<li><a href=\"https:\/\/news.google.com\/rss\/articles\/CBMixAFBVV95cUxPMjlhTkc0X0NUbFJsQ0NIaWdxZVoxZHpldHBhemdCU1ZKUEJvUmUxZUpEaEdvM1ZHTWJXQl9EbWxZVmw2TGpPbmY4VERqNzlrS1hHbC1MWHBGbVFxM1BVMzJ3UFQzUGMtc3pRdzI5bWFrWUdObTk0cE9YeERKQlZKbW1jRjYwcDRKTFR2VUcydHc5dWdSRDVpWGdLZkdYSDJjMV8xUmhpUzc4NE1JdFZKZjRKRXB1MDJCRUpKZkJJbXM4SVo10gHYAUFVX3lxTE5LZVVUQUxtX3NuaXZhdVZLMkpLbVlCakJNSmJoUTFDT0hnRFIzVzNEckg1eUJmM1hIc2tRYjZ2ZFY4VzUyOUJIY3VUZlJCN05rMW9vd0RLUHdLZWg5LU1PNHd6TkI4bDViY1Fma2tPUkk2aURjMkVNUDd2QXh6eU5zcDhjQkR4NHVKcTFNNENjOHR5d3hkWG5CZDE3bTYyUnNERG5RR3R0UEV1YVFsSWZOX0Q0UHhvTXBOY1dzUnBVNm5nOTM5OUE0S2J0RkUtZ2J5dEZwRGtrTQ?oc=5\" target=\"_blank\" rel=\"nofollow noopener\">Mercado de fichajes, \u00faltimo d\u00eda en directo: cierre, altas y bajas de Real Madrid, Barcelona, Atl\u00e9tico&#8230;<\/a>&nbsp;&nbsp;Diario AS<\/li>\n<li><a href=\"https:\/\/news.google.com\/rss\/articles\/CBMiyAFBVV95cUxPUEthTzlCRjJmS1B0X2tjazNzWE9XNTR1aWZ4QzRqVC14TXJIdzJ3TmZIWlB6NHZNc3hLY0NuaFlfVjJ5cnpiXzBENDV3bnhBUlljVjlEN1NWejMxRFRHY1BPNlAyYW14WXlWS05OZ0x1NWdTSkxZaDFSS1ZOSFg4MGVnZzFldXBxNDRVS2tyaF9fSHM0X3FrcU9fb1lhaWRaX0lZeHdVQWRXSWVqSVRpSzRkSWcyQkhMQ2lzRFpRYTZMVHZHNXkzUtIB3AFBVV95cUxPZzhXcHZRNnBhdk4teS03Z1VpcjZEZDFSTzBXZVg2QjlpT2dORnFXMUdCZ1kwWTFOLTlkdmRISnc3SFl3Q1E0T3hEM0s4ZHNhWS1KRW1KcVpvaC1MNmw4cGdUT2JtOUFQMGt5WFN6QnZIMGVKNVBDeHAyMEt5WEpMU0o3RXk0eTNTVlFNMVdBQUZBVUo5WENJZS1wNHdHN3ZudHVLZzVCbDJMOW84QUFKTXRIV29kMWNFbUZGZ0FZdFp4R2YtMzZDUjNNQlc1Z2VYSmtSWWVFX3JDVHBK?oc=5\" target=\"_blank\" rel=\"nofollow noopener\">\u00daltimo d\u00eda del mercado de fichajes, en directo: Ferm\u00edn, Antony, Lukebakio, Laporte, Uche, Carlos Soler, Bryan Gil, Nico Gonz\u00e1lez&#8230;<\/a>&nbsp;&nbsp;Cadena SER<\/li>\n<li><a href=\"https:\/\/news.google.com\/rss\/articles\/CBMiuAFBVV95cUxPUjVpTDJRV2FMemR5V2E2SUlFMnR5eFpwMWd6NmYzejdTNExJMlZXQlhvdEdUOFJQRlctcmFCT29Rc21Ob29fZTNULUd1Wmh3TF9CNGY5VUdoUExoaHVQbElBY3lTU2lsT0k4Wm9faFprNHNrZnViVWdMcHQxMnBTNDRNZW9kVHZmajJta000UmFwZ1FfUVNsbVBfUDJMQi1PRVB5dVVyZ3gydmtyREotOW1oWVd4NG940gG4AUFVX3lxTE1adXJUZTJLTVc3YzZ6Tmh4SW9YcTExdmozbmVsSDJ6amppRkNoWENPdzBoQVB4RFVFZUIwcFhZZ29VNjMtaXNhWHEwOC10Q1JCcjlGaXk3dXJOb2ZQRVJlUThLaUdiS2pDVzVtWnVfWDRtZUVya2JDNlBvVjJxS0dJU0h6MnV6SldVVHNILVRObTIxZTg0bjBoN3c2aDVvVlkxV3N3NXFiYWhFNGd5eS1DTm82OXFSMkY?oc=5\" target=\"_blank\" rel=\"nofollow noopener\">Noticias Deportes 14:00 (01\/09\/25)<\/a>&nbsp;&nbsp;Onda Cero<\/li>\n<li><a href=\"https:\/\/news.google.com\/rss\/articles\/CBMid0FVX3lxTE1VYUF3cXdBQks0RXdLOHdyTkIxeFFvUXBzeUxTNG81OXlybVpJZi05ZWFjN1JiNjd6aE9mT0ZnWDJHZS1EUTBTM0h4S25Pa2dfU2dVRndMS3Q4VUtUOWk3NlNpa1ZvcXpPNVFnYnV4UU1GdnVXcURF0gF3QVVfeXFMTjBfZE9PN1ktMVRteEcxSXlvUGlVZXF0X1ZZOWQxdGNlUGViVzVkajZQN2tMUWNhMUhDbnlaV0NyYnEyMHpkb0NVaUpIUWlSVDBBdEE1Z0dnam9vX3pYY1pmSU1wcFd1aHM1MDU2Qm1Fb0xSWFVxbDQ?oc=5\" target=\"_blank\" rel=\"nofollow noopener\">\u00bfCu\u00e1ndo se cierra el mercado de fichajes de verano? Fecha y hora<\/a>&nbsp;&nbsp;El Mundo<\/li>\n<\/ol>\n","protected":false},"excerpt":{"rendered":"Cierre del mercado de fichajes, en directo: altas, bajas, rumores y \u00faltima hora sobre Nico Gonz\u00e1lez, Isak, Akanji&hellip;\n","protected":false},"author":2,"featured_media":86613,"comment_status":"","ping_status":"","sticky":false,"template":"","format":"standard","meta":{"footnotes":""},"categories":[5],"tags":[17,18,4526,168,25,24,881,13,14,285,11,19,20,4525,9,10,15,16,1240,7792,4523,23,12,21,22],"class_list":{"0":"post-86612","1":"post","2":"type-post","3":"status-publish","4":"format-standard","5":"has-post-thumbnail","7":"category-titulares","8":"tag-breaking-news","9":"tag-breakingnews","10":"tag-bundesliga","11":"tag-deportes","12":"tag-es","13":"tag-espana","14":"tag-fc-barcelona","15":"tag-featured-news","16":"tag-featurednews","17":"tag-fichajes","18":"tag-headlines","19":"tag-latest-news","20":"tag-latestnews","21":"tag-ligue-1","22":"tag-news","23":"tag-noticias","24":"tag-noticias-destacadas","25":"tag-noticiasdestacadas","26":"tag-premier-league","27":"tag-real-madrid-cf","28":"tag-serie-a","29":"tag-spain","30":"tag-titulares","31":"tag-ultimas-noticias","32":"tag-ultimasnoticias"},"share_on_mastodon":{"url":"","error":""},"_links":{"self":[{"href":"https:\/\/www.europesays.com\/es\/wp-json\/wp\/v2\/posts\/86612","targetHints":{"allow":["GET"]}}],"collection":[{"href":"https:\/\/www.europesays.com\/es\/wp-json\/wp\/v2\/posts"}],"about":[{"href":"https:\/\/www.europesays.com\/es\/wp-json\/wp\/v2\/types\/post"}],"author":[{"embeddable":true,"href":"https:\/\/www.europesays.com\/es\/wp-json\/wp\/v2\/users\/2"}],"replies":[{"embeddable":true,"href":"https:\/\/www.europesays.com\/es\/wp-json\/wp\/v2\/comments?post=86612"}],"version-history":[{"count":0,"href":"https:\/\/www.europesays.com\/es\/wp-json\/wp\/v2\/posts\/86612\/revisions"}],"wp:featuredmedia":[{"embeddable":true,"href":"https:\/\/www.europesays.com\/es\/wp-json\/wp\/v2\/media\/86613"}],"wp:attachment":[{"href":"https:\/\/www.europesays.com\/es\/wp-json\/wp\/v2\/media?parent=86612"}],"wp:term":[{"taxonomy":"category","embeddable":true,"href":"https:\/\/www.europesays.com\/es\/wp-json\/wp\/v2\/categories?post=86612"},{"taxonomy":"post_tag","embeddable":true,"href":"https:\/\/www.europesays.com\/es\/wp-json\/wp\/v2\/tags?post=86612"}],"curies":[{"name":"wp","href":"https:\/\/api.w.org\/{rel}","templated":true}]}}