{"id":86614,"date":"2025-09-01T18:07:15","date_gmt":"2025-09-01T18:07:15","guid":{"rendered":"https:\/\/www.europesays.com\/es\/86614\/"},"modified":"2025-09-01T18:07:15","modified_gmt":"2025-09-01T18:07:15","slug":"el-segoviano-diego-calores-gana-el-concurso-nacional-de-cortes-de-medina-del-campo","status":"publish","type":"post","link":"https:\/\/www.europesays.com\/es\/86614\/","title":{"rendered":"El segoviano Diego Calores gana el concurso nacional de cortes de Medina del Campo"},"content":{"rendered":"<p>Espectacular el festejo celebrado en Medina del Campo para dar comienzo a sus fiestas de San Antol\u00edn, con un ayuntamiento y una empresa que consiguieron  &#8230; llenar la plaza, al traer una espectacular novillada, bien presentada, brava y muy noble, que hizo que la plaza del Coso del Arrabal vibrara, poni\u00e9ndose en pie en multitud de ocasiones. <\/p>\n<p class=\"v-p\">Los recortadores no se dejaron nada en el tintero, ajustando lo imposible ante los bravos toros de Lorenzo Rodr\u00edguez Espioja, un ganadero que presenci\u00f3 desde el callej\u00f3n la brava novillada tra\u00edda a Medina, de la cual estaba muy contento. \u00abSab\u00eda que no pod\u00eda fallar y Medina se merece estos novillos, es la cuna del corte y me voy muy satisfecho\u00bb, se\u00f1alaba un ganadero al que hicieron salir al ruedo y los recortadores hicieron pasillo con la plaza de toros puesta en pie, los 7.000 espectadores aplaudiendo a rabiar.<\/p>\n<p class=\"v-p\">Lleno absoluto en la plaza de toros de Medina para presenciar el concurso nacional de Cortes &#8216;La cuna del corte puro&#8217;, con seis toros del salmantino Lorenzo Rodr\u00edguez Espioja, con procedencia Domecq, bien presentados y bravos en general, con un premio para el ganador de 6.000 euros, con 28 recortadores venidos de toda Espa\u00f1a y con un formato de tiempo cronometrado de dos minutos para cada recortador. Al final, Diego Calores, segoviano, se alz\u00f3 con el triunfo, quedando en segunda posici\u00f3n el navarr\u00e9s Aitor Barrag\u00e1n.<\/p>\n<p class=\"v-p\">El primer grupo lo compusieron Felipe de la Viuda, Dani Alonso, Sergio Garc\u00eda, Adri\u00e1n Lambas, Fernando Polo, Alejandro Mu\u00f1oz y Mario Parrado, con un utrero de capa casta\u00f1a claro, gordo y con morrillo bociblanco de nombre &#8216;Bonito&#8217;, un toro que en la primera ronda fue bueno complic\u00e1ndose en la segunda ronda, estando todos espectacular, sobre todo el primero de Dani Alonso, con la parte negativa de la cogida de Alejandro Mu\u00f1oz <\/p>\n<p class=\"v-p\">En el segundo grupo Julio Upegui, Cristian Moras, Javier Gravelina, Luis G\u00f3mez, Pablo Mart\u00edn Guindi, Diego Calores y Roberto Redondo con utrero de capa negra de nombre &#8216;Lolito&#8217;, con hechuras de toro, muy bien presentado y de una calidad buen\u00edsima, no pudo ser mejor el toro, lo que ayud\u00f3 a que se viera una ronda espectacular, con buen\u00edsimos cortes gracias a la facilidad del toro que parec\u00eda un caret\u00f3n, con un Guindi que fue con raza y puso en dos ocasiones la plaza en pie, poni\u00e9ndoselo muy dif\u00edcil para el jurado porque corte a corte se mejoraba el anterior. La primera y segunda ronda no daban para poner el cron\u00f3metro, una ronda dif\u00edcil de evaluar y que puso la plaza en pie, y aunque la tercera ronda perdi\u00f3 fuelle el toro, la calidad no la perdi\u00f3 poniendo a toda la plaza en pie con una ovaci\u00f3n de \u00f3rgano para el buen toro de Espioja. <\/p>\n<p class=\"v-p\">El tercer grupo lo formaron Roberto Vidal, Jose Manuel Medina, Javier Manso Balotelli, Luismi Coco, Aaron Moreno, Francisco Pisador y Sergio Valle, ante un toro de capa casta\u00f1a albardado, de nombre &#8216;Velador&#8217;, otro toro muy bonito tambi\u00e9n, con m\u00e1s picante que el hermano anterior, un toro con mucha codicia, que sal\u00eda con un \u00edmpetu tremendo y no par\u00f3 ni un segundo, bravo y serio el de Espioja. <\/p>\n<p class=\"v-p\">El cuarto grupo estuvo formado por Iker Carrasco, Layon Beltron, Jos\u00e9 Mar\u00eda Carreras, Aitor Barrag\u00e1n, Noel Rivera, Oliver Garc\u00eda y Roberto Alegre, ante un novillo de capa colorado chorreado ojo perdiz, de nombre &#8216;Guitanillo&#8217;, destacando un gran corte de Oliver Garc\u00eda, sin desmerecer la primera ronda de todos porque todos fueron a por todas, tanto fue as\u00ed que result\u00f3 cogido espectacularmente Oliver. Pero all\u00ed estaba Dani Mart\u00edn para coger el capote salvador y apartar al novillo antes de que se cebara con \u00e9l, llev\u00e1ndose una atronadora ovaci\u00f3n con los 7.000 espectadores puestos en pie, con Oliver en el centro pidiendo perd\u00f3n, un perd\u00f3n que no corresponde cuando el bravo iscar\u00edense hizo todo lo que hab\u00eda que hacer para estar en la final, que es darlo todo.<\/p>\n<p class=\"v-p\">Pasaron seg\u00fan el jurado a semifinales Dani Alonso, Roberto Redondo, Aaron Moreno, Noel Rivera, Fernando Polo, Pablo Mart\u00edn cediendo a Diego Calores, Javier Manso Balotelli y Aitor Barrag\u00e1n, ante otro serio toro de nombre &#8216;Sevillano&#8217;, de capa negra, un toro tambi\u00e9n con calidad pero al que le sobr\u00f3 la tercera ronda, en una semifinal en la que tambi\u00e9n se la jugaron y donde tambi\u00e9n result\u00f3 cogido Roberto Redondo, pasando a la enfermer\u00eda con un fuerte golpe en la pierna derecha que le impidi\u00f3 segui. Afortunadamente, volvi\u00f3 al ruedo poco despu\u00e9s para saludar.<\/p>\n<p class=\"v-p\">En esta ronda Dani Alonso rompi\u00f3 al toro en el centro con un espectacular corte por el pit\u00f3n derecho, pero todos iban a vaciarse y los j\u00f3venes Fernando Polo y el navarr\u00e9s Aitor Barrag\u00e1n pusieron la plaza en pie, este \u00faltimo en un corte donde era m\u00e1s f\u00e1cil resultar cogido que pasar el toro.<\/p>\n<p>\nLa tarde estaba ya tan caliente que el p\u00fablico se volv\u00eda loco ante las embestidas del de Espioja y los ajustad\u00edsimos cortes de los j\u00f3venes\n<\/p>\n<p class=\"v-p\">Para la final solo pod\u00edan pasar dos y estos fueron Diego Calores y Dani Alonso, que un gesto que le engrandece le dio el pase al navarr\u00e9s Aitor Barrag\u00e1n, ante un toro casta\u00f1o, un se\u00f1or toro, al que recibi\u00f3 Diego con un precioso corte por el pit\u00f3n derecho, respondiendo Aitor por el mismo pit\u00f3n, no dando tiempo al toro. La tarde estaba ya tan caliente que el p\u00fablico se volv\u00eda loco ante las embestidas del de Espioja y los ajustad\u00edsimos cortes de los j\u00f3venes, el segoviano y el navarr\u00e9s, que pusieron en pie al respetable en una final que ser\u00e1 recordada y en la que fueron m\u00faltiples los ajustad\u00edsimos cortes. <\/p>\n<p class=\"v-p\">Era imposible pasar y pasaban y aqu\u00ed los dos se sintieron ganadores, d\u00e1ndose un abrazo con m\u00e1s de un minuto de ovaci\u00f3n, ante un toro que ser\u00e1 recordado. Tan bueno era el toro y tan bien se lo estaba la gente pasando que Dani Alonso, despu\u00e9s de que hubieran acabado la ronda, le peg\u00f3 un espectacular corte llevando al toro en carrera, y entonces la plaza entera empez\u00f3 a gritar \u00abGuindi, Guindi, Guindi\u00bb, que era el que hab\u00eda cedido el puesto a Diego Calores, y all\u00ed fue y se lo peg\u00f3, con la casta que hab\u00eda tenido en las rondas. Ya animada la cosa, el director de Lidia, Daniel Mart\u00edn, que estuvo soberbio en las tres cogidas, deleit\u00f3 a la plaza con el capote, acabando Fran Leguiche saltando al toro para meterlo en chiqueros.<\/p>\n<p class=\"v-p\">Al final, el jurado decidi\u00f3 que el ganador del concurso nacional de cortes de Medina del Campo fuera a parar a Segovia, al joven Diego Calores, quedando en segunda posici\u00f3n el navarr\u00e9s Aitor Barrag\u00e1n. As\u00ed acab\u00f3 el festejo de Medina del Campo con un p\u00fablico totalmente entusiasmado en un concurso que pasar\u00e1 a la historia por la bravura de los toros y el espect\u00e1culo que dieron todos los cortadores.<\/p>\n","protected":false},"excerpt":{"rendered":"Espectacular el festejo celebrado en Medina del Campo para dar comienzo a sus fiestas de San Antol\u00edn, con&hellip;\n","protected":false},"author":2,"featured_media":86615,"comment_status":"","ping_status":"","sticky":false,"template":"","format":"standard","meta":{"footnotes":""},"categories":[277],"tags":[373,32052,5716,4023,12706,168,15477,25,24,4355,769,813,32051,23,167,374],"class_list":{"0":"post-86614","1":"post","2":"type-post","3":"status-publish","4":"format-standard","5":"has-post-thumbnail","7":"category-toreo","8":"tag-bullfighting","9":"tag-calores","10":"tag-campo","11":"tag-concurso","12":"tag-cortes","13":"tag-deportes","14":"tag-diego","15":"tag-es","16":"tag-espana","17":"tag-gana","18":"tag-medina","19":"tag-nacional","20":"tag-segoviano","21":"tag-spain","22":"tag-sports","23":"tag-toreo"},"share_on_mastodon":{"url":"","error":""},"_links":{"self":[{"href":"https:\/\/www.europesays.com\/es\/wp-json\/wp\/v2\/posts\/86614","targetHints":{"allow":["GET"]}}],"collection":[{"href":"https:\/\/www.europesays.com\/es\/wp-json\/wp\/v2\/posts"}],"about":[{"href":"https:\/\/www.europesays.com\/es\/wp-json\/wp\/v2\/types\/post"}],"author":[{"embeddable":true,"href":"https:\/\/www.europesays.com\/es\/wp-json\/wp\/v2\/users\/2"}],"replies":[{"embeddable":true,"href":"https:\/\/www.europesays.com\/es\/wp-json\/wp\/v2\/comments?post=86614"}],"version-history":[{"count":0,"href":"https:\/\/www.europesays.com\/es\/wp-json\/wp\/v2\/posts\/86614\/revisions"}],"wp:featuredmedia":[{"embeddable":true,"href":"https:\/\/www.europesays.com\/es\/wp-json\/wp\/v2\/media\/86615"}],"wp:attachment":[{"href":"https:\/\/www.europesays.com\/es\/wp-json\/wp\/v2\/media?parent=86614"}],"wp:term":[{"taxonomy":"category","embeddable":true,"href":"https:\/\/www.europesays.com\/es\/wp-json\/wp\/v2\/categories?post=86614"},{"taxonomy":"post_tag","embeddable":true,"href":"https:\/\/www.europesays.com\/es\/wp-json\/wp\/v2\/tags?post=86614"}],"curies":[{"name":"wp","href":"https:\/\/api.w.org\/{rel}","templated":true}]}}