{"id":86666,"date":"2025-09-01T18:42:09","date_gmt":"2025-09-01T18:42:09","guid":{"rendered":"https:\/\/www.europesays.com\/es\/86666\/"},"modified":"2025-09-01T18:42:09","modified_gmt":"2025-09-01T18:42:09","slug":"como-esta-y-que-hace-hoy-prince-jackson-el-hijo-mayor-del-rey-del-pop","status":"publish","type":"post","link":"https:\/\/www.europesays.com\/es\/86666\/","title":{"rendered":"C\u00f3mo est\u00e1 y qu\u00e9 hace hoy Prince Jackson, el hijo mayor del \u201cRey del Pop\u201d"},"content":{"rendered":"<p><img alt=\"El primog\u00e9nito del 'Rey del\" class=\"global-image\" decoding=\"async\" fetchpriority=\"high\" height=\"1080\" loading=\"eager\" src=\"https:\/\/www.europesays.com\/es\/wp-content\/uploads\/2025\/09\/VQFS4P2L6VFSTECDPPDO2CMVHU.jpg\" width=\"1920\"\/>El primog\u00e9nito del &#8216;Rey del Pop&#8217; combina su herencia millonaria con proyectos filantr\u00f3picos y una vida alejada de los focos (Imagen Prince Jackson Instagram)<\/p>\n<p class=\"paragraph\">La vida de <b>Michael Joseph Jackson Jr.<\/b>, conocido como Prince, volvi\u00f3 a captar la atenci\u00f3n p\u00fablica tras el <a rel=\"noopener noreferrer nofollow\" href=\"https:\/\/www.infobae.com\/entretenimiento\/2025\/08\/27\/hijo-de-michael-jackson-ha-anunciado-su-compromiso-con-molly-schirmang-tras-ocho-anos-de-relacion\/\" target=\"_blank\" title=\"https:\/\/www.infobae.com\/entretenimiento\/2025\/08\/27\/hijo-de-michael-jackson-ha-anunciado-su-compromiso-con-molly-schirmang-tras-ocho-anos-de-relacion\/\">anuncio de su compromiso con <b>Molly Schirmang<\/b><\/a>, su pareja desde hace ocho a\u00f1os. La noticia, difundida a trav\u00e9s de sus redes sociales, mostr\u00f3 a un hombre que, lejos de la<a rel=\"noopener noreferrer nofollow\" href=\"https:\/\/www.infobae.com\/entretenimiento\/2024\/03\/28\/los-hijos-de-michael-jackson-se-reunieron-en-un-evento-publico-por-primera-vez-en-12-anos\/\" target=\"_blank\" title=\"https:\/\/www.infobae.com\/entretenimiento\/2024\/03\/28\/los-hijos-de-michael-jackson-se-reunieron-en-un-evento-publico-por-primera-vez-en-12-anos\/\"> exposici\u00f3n medi\u00e1tica de su infancia<\/a>, busc\u00f3 consolidar una identidad propia y un camino estable.<\/p>\n<p class=\"paragraph\">En su mensaje, publicado en Instagram, Prince expres\u00f3 que con Schirmang comparti\u00f3 viajes, estudios y proyectos, y que ahora ambos se preparan para \u201cun nuevo cap\u00edtulo\u201d en sus vidas. <b>La pareja comenz\u00f3 su relaci\u00f3n en marzo de 2017<\/b>, cuando estudiaban en la Universidad Loyola Marymount, en Los \u00c1ngeles. Dos a\u00f1os despu\u00e9s se graduaron y desde entonces mantuvieron un perfil bajo en lo p\u00fablico. La relaci\u00f3n no fue tema recurrente en los medios, en gran parte porque <b>Prince opt\u00f3 por mantener su vida privada alejada de la din\u00e1mica que rodea a su hermana Paris<\/b>, m\u00e1s activa en el mundo art\u00edstico.<\/p>\n<p class=\"paragraph\">Prince naci\u00f3 el <b>13 de febrero de 1997<\/b>, fruto del matrimonio de Michael Jackson con la enfermera Debbie Rowe. Creci\u00f3 bajo la sombra de uno de los artistas m\u00e1s famosos del mundo y enfrent\u00f3, junto a sus hermanos, el impacto medi\u00e1tico que supuso la muerte de su padre en 2009. Ten\u00eda 12 a\u00f1os cuando ocurri\u00f3 el deceso, tras lo cual qued\u00f3 bajo el cuidado de su abuela Katherine. Desde entonces, intent\u00f3 construir un camino propio, sin renegar de su herencia pero tampoco explot\u00e1ndola de forma directa. <\/p>\n<p><img alt=\"A diferencia de su hermana\" class=\"global-image\" decoding=\"async\" fetchpriority=\"low\" height=\"1080\" loading=\"lazy\" src=\"https:\/\/www.europesays.com\/es\/wp-content\/uploads\/2025\/09\/6JIOTYO2VVFY7F7WWJDPF6JGC4.jpg\" width=\"1920\"\/>A diferencia de su hermana Paris, Prince Jackson mantiene un perfil bajo y se enfoca en la producci\u00f3n audiovisual y la filantrop\u00eda (Composici\u00f3n fotogr\u00e1fica)<\/p>\n<p class=\"paragraph\">El aspecto econ\u00f3mico marc\u00f3 su vida. Conforme detall\u00f3 El Mundo, cuando <b>Michael Jackson falleci\u00f3 dej\u00f3 estipulado que el 40% de su legado <\/b>ser\u00eda para su madre Katherine, otro 40% para sus hijos Prince, Paris y Bigi, y el 20% restante para obras ben\u00e9ficas. Seg\u00fan c\u00e1lculos de medios estadounidenses, cada uno de los tres hijos recibe una asignaci\u00f3n anual cercana a los ocho millones de d\u00f3lares. Adem\u00e1s, estimaciones como las de Celebrity Net Worth sit\u00faan la fortuna personal de Prince en alrededor de 150 millones de d\u00f3lares.<\/p>\n<p class=\"paragraph\">Aun con esa seguridad financiera, Prince busc\u00f3 actividades propias. <b>Hizo una breve aparici\u00f3n como actor a los 11 a\u00f1os en la serie 90210<\/b>, particip\u00f3 como corresponsal invitado en el programa Entertainment Tonight y m\u00e1s tarde incursion\u00f3 en documentales sobre la figura de su padre. Sin embargo, seg\u00fan precis\u00f3 El Mundo, su mayor inter\u00e9s se volc\u00f3 hacia la producci\u00f3n audiovisual: fund\u00f3 King\u2019s Son Productions, una compa\u00f1\u00eda destinada a crear videoclips y otros contenidos relacionados con la m\u00fasica.<\/p>\n<p class=\"paragraph\">El terreno donde m\u00e1s se destac\u00f3 es el filantr\u00f3pico. Mientras cursaba estudios universitarios, <b>Prince cofund\u00f3 junto a un compa\u00f1ero la organizaci\u00f3n ben\u00e9fica <\/b>Heal Los Angeles Foundation. El objetivo central de la entidad es combatir el hambre, la falta de vivienda y el abuso infantil en barrios vulnerables de la ciudad. Inspirada en la labor caritativa de Michael Jackson, la fundaci\u00f3n se convirti\u00f3 en el proyecto que mejor refleja los intereses personales del primog\u00e9nito del artista, detall\u00f3 El Independiente. <\/p>\n<p><img alt=\"Prince Jackson, hijo mayor de\" class=\"global-image\" decoding=\"async\" fetchpriority=\"low\" height=\"1080\" loading=\"lazy\" src=\"https:\/\/www.europesays.com\/es\/wp-content\/uploads\/2025\/09\/KLAZ4DGWNRCY7FT43HJXFMMXDM.jpg\" width=\"1920\"\/>Prince Jackson, hijo mayor de Michael Jackson, anuncia su compromiso con Molly Schirmang tras ocho a\u00f1os de relaci\u00f3n (Instagram\/@princejackson)<\/p>\n<p class=\"paragraph\">Tambi\u00e9n, Prince desarroll\u00f3 intereses m\u00e1s personales. Una de sus pasiones son las motos, un hobby que lo llev\u00f3 a compartir experiencias en un canal de YouTube en el que mostraba traves\u00edas y reflexiones sobre ese mundo. Aunque ya no publica con la misma frecuencia,<b> esa faceta evidenci\u00f3 una b\u00fasqueda de identidad distinta a la de su padre<\/b> o su hermana, ligada m\u00e1s al disfrute individual que a la exposici\u00f3n p\u00fablica.<\/p>\n<p class=\"paragraph\">La noticia de su compromiso marca un nuevo hito en la vida de Prince. Aunque se desconocen los detalles de la boda con Molly Schirmang, medios como People se\u00f1alaron que la joven fue una influencia positiva en su vida, al aportarle equilibrio y motivarlo a observar las situaciones desde perspectivas diferentes. A diferencia de Paris, que se movi\u00f3 entre la m\u00fasica, la moda y el cine, <b>Prince prefiri\u00f3 transitar un camino de bajo perfil<\/b>, m\u00e1s cercano a proyectos de impacto social que a la fama. <\/p>\n<p class=\"paragraph\">Hoy, con 28 a\u00f1os, el hijo mayor del \u201cRey del Pop\u201d mantiene una vida que <b>combina la comodidad econ\u00f3mica heredada<\/b> con un inter\u00e9s claro por la filantrop\u00eda y el trabajo detr\u00e1s de c\u00e1maras. Su compromiso con Schirmang lo ubica en una etapa de madurez personal, lejos de los esc\u00e1ndalos que hist\u00f3ricamente rodearon al apellido Jackson.<\/p>\n<p><img alt=\"Prince Jackson y Molly Schirmang\" class=\"global-image\" decoding=\"async\" fetchpriority=\"low\" height=\"781\" loading=\"lazy\" src=\"https:\/\/www.europesays.com\/es\/wp-content\/uploads\/2025\/09\/LHPCH2T27FFEPBKDLXX7ALFAPE.jpg\" width=\"1200\"\/>Prince Jackson y Molly Schirmang se conocieron en la Universidad Loyola Marymount y mantienen una relaci\u00f3n estable y discreta (Instagram\/@princejackson)<\/p>\n<p class=\"paragraph\"><b>El futuro de Prince se proyecta en dos direcciones<\/b>: por un lado, el desarrollo de su fundaci\u00f3n ben\u00e9fica, que busca consolidarse como un referente local en Los \u00c1ngeles; por otro, la vida privada que logr\u00f3 preservar junto a su pareja. En medio de la atenci\u00f3n que cada paso de los Jackson despierta, el primog\u00e9nito de Michael parece haber encontrado un balance propio.<\/p>\n","protected":false},"excerpt":{"rendered":"El primog\u00e9nito del &#8216;Rey del Pop&#8217; combina su herencia millonaria con proyectos filantr\u00f3picos y una vida alejada de&hellip;\n","protected":false},"author":2,"featured_media":86667,"comment_status":"","ping_status":"","sticky":false,"template":"","format":"standard","meta":{"footnotes":""},"categories":[170],"tags":[146,147,25,24,186,184,185,29474,23],"class_list":{"0":"post-86666","1":"post","2":"type-post","3":"status-publish","4":"format-standard","5":"has-post-thumbnail","7":"category-musica","8":"tag-entertainment","9":"tag-entretenimiento","10":"tag-es","11":"tag-espana","12":"tag-michael-jackson","13":"tag-music","14":"tag-musica","15":"tag-prince-jackson","16":"tag-spain"},"share_on_mastodon":{"url":"","error":""},"_links":{"self":[{"href":"https:\/\/www.europesays.com\/es\/wp-json\/wp\/v2\/posts\/86666","targetHints":{"allow":["GET"]}}],"collection":[{"href":"https:\/\/www.europesays.com\/es\/wp-json\/wp\/v2\/posts"}],"about":[{"href":"https:\/\/www.europesays.com\/es\/wp-json\/wp\/v2\/types\/post"}],"author":[{"embeddable":true,"href":"https:\/\/www.europesays.com\/es\/wp-json\/wp\/v2\/users\/2"}],"replies":[{"embeddable":true,"href":"https:\/\/www.europesays.com\/es\/wp-json\/wp\/v2\/comments?post=86666"}],"version-history":[{"count":0,"href":"https:\/\/www.europesays.com\/es\/wp-json\/wp\/v2\/posts\/86666\/revisions"}],"wp:featuredmedia":[{"embeddable":true,"href":"https:\/\/www.europesays.com\/es\/wp-json\/wp\/v2\/media\/86667"}],"wp:attachment":[{"href":"https:\/\/www.europesays.com\/es\/wp-json\/wp\/v2\/media?parent=86666"}],"wp:term":[{"taxonomy":"category","embeddable":true,"href":"https:\/\/www.europesays.com\/es\/wp-json\/wp\/v2\/categories?post=86666"},{"taxonomy":"post_tag","embeddable":true,"href":"https:\/\/www.europesays.com\/es\/wp-json\/wp\/v2\/tags?post=86666"}],"curies":[{"name":"wp","href":"https:\/\/api.w.org\/{rel}","templated":true}]}}