{"id":86717,"date":"2025-09-01T19:15:09","date_gmt":"2025-09-01T19:15:09","guid":{"rendered":"https:\/\/www.europesays.com\/es\/86717\/"},"modified":"2025-09-01T19:15:09","modified_gmt":"2025-09-01T19:15:09","slug":"kadetten-ademar-el-14-de-octubre","status":"publish","type":"post","link":"https:\/\/www.europesays.com\/es\/86717\/","title":{"rendered":"Kadetten-Ademar, el 14 de octubre"},"content":{"rendered":"<p>                                    <img decoding=\"async\" loading=\"lazy\" src=\"https:\/\/www.europesays.com\/es\/wp-content\/uploads\/2025\/08\/65f85562cf2a7.jpeg\" alt=\"\u00c1ngel Fraguas\" width=\"40\" height=\"40\" data-full-src=\"https:\/\/www.europesays.com\/es\/wp-content\/uploads\/2025\/08\/65f85562cf2a7.jpeg\"\/><\/p>\n<p class=\"paragraph\">El Abanca Ademar se estrenar\u00e1 en la Liga Europa en la pista del Kadetten Schaffhausen suizo el martes 14 de octubre, cerrando la competici\u00f3n en el grupo H, tambi\u00e9n a domicilio, en el terreno del Nexe croata el 2 de diciembre, en una fase que se prolongar\u00e1 durante los meses de octubre, noviembre y diciembre.<\/p>\n<p class=\"paragraph\">El conjunto leon\u00e9s, que accedi\u00f3 en esta temporada directamente a la fase de grupos, sin tener que lograr su clasificaci\u00f3n en una eliminatoria previa como la pasada campa\u00f1a cuando ape\u00f3 al ABC Braga portugu\u00e9s, se estrenar\u00e1 como local el 21 de octubre recibiendo al equipo croata.<\/p>\n<p class=\"paragraph\">Ademar comparte grupo, adem\u00e1s de con el campe\u00f3n de liga suizo, en el que milita su excapit\u00e1n, Juan Castro, y el conjunto balc\u00e1nico, con el ganador de la eliminatoria que enfrenta al Partiz\u00e1n de Belgrado y Banik Karvina checo, con victoria 31-27 de los primeros en la capital serbia, a falta del partido de vuelta.<\/p>\n<p class=\"paragraph\">Ser\u00e1 la segunda participaci\u00f3n consecutiva de los ademaristas en la segunda competici\u00f3n continental en la que se estrenaron la pasada temporada y donde tan solo fueron capaces de vencer en uno de los encuentros de su grupo al Gorenje Velenje esloveno en Le\u00f3n, para ceder en los dos encuentros ante el GOG dan\u00e9s y el Kriens Luzern suizo.<\/p>\n<p class=\"paragraph\">El entrenador del Abanca Ademar, Dani Gordo, destaca el \u00abcambio de cara\u00bb ofrecido por su equipo en la lucha por el tercer y cuarto puesto de la IV Supercopa Ib\u00e9rica ante el FC Porto pese a la derrota por 28-23. \u00abSi ante el Sporting en semifinales solo competimos la primera parte y en la segunda nos pasaron por encima, ante el Porto ha sido al contrario, despu\u00e9s de ir perdiendo por seis goles en la primera parte tambi\u00e9n por errores de lanzamientos e imprecisiones, en la segunda el equipo mostr\u00f3 otra cara bien diferente, sobre todo en defensa, sabiendo sacar r\u00e9dito de sus tarjetas rojas\u00bb, se\u00f1ala. Para Gordo esta competici\u00f3n ha supuesto una \u00abradiograf\u00eda de los aspectos positivos que tiene el equipo y tambi\u00e9n de las cosas que debe mejorar de cara al inminente inicio de la liga. El equipo mostr\u00f3 \u00abagresividad y contundencia defensiva, lo que se tradujo en una mejora clara de los n\u00fameros\u00bb, afirma.<\/p>\n","protected":false},"excerpt":{"rendered":"El Abanca Ademar se estrenar\u00e1 en la Liga Europa en la pista del Kadetten Schaffhausen suizo el martes&hellip;\n","protected":false},"author":2,"featured_media":86718,"comment_status":"","ping_status":"","sticky":false,"template":"","format":"standard","meta":{"footnotes":""},"categories":[278],"tags":[5871,376,168,25,24,13447,375,4108,31445,23,167,6679],"class_list":{"0":"post-86717","1":"post","2":"type-post","3":"status-publish","4":"format-standard","5":"has-post-thumbnail","7":"category-balonmano","8":"tag-ademar","9":"tag-balonmano","10":"tag-deportes","11":"tag-es","12":"tag-espana","13":"tag-europa-league","14":"tag-handball","15":"tag-leon","16":"tag-liga-europa","17":"tag-spain","18":"tag-sports","19":"tag-suiza"},"share_on_mastodon":{"url":"","error":""},"_links":{"self":[{"href":"https:\/\/www.europesays.com\/es\/wp-json\/wp\/v2\/posts\/86717","targetHints":{"allow":["GET"]}}],"collection":[{"href":"https:\/\/www.europesays.com\/es\/wp-json\/wp\/v2\/posts"}],"about":[{"href":"https:\/\/www.europesays.com\/es\/wp-json\/wp\/v2\/types\/post"}],"author":[{"embeddable":true,"href":"https:\/\/www.europesays.com\/es\/wp-json\/wp\/v2\/users\/2"}],"replies":[{"embeddable":true,"href":"https:\/\/www.europesays.com\/es\/wp-json\/wp\/v2\/comments?post=86717"}],"version-history":[{"count":0,"href":"https:\/\/www.europesays.com\/es\/wp-json\/wp\/v2\/posts\/86717\/revisions"}],"wp:featuredmedia":[{"embeddable":true,"href":"https:\/\/www.europesays.com\/es\/wp-json\/wp\/v2\/media\/86718"}],"wp:attachment":[{"href":"https:\/\/www.europesays.com\/es\/wp-json\/wp\/v2\/media?parent=86717"}],"wp:term":[{"taxonomy":"category","embeddable":true,"href":"https:\/\/www.europesays.com\/es\/wp-json\/wp\/v2\/categories?post=86717"},{"taxonomy":"post_tag","embeddable":true,"href":"https:\/\/www.europesays.com\/es\/wp-json\/wp\/v2\/tags?post=86717"}],"curies":[{"name":"wp","href":"https:\/\/api.w.org\/{rel}","templated":true}]}}