{"id":86721,"date":"2025-09-01T19:18:10","date_gmt":"2025-09-01T19:18:10","guid":{"rendered":"https:\/\/www.europesays.com\/es\/86721\/"},"modified":"2025-09-01T19:18:10","modified_gmt":"2025-09-01T19:18:10","slug":"ee-uu-ya-tiene-equipo-para-la-ryder-y-no-esta-keegan-bradley","status":"publish","type":"post","link":"https:\/\/www.europesays.com\/es\/86721\/","title":{"rendered":"EE UU ya tiene equipo para la Ryder&#8230; y no est\u00e1 Keegan Bradley"},"content":{"rendered":"<p class=\"\">Estados Unidos ya tiene su equipo al completo para la pr\u00f3xima Ryder Cup&#8230; y<b> <\/b><a href=\"https:\/\/as.com\/masdeporte\/keegan-bradley-convierte-la-ryder-cup-en-una-cuestion-moral-n\/\" target=\"_self\" rel=\"nofollow noopener\" title=\"https:\/\/as.com\/masdeporte\/keegan-bradley-convierte-la-ryder-cup-en-una-cuestion-moral-n\/\"><b>Keegan Bradley<\/b><\/a><b> solo figurar\u00e1 en \u00e9l como capit\u00e1n.<\/b> El que quiz\u00e1 sea el anuncio que m\u00e1s expectativas hab\u00eda generado en los \u00faltimos tiempos, precisamente por la posibilidad de que <b>Bradley se convirtiera en el primer capit\u00e1n-jugador de la bienal desde Arnold Palmer en 1963<\/b>, termin\u00f3 siendo uno al uso. <\/p>\n<p class=\"\">Bradley descart\u00f3 finalmente el doble rol, pese a que d\u00edas antes hab\u00eda asegurado contar con el respaldo de varios vice-capitanes y jugadores en caso de que decidiera asumirlo. <b>Finalmente ser\u00e1n Justin Thomas, Collin Morikawa, Ben Griffin, Sam Burns, Patrick Cantlay y Cameron Young<\/b> quienes se unan a los seis ya clasificados autom\u00e1ticamente, Scottie Scheffler, Bryson DeChambeau, Xander Schauffele, Russell Henley, J. J. Spaun y Harris English. <\/p>\n<p class=\"\">As\u00ed, el equipo norteamericano que se alinear\u00e1 en Bethpage Black (Nueva York, EE UU), del 26 al 28 de septiembre <b>contar\u00e1 con cinco novatos entre sus doce jugadores<\/b>, a saber Young, Griffin, Henley, Spaun y Harris English. Todos tienen <b>motivos de peso para haber desplazado en el grupo a jugadores con mucho peso<\/b> en los \u00faltimos tiempos como Jordan Spieth, y a otros como Wyndham Clark o Brian Harman, ganadores de majors que formaron parte de la debacle en Roma hace dos a\u00f1os. <\/p>\n<p class=\"\">Con Young, Bradley tendr\u00e1 a <b>uno de los hombres m\u00e1s en forma en el \u00faltimo tramo de la temporada<\/b>, en el que sum\u00f3 su primer triunfo en el PGA (en el Wyndham Championship) tras acumular varios segundos puestos en temporadas anteriores; <b>con Griffin a uno que ha dado un salto exponencial este curso<\/b>, en el que ha sumado dos triunfos (Charles Schwab y Zurich Classic) y diez top-10; <b>con Henley a uno de los m\u00e1s s\u00f3lidos del panorama actual<\/b>, autor de 30 top-5 y 58 top-10 en su carrera, campe\u00f3n este a\u00f1o del API; <b>con Morikawa y Thomas, a dos campeones de grandes con amplia experiencia<\/b> en esta competici\u00f3n, aunque lleven tiempo en busca de su mejor versi\u00f3n; y <b>con Cantlay y Burns, adem\u00e1s de otros dos golfistas de mucha enjundia, dos piezas de vestuario importantes <\/b>a la hora de cuadrar emparejamientos, \u00edntimos amigo de Schauffele y Morikawa el primero y de Scheffler el segundo. <\/p>\n<p class=\"\">Por su parte <b>Luke Donald, capit\u00e1n del equipo europeo por segunda edici\u00f3n seguida, dar\u00e1 sus elecciones el pr\u00f3ximo lunes 1 de septiembre<\/b>. En su caso, no hay dilema de por medio sobre su posici\u00f3n. Ser\u00e1 solo capit\u00e1n y tiene el panorama a priori m\u00e1s despejado. La gran inc\u00f3gnita, especialmente en clave espa\u00f1ola, ser\u00e1 comprobar si considera suficientes los esfuerzos hechos por Sergio Garc\u00eda este a\u00f1o para volver a formar parte del equipo del que, cabe recordar, es el m\u00e1ximo anotador hist\u00f3rico con 28,5 puntos.<\/p>\n<p>Noticias relacionadas<\/p>\n<p class=\"\"><b>\u00a1Tus opiniones importan!<\/b> Comenta en los art\u00edculos y suscr\u00edbete gratis a nuestra <a href=\"https:\/\/asfan.as.com\/newsletters\/\" target=\"_blank\" rel=\"nofollow noopener\" title=\"https:\/\/asfan.as.com\/newsletters\/\">newsletter<\/a> y a las alertas informativas en la <a href=\"https:\/\/as.com\/aplicacion-de-as-n\/\" target=\"_blank\" rel=\"nofollow noopener\" title=\"https:\/\/as.com\/aplicacion-de-as-n\/\">App<\/a> o el canal de <a href=\"https:\/\/www.whatsapp.com\/channel\/0029VaAasdA7j6g745nz9M10\" target=\"_blank\" rel=\"nofollow noopener\" title=\"https:\/\/www.whatsapp.com\/channel\/0029VaAasdA7j6g745nz9M10\">WhatsApp<\/a>.<\/p>\n<p class=\"\">\u00bfBuscas licenciar contenido? Haz clic <a href=\"https:\/\/profesional.elpais.com\/soluciones-sindicacion?utm_medium=interno&amp;utm_source=crosslinking&amp;utm_campaign=sindicacion_as_pie_articulos\" target=\"_blank\" rel=\"nofollow noopener\" title=\"https:\/\/profesional.elpais.com\/soluciones-sindicacion?utm_medium=interno&amp;utm_source=crosslinking&amp;utm_campaign=sindicacion_as_pie_articulos\">aqu\u00ed<\/a><\/p>\n","protected":false},"excerpt":{"rendered":"Estados Unidos ya tiene su equipo al completo para la pr\u00f3xima Ryder Cup&#8230; y Keegan Bradley solo figurar\u00e1&hellip;\n","protected":false},"author":2,"featured_media":86722,"comment_status":"","ping_status":"","sticky":false,"template":"","format":"standard","meta":{"footnotes":""},"categories":[275],"tags":[168,25,24,329,23,167],"class_list":{"0":"post-86721","1":"post","2":"type-post","3":"status-publish","4":"format-standard","5":"has-post-thumbnail","7":"category-golf","8":"tag-deportes","9":"tag-es","10":"tag-espana","11":"tag-golf","12":"tag-spain","13":"tag-sports"},"share_on_mastodon":{"url":"","error":""},"_links":{"self":[{"href":"https:\/\/www.europesays.com\/es\/wp-json\/wp\/v2\/posts\/86721","targetHints":{"allow":["GET"]}}],"collection":[{"href":"https:\/\/www.europesays.com\/es\/wp-json\/wp\/v2\/posts"}],"about":[{"href":"https:\/\/www.europesays.com\/es\/wp-json\/wp\/v2\/types\/post"}],"author":[{"embeddable":true,"href":"https:\/\/www.europesays.com\/es\/wp-json\/wp\/v2\/users\/2"}],"replies":[{"embeddable":true,"href":"https:\/\/www.europesays.com\/es\/wp-json\/wp\/v2\/comments?post=86721"}],"version-history":[{"count":0,"href":"https:\/\/www.europesays.com\/es\/wp-json\/wp\/v2\/posts\/86721\/revisions"}],"wp:featuredmedia":[{"embeddable":true,"href":"https:\/\/www.europesays.com\/es\/wp-json\/wp\/v2\/media\/86722"}],"wp:attachment":[{"href":"https:\/\/www.europesays.com\/es\/wp-json\/wp\/v2\/media?parent=86721"}],"wp:term":[{"taxonomy":"category","embeddable":true,"href":"https:\/\/www.europesays.com\/es\/wp-json\/wp\/v2\/categories?post=86721"},{"taxonomy":"post_tag","embeddable":true,"href":"https:\/\/www.europesays.com\/es\/wp-json\/wp\/v2\/tags?post=86721"}],"curies":[{"name":"wp","href":"https:\/\/api.w.org\/{rel}","templated":true}]}}