{"id":86762,"date":"2025-09-01T19:44:08","date_gmt":"2025-09-01T19:44:08","guid":{"rendered":"https:\/\/www.europesays.com\/es\/86762\/"},"modified":"2025-09-01T19:44:08","modified_gmt":"2025-09-01T19:44:08","slug":"los-fondos-valoran-mclaren-racing-en-3-500-millones-expansion","status":"publish","type":"post","link":"https:\/\/www.europesays.com\/es\/86762\/","title":{"rendered":"Los fondos valoran McLaren Racing en 3.500 millones &#8211; Expansi\u00f3n"},"content":{"rendered":"<ol>\n<li><a href=\"https:\/\/news.google.com\/rss\/articles\/CBMiiAFBVV95cUxNZWxGQzIxTk85SEY4NHlyRnZkN2VFTDl4YVE3dS1VclhWOUNpTWVSRndMVUF4TGw1S0htQXFoNlhiU1JOX0RTVWJnRmpSSDhwYkNyQ2RCeFUtZ25Wc0lsQWdITmxQOWNNSHM4aG1qWUM4emhqNGlqSWFYS3VvaVpPR0JLNkEtU3ph0gGIAUFVX3lxTE0zbEUyd2RudDNSY3pjb1AzZXlYb2FOT0NRQVpPUE5Xb0VNcnlpSUxJNFJrTVNvNlpCU1VxZU5xdjU4WWtSZU1rSDJaUFhXaDE0cHo2ZlVFQ2xDZTBZdlJ0bkstbjg2X2dZbTRfc1JtZTZxZENRemFTd2FYTDBfZzZ6aU1vVzhyeV8?oc=5\" target=\"_blank\" rel=\"nofollow noopener\">Los fondos valoran McLaren Racing en 3.500 millones<\/a>&nbsp;&nbsp;Expansi\u00f3n<\/li>\n<li><a href=\"https:\/\/news.google.com\/rss\/articles\/CBMitgFBVV95cUxPYWxzcXB6R1prb0FWQ2RtcGhPal9PV2VCRFRtWXI0WDNWcG5faEEzaDN0SW1mdTVvX0VyTmc5LWJtVk9LYjgyb3QzQXJjQ1BWUkxXdFlZYzd5OTNaYkVzVGhfQURPRWZCTGZIODJ6YWh1czB3cFdza3VDRkN3Sm9xN3dXUWR4LWdhUnZid0Qwa191ZDd4ZTZZbkQ4MXk3YUN0RDRWcGUxYkpoVC11MU9LdmpveTI1Z9IBuwFBVV95cUxPay1LZWQ3U29fR3NyM1pwMnJ2Mzg3MnZIT3UwQ3BGeUJsNllBMEZLZWdIbm81SW5kdDNzbWREOWxZX01ES2stVEVjSmdhUjg3elhnVUhlWTVRUmsteXd2VUxjTTl5SWlYMmttdmRmYUplaEdsZTNyVGx3Z1Fjd2Q5NU5Wc2N6NTZrRnpTOXk2WV9wYU9qMENsdEw5ZktFMWxCcS11cV9rSVJZWVFCbXhnT2l6UVFfdWItU2tR?oc=5\" target=\"_blank\" rel=\"nofollow noopener\">El boom de la F1 dispara a McLaren: sus due\u00f1os \u00e1rabes elevan la valoraci\u00f3n a 3.000 M<\/a>&nbsp;&nbsp;El Confidencial<\/li>\n<li><a href=\"https:\/\/news.google.com\/rss\/articles\/CBMizAFBVV95cUxOaFNEcVR0R3NUeFJtb05pRk51Z3U1WFZKNFF0NzlmcTNrRURzS1NwbHhJVzQzUHJiaFVfVTRpMnJNVllpQm5uMlpzOG5FakNzNXNmRlFsMU45X3VkdXNDSWpCMGtYR2dLVlY1ektBbVl0Uk5ucnZnZGRsWWlsVDU2T3NWRjJObGd5ek1TLV9SdkRQRENyOEg1VFBjTVN3LTFfMHMtZ3Q0eXB0SjRYcXIycERPa0owaHNxWUxFWE41VmtJaVBkTDdRSno2UUQ?oc=5\" target=\"_blank\" rel=\"nofollow noopener\">McLaren \u2018arrasa\u2019 con Piastri en la pista&#8230; y en fondos de inversiones: Valor se disparar\u00e1 a 4.1 mil mdd<\/a>&nbsp;&nbsp;El Financiero<\/li>\n<li><a href=\"https:\/\/news.google.com\/rss\/articles\/CBMiywFBVV95cUxQNGZ3V2tRTkNfTU93b2Q5aDFnVTMwM2hrNEsxeG5rV1dIVm1wbHFjOTB3TFh1MFZQOEhoaTNneFhXTlVZbl9rUngydjB3WXBIREMyeklzMUg4QlpucnlOZUZtNGtnNDdsVkpDNTFDSmlid0RiUkF4TjMwY0ZLU3N0WDA2aDNBQi05WUdqckxNdElveDVWakJvUUJZTE9CRDhDUTBLQ08tVHpZX08tek1rS2cyREg5YkNxTUFjblF6bFNqdzN5cWE1cldUYw?oc=5\" target=\"_blank\" rel=\"nofollow noopener\">McLaren va por valoraci\u00f3n de 3,000 millones de libras con arribo de inversionistas de Medio Oriente<\/a>&nbsp;&nbsp;EL CEO<\/li>\n<li><a href=\"https:\/\/news.google.com\/rss\/articles\/CBMigwFBVV95cUxQZXM3VkRkSEZ3YjVwRWZuM0Z0SFpDZk9sN2lJZ2J1Ym9GZTUtcmdtR2luOWlfM1BDbUtLSnB2bUJObHNBdDFDMktSdUZLaWR2Rkh3QkxiNGh0WkZidlFZZkdEZklmeHd4MW5OdUJqTmUxcFpDR2RSYVFzdmxVa3ZVNHBUUQ?oc=5\" target=\"_blank\" rel=\"nofollow noopener\">Valoran a equipo McLaren de F1 en 4,100 mdd<\/a>&nbsp;&nbsp;Reforma<\/li>\n<\/ol>\n","protected":false},"excerpt":{"rendered":"Los fondos valoran McLaren Racing en 3.500 millones&nbsp;&nbsp;Expansi\u00f3n El boom de la F1 dispara a McLaren: sus due\u00f1os&hellip;\n","protected":false},"author":2,"featured_media":86763,"comment_status":"","ping_status":"","sticky":false,"template":"","format":"standard","meta":{"footnotes":""},"categories":[270],"tags":[168,2308,32085,25,24,306,271,272,2362,23,167],"class_list":{"0":"post-86762","1":"post","2":"type-post","3":"status-publish","4":"format-standard","5":"has-post-thumbnail","7":"category-formula-1","8":"tag-deportes","9":"tag-empresas","10":"tag-empresas-motor","11":"tag-es","12":"tag-espana","13":"tag-f1","14":"tag-formula-1","15":"tag-formula1","16":"tag-motor","17":"tag-spain","18":"tag-sports"},"share_on_mastodon":{"url":"","error":""},"_links":{"self":[{"href":"https:\/\/www.europesays.com\/es\/wp-json\/wp\/v2\/posts\/86762","targetHints":{"allow":["GET"]}}],"collection":[{"href":"https:\/\/www.europesays.com\/es\/wp-json\/wp\/v2\/posts"}],"about":[{"href":"https:\/\/www.europesays.com\/es\/wp-json\/wp\/v2\/types\/post"}],"author":[{"embeddable":true,"href":"https:\/\/www.europesays.com\/es\/wp-json\/wp\/v2\/users\/2"}],"replies":[{"embeddable":true,"href":"https:\/\/www.europesays.com\/es\/wp-json\/wp\/v2\/comments?post=86762"}],"version-history":[{"count":0,"href":"https:\/\/www.europesays.com\/es\/wp-json\/wp\/v2\/posts\/86762\/revisions"}],"wp:featuredmedia":[{"embeddable":true,"href":"https:\/\/www.europesays.com\/es\/wp-json\/wp\/v2\/media\/86763"}],"wp:attachment":[{"href":"https:\/\/www.europesays.com\/es\/wp-json\/wp\/v2\/media?parent=86762"}],"wp:term":[{"taxonomy":"category","embeddable":true,"href":"https:\/\/www.europesays.com\/es\/wp-json\/wp\/v2\/categories?post=86762"},{"taxonomy":"post_tag","embeddable":true,"href":"https:\/\/www.europesays.com\/es\/wp-json\/wp\/v2\/tags?post=86762"}],"curies":[{"name":"wp","href":"https:\/\/api.w.org\/{rel}","templated":true}]}}