{"id":86821,"date":"2025-09-01T20:18:09","date_gmt":"2025-09-01T20:18:09","guid":{"rendered":"https:\/\/www.europesays.com\/es\/86821\/"},"modified":"2025-09-01T20:18:09","modified_gmt":"2025-09-01T20:18:09","slug":"trancas-y-barrancas-pregoneras-en-madrid-las-mascotas-de-el-hormiguero-abriran-las-fiestas-de-canillejas-en-2025","status":"publish","type":"post","link":"https:\/\/www.europesays.com\/es\/86821\/","title":{"rendered":"Trancas y Barrancas, pregoneras en Madrid: las mascotas de &#8216;El Hormiguero&#8217; abrir\u00e1n las fiestas de Canillejas en 2025"},"content":{"rendered":"<p class=\"article-text\">\n        Las fiestas de Canillejas en honor su patrona, Santa Mar\u00eda La Blanca, arrancan este viernes 5 de septiembre con el tradicional preg\u00f3n, que este a\u00f1o correr\u00e1 a cargo de tres personajes televisivos muy reconocibles. Los encargados de dar el pistoletazo de salida a los festejos ser\u00e1n Marron y las inseparables Trancas y Barrancas, colaboradores del programa El Hormiguero, dirigido por Pablo Motos.\n    <\/p>\n<p>    <a href=\"https:\/\/www.eldiario.es\/madrid\/somos\/protesta-pp-mafia-fiestas-madrid-dj-pulpo-comienza-gira-contratos-publicos-almeida-dehesa_1_12398225.html\" data-mrf-recirculation=\"saber-mas\" data-dl-event=\"saber-mas\" rel=\"nofollow noopener\" target=\"_blank\"><\/p>\n<p class=\"know-more__title\">De la protesta del PP contra \u00abla mafia\u00bb a las fiestas de la Dehesa: DJ Pulpo arranca su gira de contratos p\u00fablicos con Almeida<\/p>\n<p>            <img decoding=\"async\" class=\"lazy\" loading=\"lazy\" data-src=\"https:\/\/static.eldiario.es\/clip\/11b58a4a-9e5d-4817-a1bc-a828dac30c83_16-9-aspect-ratio_default_0.jpg\" src=\"data:image\/svg+xml,%3Csvg xmlns=\" http:=\"\" viewbox=\"0 0 880 495\" alt=\"De la protesta del PP contra &quot;la mafia&quot; a las fiestas de la Dehesa: DJ Pulpo arranca su gira de contratos p\u00fablicos con Almeida\"\/><\/p>\n<p>                        <\/a><\/p>\n<p class=\"article-text\">\n        La elecci\u00f3n de Marron y las hormigas no es casual. Muy cerca del barrio de Canillejas se encuentra el plat\u00f3 donde se graba El Hormiguero, en la sede de la productora 7 y acci\u00f3n, situada en la calle Alcal\u00e1 518, a escasos metros del metro de Suanzes. Aunque el programa se emite en Antena 3, estas instalaciones se encuentran a unos 20 kil\u00f3metros de la sede central de la cadena, lo que no ha impedido que desde all\u00ed se geste uno de sus formatos estrella.\n    <\/p>\n<p class=\"article-text\">\n        Las hormigas tomar\u00e1n el relevo los miembros de un centro ocupacional, elegidos como pregoneros de las fiestas en 2024. Un a\u00f1o antes, en 2023, cuando las fiestas regresaron tras un par\u00f3n de tres a\u00f1os por la pandemia, el preg\u00f3n corri\u00f3 a cargo de las futbolistas Irene Guerrero y Eva Navarro, jugadoras de la selecci\u00f3n espa\u00f1ola y, en aquel momento, del Atl\u00e9tico de Madrid Femenino.\n    <\/p>\n<p class=\"article-text\">\n        Adem\u00e1s, Trancas y Barrancas ya tienen experiencia como pregoneras. En 2023 lo hicieron en el carnaval de Ciudad Real, y un a\u00f1o despu\u00e9s, en 2024, repitieron papel en el <a href=\"https:\/\/www.eldiario.es\/extremadura\/badajoz\/trancas-barrancas-pregonaran-carnaval-badajoz-9-febrero_1_10847351.html\" target=\"_blank\" data-mrf-recirculation=\"links-noticia\" class=\"link\" rel=\"nofollow noopener\">carnaval de Badajoz<\/a>.\n    <\/p>\n<blockquote class=\"tiktok-embed\" cite=\"https:\/\/www.tiktok.com\/@carnavaldebadajozoficial\/video\/7325391250939464992\" data-video-id=\"7325391250939464992\" style=\"max-width: 605px;min-width: 325px;\"><p>  <a target=\"_blank\" title=\"@carnavaldebadajozoficial\" href=\"https:\/\/www.tiktok.com\/@carnavaldebadajozoficial?refer=embed\" rel=\"nofollow noopener\">@carnavaldebadajozoficial<\/a> &#8211; \u00bfSabe usted qu\u00e9 es lo que quiero?   &#8211; \u00a1De Badajoz ser el pregonero! Juan Ib\u00e1\u00f1ez y Dami\u00e1n Moll\u00e1 pregoneros oficiales del #CarnavaldeBadajoz @el_hormiguero  #TrancasyBarrancas #Badajoz #sabeustedqueesloquequiero #pregon2024 <a title=\"parati\" target=\"_blank\" href=\"https:\/\/www.tiktok.com\/tag\/parati?refer=embed\" rel=\"nofollow noopener\">#parati<\/a> <a title=\"foryou\" target=\"_blank\" href=\"https:\/\/www.tiktok.com\/tag\/foryou?refer=embed\" rel=\"nofollow noopener\">#foryou<\/a> #venavivirlo <a title=\"elhormiguero\" target=\"_blank\" href=\"https:\/\/www.tiktok.com\/tag\/elhormiguero?refer=embed\" rel=\"nofollow noopener\">#elhormiguero<\/a> <a target=\"_blank\" title=\"\u266c sonido original  - Carnaval de Badajoz\" href=\"https:\/\/www.tiktok.com\/music\/sonido-original-Carnaval-de-Badajoz-7325391304899611425?refer=embed\" rel=\"nofollow noopener\">\u266c sonido original  &#8211; Carnaval de Badajoz<\/a>  <\/p><\/blockquote>\n<p class=\"article-text\">\n        Detr\u00e1s de estas chistosas hormigas est\u00e1n los guionistas y presentadores Juan Ib\u00e1\u00f1ez (Trancas) y Dami\u00e1n Moll\u00e1 (Barrancas), piezas fundamentales en el engranaje del programa. Ambos son responsables de parte del guion y tambi\u00e9n participan en distintas secciones, aportando el ingenio que ha hecho tan reconocibles a sus personajes.\n    <\/p>\n<p class=\"article-text\">\n        El tercer protagonista del preg\u00f3n ser\u00e1 Jorge Marr\u00f3n, conocido popularmente como Marron. El madrile\u00f1o, nacido en Carabanchel, es uno de los colaboradores m\u00e1s veteranos de El Hormiguero. En el programa se encarga de presentar los experimentos de ciencia, una de las secciones m\u00e1s seguidas cada noche. Su trayectoria junto a Pablo Motos se remonta a mucho antes de la televisi\u00f3n: form\u00f3 parte del equipo de No somos nadie, el matinal de M80 Radio con el que ganaron un Premio Ondas en 2006.\n    <\/p>\n<p>            <img decoding=\"async\" class=\"lazy\" loading=\"lazy\" data-src=\"https:\/\/static.eldiario.es\/clip\/13a138c0-f2d9-4303-bc8e-cddff810b137_16-9-discover-aspect-ratio_default_0.jpg\" src=\"data:image\/svg+xml,%3Csvg xmlns=\" http:=\"\" viewbox=\"0 0 1200 675\" alt=\"Marron junto a Pablo Motos en 'El Hormiguero'\"\/><\/p>\n<p class=\"article-text\">\n        Fue el propio Marron quien recomend\u00f3 a Motos a sus amigos Juan y Dami\u00e1n, que posteriormente pasaron a dar vida a las famosas hormigas. Aunque su papel siempre fue relevante, dio un salto definitivo en 2010, cuando tom\u00f3 el relevo de Flipy y se consolid\u00f3 como uno de los fijos del programa.\n    <\/p>\n<p>    <a href=\"https:\/\/www.eldiario.es\/madrid\/somos\/henry-mendez-reguetonero-odia-rojos-encadena-contratos-almeida-fiestas-distritos_1_12559236.html\" data-mrf-recirculation=\"saber-mas-abajo\" data-dl-event=\"saber-mas-abajo\" rel=\"nofollow noopener\" target=\"_blank\"><\/p>\n<p class=\"know-more__title\">Henry M\u00e9ndez, el reguetonero que \u201codia a los rojos\u201d y encadena contratos con Almeida para las fiestas en los distritos\n<\/p>\n<p>            <img decoding=\"async\" class=\"lazy\" loading=\"lazy\" data-src=\"https:\/\/static.eldiario.es\/clip\/64bb5ed5-3ca2-416d-a223-7a7fb91fd684_16-9-aspect-ratio_default_0.jpg\" src=\"data:image\/svg+xml,%3Csvg xmlns=\" http:=\"\" viewbox=\"0 0 880 495\" alt=\"Henry M\u00e9ndez, el reguetonero que &quot;odia a los rojos&quot; y encadena contratos con Almeida para las fiestas en los distritos\"\/><\/p>\n<p>                        <\/a><\/p>\n<p class=\"article-text\">\n        El preg\u00f3n de las hormigas y el colaborador dar\u00e1 paso a un fin de semana festivo en el barrio madrile\u00f1o con una programaci\u00f3n en la que se cuelan Kuve, Wally L\u00f3pez y Modestia Aparte, junto a otras propuestas de car\u00e1cter vecinal.\n    <\/p>\n<p class=\"article-text\">Recibe las noticias m\u00e1s importantes de Madrid con un bolet\u00edn escrito para ti, todos los viernes en tu correo. <a href=\"https:\/\/www.eldiario.es\/madrid\/somos\/boletin\/\" rel=\"nofollow noopener\" target=\"_blank\">Ap\u00fantate aqu\u00ed<\/a> y rec\u00edbelas junto a los mejores planes para el fin de semana. Tambi\u00e9n puedes seguirnos desde tu red social preferida, en <a href=\"https:\/\/www.facebook.com\/diariosomosmadrid\/\" target=\"_blank\" rel=\"nofollow noopener\">Facebook<\/a>, <a href=\"https:\/\/bsky.app\/profile\/somosmadrid.bsky.social\" target=\"_blank\" rel=\"nofollow noopener\">Bluesky<\/a> o <a href=\"https:\/\/www.instagram.com\/somos.madrid\/\" target=\"_blank\" rel=\"nofollow noopener\">Instagram<\/a><\/p>\n<p>                                    <script async src=\"\/\/www.instagram.com\/embed.js\"><\/script><script async src=\"\/\/www.tiktok.com\/embed.js\"><\/script><\/p>\n","protected":false},"excerpt":{"rendered":"Las fiestas de Canillejas en honor su patrona, Santa Mar\u00eda La Blanca, arrancan este viernes 5 de septiembre&hellip;\n","protected":false},"author":2,"featured_media":86822,"comment_status":"","ping_status":"","sticky":false,"template":"","format":"standard","meta":{"footnotes":""},"categories":[91],"tags":[45,32093,32091,32094,146,147,25,24,43,17775,205,1345,32092,23,32090],"class_list":{"0":"post-86821","1":"post","2":"type-post","3":"status-publish","4":"format-standard","5":"has-post-thumbnail","7":"category-entretenimiento","8":"tag-45","9":"tag-abriran","10":"tag-barrancas","11":"tag-canillejas","12":"tag-entertainment","13":"tag-entretenimiento","14":"tag-es","15":"tag-espana","16":"tag-fiestas","17":"tag-hormiguero","18":"tag-madrid","19":"tag-mascotas","20":"tag-pregoneras","21":"tag-spain","22":"tag-trancas"},"share_on_mastodon":{"url":"","error":""},"_links":{"self":[{"href":"https:\/\/www.europesays.com\/es\/wp-json\/wp\/v2\/posts\/86821","targetHints":{"allow":["GET"]}}],"collection":[{"href":"https:\/\/www.europesays.com\/es\/wp-json\/wp\/v2\/posts"}],"about":[{"href":"https:\/\/www.europesays.com\/es\/wp-json\/wp\/v2\/types\/post"}],"author":[{"embeddable":true,"href":"https:\/\/www.europesays.com\/es\/wp-json\/wp\/v2\/users\/2"}],"replies":[{"embeddable":true,"href":"https:\/\/www.europesays.com\/es\/wp-json\/wp\/v2\/comments?post=86821"}],"version-history":[{"count":0,"href":"https:\/\/www.europesays.com\/es\/wp-json\/wp\/v2\/posts\/86821\/revisions"}],"wp:featuredmedia":[{"embeddable":true,"href":"https:\/\/www.europesays.com\/es\/wp-json\/wp\/v2\/media\/86822"}],"wp:attachment":[{"href":"https:\/\/www.europesays.com\/es\/wp-json\/wp\/v2\/media?parent=86821"}],"wp:term":[{"taxonomy":"category","embeddable":true,"href":"https:\/\/www.europesays.com\/es\/wp-json\/wp\/v2\/categories?post=86821"},{"taxonomy":"post_tag","embeddable":true,"href":"https:\/\/www.europesays.com\/es\/wp-json\/wp\/v2\/tags?post=86821"}],"curies":[{"name":"wp","href":"https:\/\/api.w.org\/{rel}","templated":true}]}}