{"id":86831,"date":"2025-09-01T20:23:04","date_gmt":"2025-09-01T20:23:04","guid":{"rendered":"https:\/\/www.europesays.com\/es\/86831\/"},"modified":"2025-09-01T20:23:04","modified_gmt":"2025-09-01T20:23:04","slug":"cierre-del-mercado-de-fichajes-en-directo-altas-bajas-rumores-y-ultima-hora-sobre-uche-laporte-y-donnarumma-el-espanol","status":"publish","type":"post","link":"https:\/\/www.europesays.com\/es\/86831\/","title":{"rendered":"Cierre del mercado de fichajes, en directo: altas, bajas, rumores y \u00faltima hora sobre Uche, Laporte y Donnarumma &#8211; El Espa\u00f1ol"},"content":{"rendered":"<ol>\n<li><a href=\"https:\/\/news.google.com\/rss\/articles\/CBMi6AFBVV95cUxQbXVyXzJfZGcxQ3FjMEFaLWRoSFJGOVBtTnZuX1JlOFlrNFZUUzE5UmxEUHNwTmJuWHd0VE14dTZMTVRfV1NjLUJITURwdFVDNWlUelVHRUtTYThmZE51Nmw5T2h2TE8tUUF2N2FGQ3BfQmVqYmZHVG9HZkxJWmxQWWpMQzJZenlKYUlPZU1jRXBqaEtjRzA1XzJyVHJJN1hsUGJMSU9mTjl2TXlFWmtDUlU5N3ptMU9PdTN3YW5PU3UtZjhBMFJTcEtUX0plUThSREpnTVZJV0E5YkJYQ2lpVHU1TW1mdm9z?oc=5\" target=\"_blank\" rel=\"nofollow noopener\">Cierre del mercado de fichajes, en directo: altas, bajas, rumores y \u00faltima hora sobre Uche, Laporte y Donnarumma<\/a>&nbsp;&nbsp;El Espa\u00f1ol<\/li>\n<li><a href=\"https:\/\/news.google.com\/rss\/articles\/CBMixAFBVV95cUxPMjlhTkc0X0NUbFJsQ0NIaWdxZVoxZHpldHBhemdCU1ZKUEJvUmUxZUpEaEdvM1ZHTWJXQl9EbWxZVmw2TGpPbmY4VERqNzlrS1hHbC1MWHBGbVFxM1BVMzJ3UFQzUGMtc3pRdzI5bWFrWUdObTk0cE9YeERKQlZKbW1jRjYwcDRKTFR2VUcydHc5dWdSRDVpWGdLZkdYSDJjMV8xUmhpUzc4NE1JdFZKZjRKRXB1MDJCRUpKZkJJbXM4SVo10gHYAUFVX3lxTE5LZVVUQUxtX3NuaXZhdVZLMkpLbVlCakJNSmJoUTFDT0hnRFIzVzNEckg1eUJmM1hIc2tRYjZ2ZFY4VzUyOUJIY3VUZlJCN05rMW9vd0RLUHdLZWg5LU1PNHd6TkI4bDViY1Fma2tPUkk2aURjMkVNUDd2QXh6eU5zcDhjQkR4NHVKcTFNNENjOHR5d3hkWG5CZDE3bTYyUnNERG5RR3R0UEV1YVFsSWZOX0Q0UHhvTXBOY1dzUnBVNm5nOTM5OUE0S2J0RkUtZ2J5dEZwRGtrTQ?oc=5\" target=\"_blank\" rel=\"nofollow noopener\">Mercado de fichajes, \u00faltimo d\u00eda en directo: cierre, altas y bajas de Real Madrid, Barcelona, Atl\u00e9tico&#8230;<\/a>&nbsp;&nbsp;Diario AS<\/li>\n<li><a href=\"https:\/\/news.google.com\/rss\/articles\/CBMiyAFBVV95cUxPUEthTzlCRjJmS1B0X2tjazNzWE9XNTR1aWZ4QzRqVC14TXJIdzJ3TmZIWlB6NHZNc3hLY0NuaFlfVjJ5cnpiXzBENDV3bnhBUlljVjlEN1NWejMxRFRHY1BPNlAyYW14WXlWS05OZ0x1NWdTSkxZaDFSS1ZOSFg4MGVnZzFldXBxNDRVS2tyaF9fSHM0X3FrcU9fb1lhaWRaX0lZeHdVQWRXSWVqSVRpSzRkSWcyQkhMQ2lzRFpRYTZMVHZHNXkzUtIB3AFBVV95cUxPZzhXcHZRNnBhdk4teS03Z1VpcjZEZDFSTzBXZVg2QjlpT2dORnFXMUdCZ1kwWTFOLTlkdmRISnc3SFl3Q1E0T3hEM0s4ZHNhWS1KRW1KcVpvaC1MNmw4cGdUT2JtOUFQMGt5WFN6QnZIMGVKNVBDeHAyMEt5WEpMU0o3RXk0eTNTVlFNMVdBQUZBVUo5WENJZS1wNHdHN3ZudHVLZzVCbDJMOW84QUFKTXRIV29kMWNFbUZGZ0FZdFp4R2YtMzZDUjNNQlc1Z2VYSmtSWWVFX3JDVHBK?oc=5\" target=\"_blank\" rel=\"nofollow noopener\">\u00daltimo d\u00eda del mercado de fichajes, en directo: Antony ya es del Betis, el Athletic aprieta por Laporte y Uche se marcha a la Premier League<\/a>&nbsp;&nbsp;Cadena SER<\/li>\n<li><a href=\"https:\/\/news.google.com\/rss\/articles\/CBMiuAFBVV95cUxOSC1KZXFKQkxaZjdGZW9uM2pSNUJvUng5dE1aRUU1QjlOcW5mQ1RvT3VJVFFPRjd0amdIcE5YeWtMbktkbzFZX05vY2xCTlAyc3dkakpMZllXMFExcnR4dnZfSmNZWEo3RDk3dWc3T0p5X2UtRUNnSTc2MG1Kd1c1bG5QYVpWQWlHNndQUWEwOWdMMllnWlVKZ1BjMkRwOGljNmJSMFJ5WlZfRDZhMGtQUnJGVVRnZE100gG4AUFVX3lxTE5kaDNTdEZsWHJwMjFUWGZxZkZTR2h3ZlpQOFh5V01JQXV1OGFyR2lvdXFMWmo3a3kta3ZMdkg4dVpuR2JwQkVGbENVUUFXYUlmT2d3VkYydWt3eEZKOVBtek44S1R3dUhacnNLWmx0U2J0Y0dWSU8ySXVaSlRIVFJQZ01Db190REtsOXdPcjRzRUlFT1Z5Ui1QN3Z2SF90SnFOVE1SRDJweWxZQ1RVbWM4aWwwWmZWMms?oc=5\" target=\"_blank\" rel=\"nofollow noopener\">Noticias Deportes 12:00 (01\/09\/25)<\/a>&nbsp;&nbsp;Onda Cero<\/li>\n<li><a href=\"https:\/\/news.google.com\/rss\/articles\/CBMiwgFBVV95cUxQWURvbWNqWWNaejIxU0hERXBvbWZUT3VGR3ZVaXpfdWJnRXpNZW9YUVVjdVlqUEJDd09YRVFVSmstaktabER2X0lQQW1GRzJzUTEyZDZtZTgta1JsMXFpTWlZQXZkM0dUY0IyRGoxVHBDVG9fVDdLa2FzZVJ6Njc3NkV2NFdkMHVKS0pSbVlMZ09jRGhXbFlrNmUydEpudnZ0VlVJVHM2aDlSVS1vS0NsWkNLVU9BSlZmUTNuYjhFc0Y4d9IB3gFBVV95cUxNV25saWRZbEVZT1B3RDJRNm5xQXRKaXZXTDlMMHN4QWRfSzgyYzN1M3YtZWpXRzZkcm9FTS05aGpaOC1jNVFaNi01NzU5aXNPbUNCMGItTkVDaWVNYzNOSFFyakRfejc3NjZUQldkUXZTRGtKUFFfQWY3QjBGOU9leXhFbkRURS00M3pFU1pGWTZ1OEN0UFZnUHNoQnFmV042eHJVUkNablJnWDhnc3JCXzNrSFBPUnNUYlZiOFkxa2xILXhRX1c3VjNKdENmSHZSY0xIWFNBTTFSUU1HQWc?oc=5\" target=\"_blank\" rel=\"nofollow noopener\">Nervios y locura en el cierre del mercado de fichajes<\/a>&nbsp;&nbsp;La Voz de Galicia<\/li>\n<\/ol>\n","protected":false},"excerpt":{"rendered":"Cierre del mercado de fichajes, en directo: altas, bajas, rumores y \u00faltima hora sobre Uche, Laporte y Donnarumma&nbsp;&nbsp;El&hellip;\n","protected":false},"author":2,"featured_media":86832,"comment_status":"","ping_status":"","sticky":false,"template":"","format":"standard","meta":{"footnotes":""},"categories":[5],"tags":[17,18,4526,168,25,24,881,13,14,285,11,19,20,4525,9,10,15,16,1240,7792,4523,23,12,21,22],"class_list":{"0":"post-86831","1":"post","2":"type-post","3":"status-publish","4":"format-standard","5":"has-post-thumbnail","7":"category-titulares","8":"tag-breaking-news","9":"tag-breakingnews","10":"tag-bundesliga","11":"tag-deportes","12":"tag-es","13":"tag-espana","14":"tag-fc-barcelona","15":"tag-featured-news","16":"tag-featurednews","17":"tag-fichajes","18":"tag-headlines","19":"tag-latest-news","20":"tag-latestnews","21":"tag-ligue-1","22":"tag-news","23":"tag-noticias","24":"tag-noticias-destacadas","25":"tag-noticiasdestacadas","26":"tag-premier-league","27":"tag-real-madrid-cf","28":"tag-serie-a","29":"tag-spain","30":"tag-titulares","31":"tag-ultimas-noticias","32":"tag-ultimasnoticias"},"share_on_mastodon":{"url":"","error":""},"_links":{"self":[{"href":"https:\/\/www.europesays.com\/es\/wp-json\/wp\/v2\/posts\/86831","targetHints":{"allow":["GET"]}}],"collection":[{"href":"https:\/\/www.europesays.com\/es\/wp-json\/wp\/v2\/posts"}],"about":[{"href":"https:\/\/www.europesays.com\/es\/wp-json\/wp\/v2\/types\/post"}],"author":[{"embeddable":true,"href":"https:\/\/www.europesays.com\/es\/wp-json\/wp\/v2\/users\/2"}],"replies":[{"embeddable":true,"href":"https:\/\/www.europesays.com\/es\/wp-json\/wp\/v2\/comments?post=86831"}],"version-history":[{"count":0,"href":"https:\/\/www.europesays.com\/es\/wp-json\/wp\/v2\/posts\/86831\/revisions"}],"wp:featuredmedia":[{"embeddable":true,"href":"https:\/\/www.europesays.com\/es\/wp-json\/wp\/v2\/media\/86832"}],"wp:attachment":[{"href":"https:\/\/www.europesays.com\/es\/wp-json\/wp\/v2\/media?parent=86831"}],"wp:term":[{"taxonomy":"category","embeddable":true,"href":"https:\/\/www.europesays.com\/es\/wp-json\/wp\/v2\/categories?post=86831"},{"taxonomy":"post_tag","embeddable":true,"href":"https:\/\/www.europesays.com\/es\/wp-json\/wp\/v2\/tags?post=86831"}],"curies":[{"name":"wp","href":"https:\/\/api.w.org\/{rel}","templated":true}]}}